{"id":276493,"date":"2025-07-27T02:43:17","date_gmt":"2025-07-27T02:43:17","guid":{"rendered":"https:\/\/www.europesays.com\/fr\/276493\/"},"modified":"2025-07-27T02:43:17","modified_gmt":"2025-07-27T02:43:17","slug":"le-plan-de-trump-pour-remporter-la-course-a-lia","status":"publish","type":"post","link":"https:\/\/www.europesays.com\/fr\/276493\/","title":{"rendered":"Le plan de Trump pour remporter la course \u00e0 l\u2019IA"},"content":{"rendered":"\n<p>Balayant les risques que soul\u00e8ve l\u2019intelligence artificielle (IA), Donald Trump a annonc\u00e9 [le mercredi 23\u00a0juillet] une s\u00e9rie de mesures visant \u00e0 encourager les investissements du secteur priv\u00e9 dans cette technologie.<\/p>\n<p>Cette d\u00e9cision refl\u00e8te l\u2019inqui\u00e9tude \u2013 partag\u00e9e autant par les d\u00e9mocrates que par les conservateurs \u2013 de voir les \u00c9tats-Unis perdre leur avance sur la Chine dans le d\u00e9veloppement et les applications de l\u2019IA. L\u2019un des objectifs affich\u00e9s de P\u00e9kin est en effet de devenir num\u00e9ro un de l\u2019IA d\u2019ici \u00e0 2030.<\/p>\n<p>\u00c0 Washington, s\u2019adressant aux l\u00e9gislateurs ainsi qu\u2019aux principaux responsables de ce secteur, le pr\u00e9sident am\u00e9ricain a pr\u00e9sent\u00e9 un plan d\u2019action pour assouplir les r\u00e9glementations, d\u00e9velopper les infrastructures pour cette industrie hautement \u00e9nergivore et soutenir les exportations technologiques am\u00e9ricaines.<\/p>\n<p>Lors d\u2019un sommet sur l\u2019\u00e9nergie et l\u2019innovation, Trump a d\u00e9clar\u00e9\u00a0:<\/p>\n<blockquote><p>\u201cL\u2019Am\u00e9rique doit de nouveau \u00eatre le pays o\u00f9 les innovateurs sont r\u00e9compens\u00e9s par des autorisations, et pas \u00e9trangl\u00e9s par l\u2019administration.\u201d<\/p><\/blockquote>\n<p>La menace chinoise tend \u00e0 f\u00e9d\u00e9rer les dirigeants d\u2019entreprise et les l\u00e9gislateurs am\u00e9ricains, car l\u2019IA pourrait offrir des avantages militaires, \u00e9conomiques et g\u00e9opolitiques d\u00e9cisifs \u00e0 la puissance qui s\u2019imposera sur ce terrain.<\/p>\n<p> Des tendances inqui\u00e9tantes <\/p>\n<p>\u201cUne IA <\/p>\n","protected":false},"excerpt":{"rendered":"Balayant les risques que soul\u00e8ve l\u2019intelligence artificielle (IA), Donald Trump a annonc\u00e9 [le mercredi 23\u00a0juillet] une s\u00e9rie de&hellip;\n","protected":false},"author":2,"featured_media":276494,"comment_status":"","ping_status":"","sticky":false,"template":"","format":"standard","meta":{"footnotes":""},"categories":[1589],"tags":[11,3822,75,73,1866,1892,3995,12,2542,770,1864,1865,1863,308],"class_list":{"0":"post-276493","1":"post","2":"type-post","3":"status-publish","4":"format-standard","5":"has-post-thumbnail","7":"category-etats-unis","8":"tag-actualites","9":"tag-amu00e9riques","10":"tag-donald-trump","11":"tag-etats-unis","12":"tag-etats-unis-damerique","13":"tag-gu00e9opolitique","14":"tag-intelligence-artificielle-ia","15":"tag-news","16":"tag-u00e9conomie","17":"tag-u00e9tats-unis","18":"tag-united-states","19":"tag-united-states-of-america","20":"tag-us","21":"tag-usa"},"share_on_mastodon":{"url":"https:\/\/pubeurope.com\/@fr\/114922900897539436","error":""},"_links":{"self":[{"href":"https:\/\/www.europesays.com\/fr\/wp-json\/wp\/v2\/posts\/276493","targetHints":{"allow":["GET"]}}],"collection":[{"href":"https:\/\/www.europesays.com\/fr\/wp-json\/wp\/v2\/posts"}],"about":[{"href":"https:\/\/www.europesays.com\/fr\/wp-json\/wp\/v2\/types\/post"}],"author":[{"embeddable":true,"href":"https:\/\/www.europesays.com\/fr\/wp-json\/wp\/v2\/users\/2"}],"replies":[{"embeddable":true,"href":"https:\/\/www.europesays.com\/fr\/wp-json\/wp\/v2\/comments?post=276493"}],"version-history":[{"count":0,"href":"https:\/\/www.europesays.com\/fr\/wp-json\/wp\/v2\/posts\/276493\/revisions"}],"wp:featuredmedia":[{"embeddable":true,"href":"https:\/\/www.europesays.com\/fr\/wp-json\/wp\/v2\/media\/276494"}],"wp:attachment":[{"href":"https:\/\/www.europesays.com\/fr\/wp-json\/wp\/v2\/media?parent=276493"}],"wp:term":[{"taxonomy":"category","embeddable":true,"href":"https:\/\/www.europesays.com\/fr\/wp-json\/wp\/v2\/categories?post=276493"},{"taxonomy":"post_tag","embeddable":true,"href":"https:\/\/www.europesays.com\/fr\/wp-json\/wp\/v2\/tags?post=276493"}],"curies":[{"name":"wp","href":"https:\/\/api.w.org\/{rel}","templated":true}]}}