{"id":276495,"date":"2025-07-27T02:44:15","date_gmt":"2025-07-27T02:44:15","guid":{"rendered":"https:\/\/www.europesays.com\/fr\/276495\/"},"modified":"2025-07-27T02:44:15","modified_gmt":"2025-07-27T02:44:15","slug":"royaume-uni-coup-de-mou-sur-la-croissance-en-juillet-dapres-les-pmi-24-07-2025-a-1116","status":"publish","type":"post","link":"https:\/\/www.europesays.com\/fr\/276495\/","title":{"rendered":"Royaume-Uni: coup de mou sur la croissance en juillet, d&rsquo;apr\u00e8s les PMI &#8211; 24\/07\/2025 \u00e0 11:16"},"content":{"rendered":"<p>                                                                (Zonebourse.com) &#8211; La croissance du secteur priv\u00e9 a ralenti au Royaume-Uni en juillet, signifiant que le second semestre a d\u00e9marr\u00e9 sur une note de morosit\u00e9 au sein des entreprises britanniques, \u00e0 en croire les r\u00e9sultats pr\u00e9liminaires de l&rsquo;enqu\u00eate PMI de S&amp;P Global publi\u00e9e jeudi.<\/p>\n<p>D&rsquo;apr\u00e8s ce rapport, l&rsquo;indice PMI composite &lsquo;flash&rsquo; mesurant \u00e0 la fois l&rsquo;activit\u00e9 dans les services et l&rsquo;industrie manufacturi\u00e8re est ressorti \u00e0 51 ce mois-ci, contre 52 en juin.\n<\/p>\n<p>Celui du secteur des services s&rsquo;est \u00e9tabli \u00e0 51,2 en juillet, contre 52,8 le mois dernier, tandis que le PMI manufacturier s&rsquo;est redress\u00e9 de 47,7 \u00e0 48,8, tout en demeurant en zone de contraction puisque toujours bien inf\u00e9rieur au niveau des 50 points s\u00e9parant expansion et d\u00e9croissance de l&rsquo;activit\u00e9.\n<\/p>\n<p>Selon Chris Williamson, le chef \u00e9conomiste de S&amp;P Global Market Intelligence, ces chiffres laissent entrevoir une croissance d&rsquo;\u00e0 peine 0,1% sur une base trimestrielle, avec un risque orient\u00e9 \u00e0 la baisse pour ce qui concerne les mois qui viennent.\n<\/p>\n<p>&lsquo;La faiblesse de la croissance et les suppressions d&#8217;emplois persistantes vont accentuer la pression sur la Banque d&rsquo;Angleterre pour qu&rsquo;elle baisse \u00e0 nouveau ses taux en ao\u00fbt&rsquo;, estime l&rsquo;analyste.\n<\/p>\n<p>&lsquo;La trajectoire d\u00e9cevante observ\u00e9e au niveau de la croissance et du march\u00e9 du travail risque de peser de plus en plus dans ses d\u00e9cisions, poussant les responsables de la politique mon\u00e9taire \u00e0 ignorer la r\u00e9cente remont\u00e9e des prix pour se concentrer plut\u00f4t sur la relance de l&rsquo;\u00e9conomie&rsquo;, pr\u00e9dit Chris Williamson.<\/p>\n","protected":false},"excerpt":{"rendered":"(Zonebourse.com) &#8211; La croissance du secteur priv\u00e9 a ralenti au Royaume-Uni en juillet, signifiant que le second semestre&hellip;\n","protected":false},"author":2,"featured_media":2956,"comment_status":"","ping_status":"","sticky":false,"template":"","format":"standard","meta":{"footnotes":""},"categories":[1588],"tags":[400,11,398,408,405,1777,674,403,402,399,404,12,473,1853,401,406,1851,1850,1852,407],"class_list":{"0":"post-276495","1":"post","2":"type-post","3":"status-publish","4":"format-standard","5":"has-post-thumbnail","7":"category-royaume-uni","8":"tag-action-cac-40","9":"tag-actualites","10":"tag-bourse-de-paris","11":"tag-boursorama","12":"tag-cotations","13":"tag-eu","14":"tag-europe","15":"tag-indices-devises","16":"tag-investir","17":"tag-investissement","18":"tag-marche-boursier","19":"tag-news","20":"tag-royaume-uni","21":"tag-royaume-uni-de-grande-bretagne-et-dirlande-du-nord","22":"tag-sicav","23":"tag-trackers","24":"tag-uk","25":"tag-united-kingdom","26":"tag-united-kingdom-of-great-britain-and-northern-ireland","27":"tag-warrants"},"share_on_mastodon":{"url":"https:\/\/pubeurope.com\/@fr\/114922904960073109","error":""},"_links":{"self":[{"href":"https:\/\/www.europesays.com\/fr\/wp-json\/wp\/v2\/posts\/276495","targetHints":{"allow":["GET"]}}],"collection":[{"href":"https:\/\/www.europesays.com\/fr\/wp-json\/wp\/v2\/posts"}],"about":[{"href":"https:\/\/www.europesays.com\/fr\/wp-json\/wp\/v2\/types\/post"}],"author":[{"embeddable":true,"href":"https:\/\/www.europesays.com\/fr\/wp-json\/wp\/v2\/users\/2"}],"replies":[{"embeddable":true,"href":"https:\/\/www.europesays.com\/fr\/wp-json\/wp\/v2\/comments?post=276495"}],"version-history":[{"count":0,"href":"https:\/\/www.europesays.com\/fr\/wp-json\/wp\/v2\/posts\/276495\/revisions"}],"wp:featuredmedia":[{"embeddable":true,"href":"https:\/\/www.europesays.com\/fr\/wp-json\/wp\/v2\/media\/2956"}],"wp:attachment":[{"href":"https:\/\/www.europesays.com\/fr\/wp-json\/wp\/v2\/media?parent=276495"}],"wp:term":[{"taxonomy":"category","embeddable":true,"href":"https:\/\/www.europesays.com\/fr\/wp-json\/wp\/v2\/categories?post=276495"},{"taxonomy":"post_tag","embeddable":true,"href":"https:\/\/www.europesays.com\/fr\/wp-json\/wp\/v2\/tags?post=276495"}],"curies":[{"name":"wp","href":"https:\/\/api.w.org\/{rel}","templated":true}]}}