{"id":276498,"date":"2025-07-27T02:46:30","date_gmt":"2025-07-27T02:46:30","guid":{"rendered":"https:\/\/www.europesays.com\/fr\/276498\/"},"modified":"2025-07-27T02:46:30","modified_gmt":"2025-07-27T02:46:30","slug":"lunion-europeenne-veut-elle-imposer-un-quota-de-metres-carres-par-personne","status":"publish","type":"post","link":"https:\/\/www.europesays.com\/fr\/276498\/","title":{"rendered":"L\u2019Union europ\u00e9enne veut-elle imposer un quota de m\u00e8tres carr\u00e9s par personne\u00a0?"},"content":{"rendered":"<p>Et si bient\u00f4t nous ne pouvions plus choisir la taille de notre <a href=\"https:\/\/www.20minutes.fr\/dossier\/logement\" class=\"color-ultramarine c-link\" target=\"_blank\" rel=\"noopener\">logement<\/a>\u00a0? \u00ab\u00a0Le bureau europ\u00e9en de l\u2019environnement veut un quota de m\u00e8tres carr\u00e9s d\u2019habitation par personne \u00ab\u00a0pour sauver la plan\u00e8te\u00a0\u00bb\u00a0\u00bb, avancent des internautes sur les r\u00e9seaux sociaux ces derniers jours.<\/p>\n<p>Et selon ces derniers, les logements ne seraient pas bien grands\u00a0: \u00ab\u00a014 m\u00e8tres carr\u00e9s minimum \u00e0 20 m\u00e8tres carr\u00e9s maximum pour une personne seule et 40 \u00e0 80 m\u00e8tres carr\u00e9s pour un m\u00e9nage de 4 personnes.\u00a0\u00bb De quoi scandaliser sur X, et m\u00eame dans la sph\u00e8re politique.<\/p>\n<p class=\"mb-xxl@xs color-ultramarine font-weight-semi-bold@xs font-source-serif-pro heading-s@xs\">L\u2019acc\u00e8s \u00e0 ce contenu a \u00e9t\u00e9 bloqu\u00e9 afin de respecter votre choix de consentement<\/p>\n<p class=\"mb-m@xs text-l@xs\">En cliquant sur\u00ab J\u2019accepte \u00bb, vous acceptez le d\u00e9p\u00f4t de cookies par des services externes et aurez ainsi acc\u00e8s aux contenus de nos partenaires.<\/p>\n<p class=\"mb-xl@xs text-s@xs\">Plus d\u2019informations sur la page<a href=\"https:\/\/www.20minutes.fr\/gestion-cookies\" class=\"mx-xxs@xs color-ultramarine\" target=\"_blank\" rel=\"noopener\">Politique de gestion des cookies<\/a><\/p>\n<p>J\u2019accepte<\/p>\n<p><a href=\"https:\/\/www.20minutes.fr\/politique\/marine-le-pen\/\" class=\"color-ultramarine c-link\" target=\"_blank\" rel=\"noopener\">Marine Le\u00a0Pen<\/a> n\u2019a pas tard\u00e9 \u00e0 <a href=\"https:\/\/x.com\/MLP_officiel\/status\/1942642491129241997\" target=\"_blank\" class=\"color-ultramarine c-link\">r\u00e9agir\u00a0<\/a>: \u00ab\u00a0Et alors\u00a0?\u00a0! Vous allez obliger les Fran\u00e7ais \u00e0 cohabiter\u00a0?\u00a0! Vous allez leur imposer d\u2019h\u00e9berger des gens chez eux\u00a0?\u00a0! [\u2026] Non, mais \u00e7a devient l\u2019<a href=\"https:\/\/www.20minutes.fr\/dossier\/urss\" class=\"color-ultramarine c-link\" target=\"_blank\" rel=\"noopener\">URSS<\/a>\u00a0!\u00a0\u00bb<\/p>\n<p>FAKE OFF<\/p>\n<p>En r\u00e9alit\u00e9, cette pr\u00e9conisation vient d\u2019une <a href=\"https:\/\/www.insee.fr\/fr\/statistiques\/8606928#onglet-2\" target=\"_blank\" class=\"color-ultramarine c-link\" rel=\"noopener\">\u00e9tude de l\u2019Insee<\/a> publi\u00e9e le 8\u00a0juillet dernier et intitul\u00e9e\u00a0: \u00ab\u00a0Un quart des m\u00e9nages vivent dans un logement en sous\u2011occupation tr\u00e8s accentu\u00e9e\u00a0\u00bb. Selon celle-ci, les m\u00e9nages fran\u00e7ais auraient en moyenne trois pi\u00e8ces de plus que n\u00e9cessaire chez eux. La <a href=\"https:\/\/www.20minutes.fr\/dossier\/bretagne\" class=\"color-ultramarine c-link\" target=\"_blank\" rel=\"noopener\">Bretagne<\/a> serait d\u2019ailleurs la r\u00e9gion avec le plus de sous-occupation, alors qu\u2019\u00e0 l\u2019inverse en \u00cele-de-France le ph\u00e9nom\u00e8ne y serait peu fr\u00e9quent.<\/p>\n<p>Est consid\u00e9r\u00e9e comme sous-occup\u00e9 toute habitation qui comporte \u00ab\u00a0au moins trois pi\u00e8ces de plus par rapport aux besoins th\u00e9oriques\u00a0\u00bb. L\u2019institut estime que le minimum est d\u2019un s\u00e9jour et d\u2019une chambre par couple, ainsi que pour chaque habitant majeur et les fr\u00e8res et s\u0153urs de sexe diff\u00e9rent &#8211; sans compter la cuisine, salle de bains et toilettes \u00e9videmment.<\/p>\n<p>Les logements trop grands majoritairement chez les personnes \u00e2g\u00e9es<\/p>\n<p><a href=\"https:\/\/www.20minutes.fr\/economie\/insee\/\" class=\"color-ultramarine c-link\" target=\"_blank\" rel=\"noopener\">L\u2019Insee <\/a>analyse \u00e9galement\u00a0: \u00ab\u00a0Leurs logements ont pu devenir trop grands avec le d\u00e9part des enfants du domicile familial\u00a0\u00bb, puisque les habitants de ces r\u00e9sidences principales en partie vides sont majoritairement des personnes \u00e2g\u00e9es de 60 ans et plus, et occupant ce logement depuis plus de vingt ans. Mais toujours selon cette \u00e9tude, nombre d\u2019entre eux n\u2019envisagent pas de d\u00e9m\u00e9nager.<\/p>\n<p>L\u2019\u00e9tude a eu un large \u00e9cho puisqu\u2019elle a \u00e9t\u00e9 largement reprise dans les m\u00e9dias. Mais il s\u2019agit bien l\u00e0 d\u2019une \u00e9tude statistique. Rien \u00e0 voir donc avec une quelconque d\u00e9cision politique qui pourrait instaurer des quotas. Le logement n\u2019est d\u2019ailleurs pas une comp\u00e9tence de l\u2019<a href=\"https:\/\/www.20minutes.fr\/dossier\/ue\" class=\"color-ultramarine c-link\" target=\"_blank\" rel=\"noopener\">Union europ\u00e9enne<\/a>.<\/p>\n<p>Mais pourquoi les internautes parlent-ils d\u2019une volont\u00e9 du Bureau europ\u00e9en de l\u2019environnement\u00a0? Le BEE, f\u00e9d\u00e9ration qui regroupe 190 organisations non gouvernementales sur l\u2019environnement se r\u00e9unit r\u00e9guli\u00e8rement pour s\u2019attaquer aux probl\u00e8mes environnementaux. Le bureau d\u00e9fini des priorit\u00e9s, surveille et conseille l\u2019Union europ\u00e9enne.<\/p>\n<p>Un avis personnel d\u2019une chercheuse allemande<\/p>\n<p>En mai\u00a02021, \u00e0 l\u2019issue de l\u2019un de leurs webinaires, une chercheuse allemande a estim\u00e9\u00a0: \u00ab\u00a0Il faut commencer par d\u00e9finir un nombre de m\u00e8tres carr\u00e9s autoris\u00e9s par personne\u00a0\u00bb afin de \u00ab\u00a0limiter l\u2019impact\u00a0\u00bb de l\u2019immobilier sur l\u2019environnement.<\/p>\n<\/p>\n<p>Mais il ne s\u2019agissait pas l\u00e0 d\u2019une conclusion de cette r\u00e9union, mais bien d\u2019un avis personnel de Pia Mamut. Elle avait d\u2019ailleurs reconnu que cela \u00ab\u00a0ne peut pas \u00eatre simplement exig\u00e9\u00a0\u00bb et que cela \u00ab\u00a0n\u00e9cessite un processus d\u00e9mocratique et un accord sur les limites\u00a0\u00bb.<\/p>\n<p>D\u2019ailleurs, Stefan Moser, membre de la Direction g\u00e9n\u00e9rale de l\u2019\u00e9nergie pour la <a href=\"https:\/\/www.20minutes.fr\/dossier\/commission_europeenne\" class=\"color-ultramarine c-link\" target=\"_blank\" rel=\"noopener\">Commission europ\u00e9enne<\/a>, avait estim\u00e9 que ces limites ne pouvaient pas \u00eatre impos\u00e9es aux Europ\u00e9ens. En bref, des quotas de m\u00e8tres carr\u00e9s pour les logements ne sont pas pr\u00e8s d\u2019\u00eatre appliqu\u00e9s en <a href=\"https:\/\/www.20minutes.fr\/dossier\/europe\" class=\"color-ultramarine c-link\" target=\"_blank\" rel=\"noopener\">Europe<\/a>. Il s\u2019agit l\u00e0 d\u2019une nouvelle fausse information pour donner du cr\u00e9dit aux d\u00e9tracteurs de l\u2019Union europ\u00e9enne.<\/p>\n","protected":false},"excerpt":{"rendered":"Et si bient\u00f4t nous ne pouvions plus choisir la taille de notre logement\u00a0? \u00ab\u00a0Le bureau europ\u00e9en de l\u2019environnement&hellip;\n","protected":false},"author":2,"featured_media":276499,"comment_status":"","ping_status":"","sticky":false,"template":"","format":"standard","meta":{"footnotes":""},"categories":[1586],"tags":[47,11,9071,51,1777,674,840,1011,27,1116,2066,1908,12,25,104,555],"class_list":{"0":"post-276498","1":"post","2":"type-post","3":"status-publish","4":"format-standard","5":"has-post-thumbnail","7":"category-europe","8":"tag-actualite","9":"tag-actualites","10":"tag-appartement","11":"tag-ecologie","12":"tag-eu","13":"tag-europe","14":"tag-fake-off","15":"tag-fr","16":"tag-france","17":"tag-immobilier","18":"tag-insee","19":"tag-logement","20":"tag-news","21":"tag-republique-francaise","22":"tag-societe","23":"tag-union-europeenne-ue"},"share_on_mastodon":{"url":"https:\/\/pubeurope.com\/@fr\/114922912942261528","error":""},"_links":{"self":[{"href":"https:\/\/www.europesays.com\/fr\/wp-json\/wp\/v2\/posts\/276498","targetHints":{"allow":["GET"]}}],"collection":[{"href":"https:\/\/www.europesays.com\/fr\/wp-json\/wp\/v2\/posts"}],"about":[{"href":"https:\/\/www.europesays.com\/fr\/wp-json\/wp\/v2\/types\/post"}],"author":[{"embeddable":true,"href":"https:\/\/www.europesays.com\/fr\/wp-json\/wp\/v2\/users\/2"}],"replies":[{"embeddable":true,"href":"https:\/\/www.europesays.com\/fr\/wp-json\/wp\/v2\/comments?post=276498"}],"version-history":[{"count":0,"href":"https:\/\/www.europesays.com\/fr\/wp-json\/wp\/v2\/posts\/276498\/revisions"}],"wp:featuredmedia":[{"embeddable":true,"href":"https:\/\/www.europesays.com\/fr\/wp-json\/wp\/v2\/media\/276499"}],"wp:attachment":[{"href":"https:\/\/www.europesays.com\/fr\/wp-json\/wp\/v2\/media?parent=276498"}],"wp:term":[{"taxonomy":"category","embeddable":true,"href":"https:\/\/www.europesays.com\/fr\/wp-json\/wp\/v2\/categories?post=276498"},{"taxonomy":"post_tag","embeddable":true,"href":"https:\/\/www.europesays.com\/fr\/wp-json\/wp\/v2\/tags?post=276498"}],"curies":[{"name":"wp","href":"https:\/\/api.w.org\/{rel}","templated":true}]}}