{"id":276500,"date":"2025-07-27T02:47:15","date_gmt":"2025-07-27T02:47:15","guid":{"rendered":"https:\/\/www.europesays.com\/fr\/276500\/"},"modified":"2025-07-27T02:47:15","modified_gmt":"2025-07-27T02:47:15","slug":"jai-eu-des-gros-coups-de-fatigue-isack-hadjar-raconte-sa-decouverte-de-la-f1-avant-le-gp-de-spa-francorchamps","status":"publish","type":"post","link":"https:\/\/www.europesays.com\/fr\/276500\/","title":{"rendered":"\u00ab\u00a0J\u2019ai eu des gros coups de fatigue\u00a0\u00bb\u00a0: Isack Hadjar raconte sa d\u00e9couverte de la F1 avant le GP de Spa-Francorchamps"},"content":{"rendered":"<p class=\"paragraph text_align_left lp-f-body-02\">C\u2019est la bonne surprise fran\u00e7aise de l\u2019actuelle saison de Formule 1. Pour ses grands d\u00e9buts dans ce qui se fait de mieux en comp\u00e9tition automobile, Isack Hadjar, seulement 20 ans, confirme la confiance que l\u2019\u00e9quipe Racing Bulls, satellite de <a href=\"https:\/\/www.leparisien.fr\/sports\/formule-1\/formule-1-difficultes-chez-red-bull-depart-vers-mercedes-ou-retraite-anticipee-verstappen-a-un-tournant-06-07-2025-3HJKFFOSKVHWTGYEFWD7WYCKSA.php\" target=\"_blank\" rel=\"noreferrer nofollow noopener\">Red Bull Racing et Max Verstappen<\/a>, lui a donn\u00e9e.<\/p>\n<p class=\"paragraph text_align_left lp-f-body-02\">Grand admirateur de <a href=\"https:\/\/www.leparisien.fr\/sports\/formule-1\/lewis-hamilton\/\" target=\"_blank\" rel=\"noreferrer nofollow noopener\">Lewis Hamilton<\/a>, le Parisien, en difficult\u00e9 lors des trois derniers Grands Prix, va tenter de se relancer ce week-end sur le trac\u00e9 mythique de Spa en Belgique. Il partira ce dimanche (14h55, sur Canal +) en 8e position. Nous l\u2019avons rencontr\u00e9 lors de la pr\u00e9sentation de la 1re \u00e9dition du Red Bull Motormania, qui se d\u00e9roulera \u00e0 la mi-septembre \u00e0 Magny-Cours.<\/p>\n","protected":false},"excerpt":{"rendered":"C\u2019est la bonne surprise fran\u00e7aise de l\u2019actuelle saison de Formule 1. Pour ses grands d\u00e9buts dans ce qui&hellip;\n","protected":false},"author":2,"featured_media":276501,"comment_status":"","ping_status":"","sticky":false,"template":"","format":"standard","meta":{"footnotes":""},"categories":[1586],"tags":[11,1777,674,1779,1454,1011,27,12,25,60,1778,364],"class_list":{"0":"post-276500","1":"post","2":"type-post","3":"status-publish","4":"format-standard","5":"has-post-thumbnail","7":"category-europe","8":"tag-actualites","9":"tag-eu","10":"tag-europe","11":"tag-european-union","12":"tag-formule-1","13":"tag-fr","14":"tag-france","15":"tag-news","16":"tag-republique-francaise","17":"tag-sports","18":"tag-ue","19":"tag-union-europeenne"},"share_on_mastodon":{"url":"https:\/\/pubeurope.com\/@fr\/114922916739609983","error":""},"_links":{"self":[{"href":"https:\/\/www.europesays.com\/fr\/wp-json\/wp\/v2\/posts\/276500","targetHints":{"allow":["GET"]}}],"collection":[{"href":"https:\/\/www.europesays.com\/fr\/wp-json\/wp\/v2\/posts"}],"about":[{"href":"https:\/\/www.europesays.com\/fr\/wp-json\/wp\/v2\/types\/post"}],"author":[{"embeddable":true,"href":"https:\/\/www.europesays.com\/fr\/wp-json\/wp\/v2\/users\/2"}],"replies":[{"embeddable":true,"href":"https:\/\/www.europesays.com\/fr\/wp-json\/wp\/v2\/comments?post=276500"}],"version-history":[{"count":0,"href":"https:\/\/www.europesays.com\/fr\/wp-json\/wp\/v2\/posts\/276500\/revisions"}],"wp:featuredmedia":[{"embeddable":true,"href":"https:\/\/www.europesays.com\/fr\/wp-json\/wp\/v2\/media\/276501"}],"wp:attachment":[{"href":"https:\/\/www.europesays.com\/fr\/wp-json\/wp\/v2\/media?parent=276500"}],"wp:term":[{"taxonomy":"category","embeddable":true,"href":"https:\/\/www.europesays.com\/fr\/wp-json\/wp\/v2\/categories?post=276500"},{"taxonomy":"post_tag","embeddable":true,"href":"https:\/\/www.europesays.com\/fr\/wp-json\/wp\/v2\/tags?post=276500"}],"curies":[{"name":"wp","href":"https:\/\/api.w.org\/{rel}","templated":true}]}}