{"id":276508,"date":"2025-07-27T02:51:13","date_gmt":"2025-07-27T02:51:13","guid":{"rendered":"https:\/\/www.europesays.com\/fr\/276508\/"},"modified":"2025-07-27T02:51:13","modified_gmt":"2025-07-27T02:51:13","slug":"championnat-de-france-des-jeunes-une-derniere-journee-inoubliable","status":"publish","type":"post","link":"https:\/\/www.europesays.com\/fr\/276508\/","title":{"rendered":"Championnat de France des Jeunes : Une derni\u00e8re journ\u00e9e inoubliable"},"content":{"rendered":"<p>\u00ab Inattendu \u00bb est le premier mot employ\u00e9 par <strong>Z\u00e9lie Guilloux <\/strong>elle-m\u00eame pour qualifier sa victoire dans ce championnat U12 Filles, ce samedi sur le parcours du <strong>Montaplan<\/strong>. M\u00eame si elle ne se voyait pas comme une favorite en arrivant au Domaine du Gouverneur, la joueuse du Golf Club de Lyon voisin a r\u00e9ussi \u00e0 \u00e9lever son niveau de jeu cette semaine en gagnant non seulement la qualification, mais aussi &#8211; et surtout &#8211; la phase \u00e9liminatoire. Lors de la finale qui l&rsquo;a oppos\u00e9e \u00e0 <strong>Valentina Marciniak<\/strong> (Le Coudray-Montceaux), la jeune Lyonnaise, pass\u00e9e 2 up apr\u00e8s le 4, a su rester sereine quand son adversaire est revenue \u00e0 \u00e9galit\u00e9 d\u00e8s la sortie du 6. En toute fin de partie, le gain des trous n\u00b0 14, 15 et 17 lui a offert un troph\u00e9e peut-\u00eatre inattendu, mais amplement m\u00e9rit\u00e9 !<\/p>\n<p>C&rsquo;est<strong> Prune Diguerher <\/strong>(Roncemay) qui a re\u00e7u la m\u00e9daille de bronze apr\u00e8s avoir gagn\u00e9 la petite finale face \u00e0 <strong>Florence Helson<\/strong> (Terre Blanche) au 19e trou.<\/p>\n","protected":false},"excerpt":{"rendered":"\u00ab Inattendu \u00bb est le premier mot employ\u00e9 par Z\u00e9lie Guilloux elle-m\u00eame pour qualifier sa victoire dans ce&hellip;\n","protected":false},"author":2,"featured_media":276509,"comment_status":"","ping_status":"","sticky":false,"template":"","format":"standard","meta":{"footnotes":""},"categories":[1418],"tags":[1011,27,1472,60],"class_list":{"0":"post-276508","1":"post","2":"type-post","3":"status-publish","4":"format-standard","5":"has-post-thumbnail","7":"category-golf","8":"tag-fr","9":"tag-france","10":"tag-golf","11":"tag-sports"},"share_on_mastodon":{"url":"https:\/\/pubeurope.com\/@fr\/114922932335620875","error":""},"_links":{"self":[{"href":"https:\/\/www.europesays.com\/fr\/wp-json\/wp\/v2\/posts\/276508","targetHints":{"allow":["GET"]}}],"collection":[{"href":"https:\/\/www.europesays.com\/fr\/wp-json\/wp\/v2\/posts"}],"about":[{"href":"https:\/\/www.europesays.com\/fr\/wp-json\/wp\/v2\/types\/post"}],"author":[{"embeddable":true,"href":"https:\/\/www.europesays.com\/fr\/wp-json\/wp\/v2\/users\/2"}],"replies":[{"embeddable":true,"href":"https:\/\/www.europesays.com\/fr\/wp-json\/wp\/v2\/comments?post=276508"}],"version-history":[{"count":0,"href":"https:\/\/www.europesays.com\/fr\/wp-json\/wp\/v2\/posts\/276508\/revisions"}],"wp:featuredmedia":[{"embeddable":true,"href":"https:\/\/www.europesays.com\/fr\/wp-json\/wp\/v2\/media\/276509"}],"wp:attachment":[{"href":"https:\/\/www.europesays.com\/fr\/wp-json\/wp\/v2\/media?parent=276508"}],"wp:term":[{"taxonomy":"category","embeddable":true,"href":"https:\/\/www.europesays.com\/fr\/wp-json\/wp\/v2\/categories?post=276508"},{"taxonomy":"post_tag","embeddable":true,"href":"https:\/\/www.europesays.com\/fr\/wp-json\/wp\/v2\/tags?post=276508"}],"curies":[{"name":"wp","href":"https:\/\/api.w.org\/{rel}","templated":true}]}}