{"id":276510,"date":"2025-07-27T02:53:21","date_gmt":"2025-07-27T02:53:21","guid":{"rendered":"https:\/\/www.europesays.com\/fr\/276510\/"},"modified":"2025-07-27T02:53:21","modified_gmt":"2025-07-27T02:53:21","slug":"top-14-en-jouant-directement-en-top-14-je-me-serais-brule-les-ailes-arthur-mathiron-evoque-avec-ambition-son-retour-a-lyon","status":"publish","type":"post","link":"https:\/\/www.europesays.com\/fr\/276510\/","title":{"rendered":"Top 14 \u2013 \u00ab\u00a0En jouant directement en Top 14, je me serais br\u00fbl\u00e9 les ailes\u00a0\u00bb\u00a0: Arthur Mathiron \u00e9voque avec ambition son retour \u00e0 Lyon"},"content":{"rendered":"<p>\n                Apr\u00e8s deux ann\u00e9es de pr\u00eat \u00e0 Nevers, Arthur Mathiron dit se sentir pr\u00eat \u00e0 jouer en Top 14 avec le Lou. Il se confie sur son \u00e9volution en tant que joueur et en tant qu\u2019homme, tout en \u00e9voquant sa pr\u00e9paration physique pour cet \u00e9t\u00e9 dans un contexte particulier.\n            <\/p>\n<p><strong>Qu\u2019est-ce que cela vous fait de retrouver Lyon apr\u00e8s votre pr\u00eat de deux ans \u00e0 Nevers\u00a0?<\/strong><\/p>\n<p>\u00c7a m\u2019a fait bizarre parce que quand je suis parti, les infrastructures n\u2019\u00e9taient pas les m\u00eames. Aujourd\u2019hui, il y a des infrastructures de fou\u00a0! Quand j\u2019\u00e9tais \u00e0 Lyon, j\u2019\u00e9tais aussi beaucoup avec les Espoirs et maintenant, je suis dans le groupe pro \u00e0 100\u00a0% donc ce n\u2019est pas la m\u00eame approche. Je suis tr\u00e8s content parce que je retrouve des mecs avec qui j\u2019\u00e9tais en Espoirs et j\u2019ai plusieurs potes dans le groupe. Je suis super content de revenir.<\/p>\n<p><strong>Si vous deviez comparer le Arthur Mathiron d\u2019il y a deux ans et celui d\u2019aujourd\u2019hui. Qu\u2019est-ce qui a chang\u00e9\u00a0?<\/strong><\/p>\n<p>J\u2019ai l\u2019impression que quand je suis parti, j\u2019\u00e9tais encore un gamin. J\u2019\u00e9tais beaucoup plus insouciant que je ne le suis maintenant. J\u2019ai pris beaucoup en maturit\u00e9 en allant \u00e0 Nevers.<\/p>\n<p><strong>Avec le recul, ces deux ann\u00e9es \u00e0 Nevers \u00e9taient-elles n\u00e9cessaires\u00a0?<\/strong><\/p>\n<p>Oui, je ne les regrette pas du tout. Je suis satisfait \u00e0 100\u00a0% de les avoir faites. Entre la premi\u00e8re et la deuxi\u00e8me, j\u2019ai\u00a0h\u00e9sit\u00e9 \u00e0 revenir \u00e0 Lyon mais je pense que j\u2019ai pris la bonne d\u00e9cision en restant. J\u2019ai connu deux saisons diff\u00e9rentes avec beaucoup de temps de jeu (24 matchs par saison, NDLR). C\u2019est ce qui m\u2019a fait grandir en tant qu\u2019homme et en tant que joueur. Quand j\u2019y suis arriv\u00e9, je ne jouais pas forc\u00e9ment le m\u00eame poste que maintenant, j\u2019ai pu y trouver de la polyvalence.<\/p>\n<p><strong>Pourquoi avez-vous h\u00e9sit\u00e9 \u00e0 revenir d\u00e8s la premi\u00e8re saison\u00a0?<\/strong><\/p>\n<p>Il y a eu un dialogue entre les entra\u00eeneurs de Nevers, de Lyon et moi. Pour le Lou, ce n\u2019\u00e9tait pas une priorit\u00e9 que je revienne \u00e0 ce moment-l\u00e0 mais si j\u2019en avais eu l\u2019envie, j\u2019aurais pu. En r\u00e9fl\u00e9chissant et en parlant \u00e0 mon entourage, j\u2019en ai conclu que la meilleure solution pour moi, c\u2019\u00e9tait de rester un an de plus en Pro D2.<\/p>\n<p><strong>Au final, cela a \u00e9t\u00e9 dur de quitter\u00a0Nevers\u00a0?<\/strong><\/p>\n<p>Oui, il y a eu des \u00ab\u00a0au revoir\u00a0\u00bb difficiles. D\u2019une parce que les r\u00e9sultats qu\u2019on avait n\u2019\u00e9taient pas ceux\u00a0qu\u2019on esp\u00e9rait en d\u00e9but de saison. L\u2019ann\u00e9e o\u00f9 je suis arriv\u00e9, on a loup\u00e9 la qualification pour la phase finale d\u2019un point. On pensait pouvoir se qualifier l\u2019ann\u00e9e d\u2019apr\u00e8s mais on a finalement parl\u00e9 de maintien lors d\u2019une saison tr\u00e8s compliqu\u00e9e. C\u2019est une fiert\u00e9 d\u2019avoir maintenu le club mais en \u00e9tant \u00e0 Nevers, on ne peut pas se satisfaire de cela. Le d\u00e9part a aussi \u00e9t\u00e9 difficile parce que j\u2019ai v\u00e9cu \u00e0 Nevers mes premiers matchs en professionnel, mon premier stade pro. Je me suis li\u00e9 d\u2019amiti\u00e9 avec beaucoup de mecs et \u00e7a fait du mal de quitter ses amis. Mais je reste en contact avec eux.<\/p>\n<p>        <img decoding=\"async\" class=\"std-img__img responsive-img\" src=\"https:\/\/www.europesays.com\/fr\/wp-content\/uploads\/2025\/07\/1753584800_383_image.jpg\" alt=\"Arthur Mathiron a v\u00e9cu deux saisons pleines \u00e0 Nevers\"\/><\/p>\n<p>                Arthur Mathiron a v\u00e9cu deux saisons pleines \u00e0 Nevers<br \/>\n                                    Icon Sport &#8211; Icon Sport<\/p>\n<p><strong>Vous vous sentez pr\u00eat \u00e0 porter le maillot du Lou\u00a0?<\/strong><\/p>\n<p>Si je suis revenu, c\u2019est parce que j\u2019avais envie de tenter le projet. Il me reste un an de contrat \u00e0 Lyon donc j\u2019ai envie de me lancer \u00e0 100\u00a0%. J\u2019avais ce go\u00fbt d\u2019inachev\u00e9 en partant il y a deux ans, en me disant que je n\u2019avais pas su saisir des opportunit\u00e9s. Mais je suis un joueur diff\u00e9rent, je viens apr\u00e8s mes deux ann\u00e9es de Pro D2 et je sais qu\u2019il me reste encore beaucoup de travail \u00e0 faire. J\u2019essaye d\u2019\u00eatre le plus s\u00e9rieux, le plus appliqu\u00e9 et de prendre soin de moi. Je sais que \u00e7a va \u00eatre un gros d\u00e9fi cette ann\u00e9e mais c\u2019est un challenge qui me pla\u00eet et je vais tout donner.<\/p>\n<p><strong>Alors que vous sembliez plus \u00eatre un centre lors de vos d\u00e9buts, vous avez pris l\u2019habitude d\u2019\u00e9voluer \u00e0 l\u2019aile. Qu\u2019en est-il\u00a0?<\/strong><\/p>\n<p>Quand je suis parti de Lyon, je me consid\u00e9rais plus comme un 12, voire un 10. Et \u00e0 Nevers je me suis rendu compte qu\u2019au d\u00e9but je jouais un peu 13 et qu\u2019au final, j\u2019ai gliss\u00e9 compl\u00e8tement \u00e0 l\u2019aile. C\u2019est un poste que j\u2019ai d\u00e9couvert et que j\u2019ai appris \u00e0 aimer. J\u2019ai d\u00fb travailler parce que les attendus du poste ne sont pas les m\u00eames. C\u2019est un poste qui me pla\u00eet et j\u2019ai cette polyvalence pour jouer centre.<\/p>\n<p><strong>Aimeriez-vous revenir au milieu du terrain\u00a0?<\/strong><\/p>\n<p>J\u2019adore les deux postes mais je suis plus \u00e0 l\u2019aise en ce moment \u00e0 l\u2019aile. Je ne me ferme pas la porte pour jouer centre parce que c\u2019est mon poste de pr\u00e9dilection depuis que je suis petit. Je n\u2019ai pas de pr\u00e9f\u00e9rence.<\/p>\n<p><strong>Physiquement, avez-vous d\u00fb changer pour vous adapter\u00a0?<\/strong><\/p>\n<p>Forc\u00e9ment, j\u2019ai d\u00fb travailler sur l\u2019explosivit\u00e9 et la vitesse. Pour \u00eatre un ailier, il faut courir assez vite, avoir des qualit\u00e9s athl\u00e9tiques diff\u00e9rentes avec des changements d\u2019appuis qui ne sont pas les m\u00eames que quand tu es au centre. J\u2019ai perdu deux ou trois kilos et c\u2019est quelque chose qui m\u2019a fait du bien pour l\u2019encha\u00eenement de t\u00e2ches, avoir des courses un peu plus longues\u2026 Je me sens beaucoup mieux maintenant. Le truc o\u00f9 je me suis focalis\u00e9, c\u2019est surtout le jeu a\u00e9rien. J\u2019ai boss\u00e9 avec une prof d\u2019athl\u00e9tisme cet \u00e9t\u00e9 pour peaufiner la\u00a0technique de course, la reprise d\u2019appuis, les changements d\u2019allures,\u00a0etc.<\/p>\n<p><strong>Vous avez donc profit\u00e9 de vos vacances pour continuer de travailler\u00a0?<\/strong><\/p>\n<p>La saison avec\u00a0Nevers s\u2019est arr\u00eat\u00e9e\u00a0le 16\u00a0mai et j\u2019ai repris\u00a0avec Lyon le 15\u00a0juillet. J\u2019ai donc eu quasiment deux mois de vacances alors que normalement, c\u2019est quatre semaines\u00a0! Je me suis laiss\u00e9 le temps de r\u00e9cup\u00e9rer, de profiter avec ma copine et mes amis mais je me suis dit que si je coupais vraiment et que je me laissais aller pendant deux mois, \u00e7a allait \u00eatre compliqu\u00e9 de revenir. J\u2019ai su prendre du temps pour moi mais aussi m\u2019entra\u00eener tout seul pour arriver pr\u00eat et pas \u00e0 la ramasse. Cette p\u00e9riode est un peu compliqu\u00e9e parce que tu rentres chez tes parents, tu vois ta famille et\u00a0tu es tout le temps \u00e0 droite, \u00e0 gauche. Quand \u00e7a dure quatre semaines, tu profites, mais pendant deux mois, ce n\u2019est pas la m\u00eame planification.<\/p>\n<p><strong>Les pr\u00e9parateurs de Lyon ne vous ont-ils pas fourni un programme\u00a0?<\/strong><\/p>\n<p>Si bien s\u00fbr, on a eu un planning. Mais quand j\u2019ai arr\u00eat\u00e9 avec Nevers, il restait aux Lyonnais environ un mois de comp\u00e9tition. Quand j\u2019ai eu le pr\u00e9parateur physique de Lyon, il avait commenc\u00e9 \u00e0 pr\u00e9parer le programme mais il n\u2019allait l\u2019envoyer qu\u2019\u00e0 partir du moment o\u00f9 les joueurs allaient \u00eatre en vacances.<\/p>\n<p><strong>Changeons de sujet. Vous faites partie de la g\u00e9n\u00e9ration U20 championne du monde en 2023. Parmi les joueurs pr\u00e9sents comme vous, plusieurs sont d\u00e9j\u00e0 internationaux (Auradou, Tuilagi, Nouchi, Jegou, Gazzotti, Jauneau, Attissogbe, Depoortere) et la majorit\u00e9 est d\u00e9j\u00e0 install\u00e9e en Top 14. Consid\u00e9rez-vous que vous \u00eates un de ceux qui ont pr\u00e9f\u00e9r\u00e9 prendre leur temps\u00a0?<\/strong><\/p>\n<p>Oui, je pense que \u00e7a a \u00e9t\u00e9 n\u00e9cessaire pour moi. Certes, nous avions une g\u00e9n\u00e9ration dor\u00e9e, surtout quand tu regardes le XV titulaire de la finale. Mais jouer directement en Top 14, \u00e7a aurait \u00e9t\u00e9 me br\u00fbler les ailes et \u00e7a ne m\u2019aurait pas r\u00e9ussi. J\u2019avais besoin de ces deux ann\u00e9es de d\u00e9veloppement pour que je puisse arriver dans les meilleures conditions en Top 14. C\u2019est peut-\u00eatre aussi \u00e0 Nevers que je me suis trouv\u00e9, notamment au niveau de mon poste.\u00a0C\u2019\u00e9tait beaucoup trop t\u00f4t pour moi il y a deux ans. Ou en tout cas, je ne pouvais pas pr\u00e9tendre\u00a0performer et durer dans le temps.<\/p>\n<p>        <img decoding=\"async\" class=\"std-img__img responsive-img\" src=\"https:\/\/www.europesays.com\/fr\/wp-content\/uploads\/2025\/07\/1753584801_420_image.jpg\" alt=\"Arthur Mathiron a \u00e9t\u00e9 champion du monde avec les U20 en 2023 avec Paul Costes, Th\u00e9o Attissogbe et L\u00e9o Drouet\"\/><\/p>\n<p>                Arthur Mathiron a \u00e9t\u00e9 champion du monde avec les U20 en 2023 avec Paul Costes, Th\u00e9o Attissogbe et L\u00e9o Drouet<br \/>\n                                    Steve Haag \/ Icon Sport &#8211; Steve Haag \/ Icon Sport<\/p>\n<p><strong>Quel regard portez-vous sur le Lou et sur la saison \u00e0 venir\u00a0?<\/strong><\/p>\n<p>C\u2019est une b\u00eate bless\u00e9e. J\u2019arrive dans un groupe o\u00f9 \u00e7a parle de la finale de Challenge Cup perdue et de la fin du Top 14 qui a \u00e9t\u00e9 d\u00e9licate. Tu sens qu\u2019il y a de la frustration et que le groupe veut faire mieux. Il y a de l\u2019ambition. Le Lou n\u2019a pas sa place dans le bas du classement de Top 14.<\/p>\n<p><strong>Le recrutement du Lou, surtout derri\u00e8re, montre-t-il une volont\u00e9 de pratiquer un jeu tr\u00e8s offensif\u00a0?<\/strong><\/p>\n<p>C\u2019est un peu la philosophie du club, qui veut amener beaucoup de vitesse. De ce qu\u2019on voit pour l\u2019instant, c\u2019est un jeu qui va me plaire. Ce n\u2019est pas une \u00e9quipe qui refuse de jouer dans ses cinquante m\u00e8tres et qui n\u2019utilise que ses avants. C\u2019est une \u00e9quipe o\u00f9 on peut prendre beaucoup de plaisir si le projet marche.<\/p>\n<p><strong>La pelouse du Matmut Gerland est synth\u00e9tique. Est-ce quelque chose de positif ou n\u00e9gatif pour vous\u00a0?<\/strong><\/p>\n<p>Ce n\u2019est pas quelque chose qui va me d\u00e9ranger. En Pro D2, j\u2019ai connu des terrains en herbe de novembre \u00e0 avril\u2026 Des synth\u00e9tiques, il y en a de plus en plus et \u00e7a dynamise le jeu. Les matchs sur cette surface sont les matchs o\u00f9 il y a le plus de temps de jeu effectif et o\u00f9 les records de vitesse sont battus. J\u2019en suis plut\u00f4t content. Le synth\u00e9tique de Gerland est en plus incroyable.<\/p>\n<p><strong>Avez-vous un objectif de matchs ou d\u2019essais pour la saison\u00a0?<\/strong><\/p>\n<p>Je ne suis pas quelqu\u2019un qui se dit\u00a0: \u00ab\u00a0je dois marquer tant d\u2019essais\u00a0\u00bb. J\u2019esp\u00e8re jouer le plus de matchs possible\u00a0et me r\u00e9galer surtout. C\u2019est quelque chose que j\u2019avais un peu perdu \u00e0 un moment \u00e0 Nevers, o\u00f9\u00a0je sortais des matchs frustr\u00e9. Je veux \u00eatre heureux en sortant du terrain. Je sais qu\u2019au d\u00e9but, \u00e7a risque d\u2019\u00eatre compliqu\u00e9 de beaucoup jouer\u00a0parce qu\u2019il y a pas mal de concurrence. Ce sera \u00e0 moi de bien bosser et d\u2019\u00eatre bon quand j\u2019aurai\u00a0les opportunit\u00e9s.<\/p>\n<p><strong>Il y a par contre une mauvaise nouvelle pour vous\u2026<\/strong><\/p>\n<p>Laquelle\u00a0?<\/p>\n<p><strong>Cette saison, vous ne jouerez pas contre Brive, club contre qui vous avez marqu\u00e9 cinq essais en trois matchs\u00a0!<\/strong><\/p>\n<p>Oui, je crois que c\u2019est l\u2019\u00e9quipe qui m\u2019a le mieux r\u00e9ussi mais c\u2019est peut-\u00eatre le hasard\u00a0! En plus, lors de ma premi\u00e8re ann\u00e9e \u00e0 Nevers, c\u2019est contre eux que j\u2019ai inscrit mon premier essai en Pro D2.<\/p>\n","protected":false},"excerpt":{"rendered":"Apr\u00e8s deux ann\u00e9es de pr\u00eat \u00e0 Nevers, Arthur Mathiron dit se sentir pr\u00eat \u00e0 jouer en Top 14&hellip;\n","protected":false},"author":2,"featured_media":276511,"comment_status":"","ping_status":"","sticky":false,"template":"","format":"standard","meta":{"footnotes":""},"categories":[1416],"tags":[1011,27,479,1468,60],"class_list":{"0":"post-276510","1":"post","2":"type-post","3":"status-publish","4":"format-standard","5":"has-post-thumbnail","7":"category-rugby","8":"tag-fr","9":"tag-france","10":"tag-rugby","11":"tag-rugby-football","12":"tag-sports"},"share_on_mastodon":{"url":"https:\/\/pubeurope.com\/@fr\/114922940385795278","error":""},"_links":{"self":[{"href":"https:\/\/www.europesays.com\/fr\/wp-json\/wp\/v2\/posts\/276510","targetHints":{"allow":["GET"]}}],"collection":[{"href":"https:\/\/www.europesays.com\/fr\/wp-json\/wp\/v2\/posts"}],"about":[{"href":"https:\/\/www.europesays.com\/fr\/wp-json\/wp\/v2\/types\/post"}],"author":[{"embeddable":true,"href":"https:\/\/www.europesays.com\/fr\/wp-json\/wp\/v2\/users\/2"}],"replies":[{"embeddable":true,"href":"https:\/\/www.europesays.com\/fr\/wp-json\/wp\/v2\/comments?post=276510"}],"version-history":[{"count":0,"href":"https:\/\/www.europesays.com\/fr\/wp-json\/wp\/v2\/posts\/276510\/revisions"}],"wp:featuredmedia":[{"embeddable":true,"href":"https:\/\/www.europesays.com\/fr\/wp-json\/wp\/v2\/media\/276511"}],"wp:attachment":[{"href":"https:\/\/www.europesays.com\/fr\/wp-json\/wp\/v2\/media?parent=276510"}],"wp:term":[{"taxonomy":"category","embeddable":true,"href":"https:\/\/www.europesays.com\/fr\/wp-json\/wp\/v2\/categories?post=276510"},{"taxonomy":"post_tag","embeddable":true,"href":"https:\/\/www.europesays.com\/fr\/wp-json\/wp\/v2\/tags?post=276510"}],"curies":[{"name":"wp","href":"https:\/\/api.w.org\/{rel}","templated":true}]}}