{"id":276513,"date":"2025-07-27T02:56:18","date_gmt":"2025-07-27T02:56:18","guid":{"rendered":"https:\/\/www.europesays.com\/fr\/276513\/"},"modified":"2025-07-27T02:56:18","modified_gmt":"2025-07-27T02:56:18","slug":"grand-prix-de-france-moto-record-de-frequentation-battu-avec-plus-de-300-000-spectateurs-au-mans","status":"publish","type":"post","link":"https:\/\/www.europesays.com\/fr\/276513\/","title":{"rendered":"Grand Prix de France Moto\u00a0: record de fr\u00e9quentation battu avec plus de 300 000 spectateurs au Mans"},"content":{"rendered":"<p>Le circuit Bugatti a de nouveau attir\u00e9 les foules, ce dimanche 11 mai 2025. Avec 311 797 personnes accueillies tout au long du week-end, le Grand Prix de France Moto a battu un nouveau record de fr\u00e9quentation. <\/p>\n<p>L&rsquo;\u00e9dition 2025 du Grand Prix de France a promis une course serr\u00e9e en piste, mais il a aussi fallu se serrer en tribunes. <strong>Le circuit Bugatti a accueilli 311 797 personnes durant le weekend<\/strong> du jeudi 8 au dimanche 11 mai 2025.<\/p>\n<p><a class=\"IciLink ici-link IciArticleLink g-ici-body-regular-1 underline brand svelte-lu7k6w\" href=\"https:\/\/www.francebleu.fr\/sports\/tous-les-sports\/motogp-programme-parking-billetterie-tout-ce-qu-il-faut-savoir-sur-le-grand-prix-de-france-2025-au-mans-6519470\" rel=\"nofollow noopener\" target=\"_blank\">Avec des animations pr\u00e9vues d\u00e8s le jeudi 8<\/a>, <strong>il y avait du spectacle sur piste durant tout le week-end\u00a0:<\/strong> parades, rencontres avec les pilotes, qui ont m\u00eame troqu\u00e9 leur moto pour des v\u00e9los le temps d&rsquo;une course\u00a0! Sur le plan sportif, il y avait aussi un riche programme\u00a0:\u00a0\u00e9preuves de MotoGP, Moto2 et Moto3, mais aussi celles d\u00e9di\u00e9es aux motos \u00e9lectriques (MotoE) et aux pilotes d\u00e9butants\u00a0: la Red Bull Rookies cup.<\/p>\n<p>Le Grand Prix de France d\u00e9tient donc\u00a0<strong>encore le record mondial de fr\u00e9quentation<\/strong>\u00a0pour le MotoGP, et <a class=\"IciLink ici-link IciArticleLink g-ici-body-regular-1 underline brand svelte-lu7k6w\" href=\"https:\/\/www.francebleu.fr\/sports\/tous-les-sports\/grand-prix-de-france-moto-nouveau-record-mondial-d-affluence-avec-pres-de-300-000-spectateurs-au-mans-3176234\" rel=\"nofollow noopener\" target=\"_blank\">surpasse son propre record, qui \u00e9tait d&rsquo;environ 298 000 spectateurs l&rsquo;ann\u00e9e derni\u00e8re.<\/a><\/p>\n","protected":false},"excerpt":{"rendered":"Le circuit Bugatti a de nouveau attir\u00e9 les foules, ce dimanche 11 mai 2025. Avec 311 797 personnes&hellip;\n","protected":false},"author":2,"featured_media":276514,"comment_status":"","ping_status":"","sticky":false,"template":"","format":"standard","meta":{"footnotes":""},"categories":[1413],"tags":[1011,27,1457,1456,60],"class_list":{"0":"post-276513","1":"post","2":"type-post","3":"status-publish","4":"format-standard","5":"has-post-thumbnail","7":"category-moto","8":"tag-fr","9":"tag-france","10":"tag-moto","11":"tag-motocycle","12":"tag-sports"},"share_on_mastodon":{"url":"https:\/\/pubeurope.com\/@fr\/114922952078277124","error":""},"_links":{"self":[{"href":"https:\/\/www.europesays.com\/fr\/wp-json\/wp\/v2\/posts\/276513","targetHints":{"allow":["GET"]}}],"collection":[{"href":"https:\/\/www.europesays.com\/fr\/wp-json\/wp\/v2\/posts"}],"about":[{"href":"https:\/\/www.europesays.com\/fr\/wp-json\/wp\/v2\/types\/post"}],"author":[{"embeddable":true,"href":"https:\/\/www.europesays.com\/fr\/wp-json\/wp\/v2\/users\/2"}],"replies":[{"embeddable":true,"href":"https:\/\/www.europesays.com\/fr\/wp-json\/wp\/v2\/comments?post=276513"}],"version-history":[{"count":0,"href":"https:\/\/www.europesays.com\/fr\/wp-json\/wp\/v2\/posts\/276513\/revisions"}],"wp:featuredmedia":[{"embeddable":true,"href":"https:\/\/www.europesays.com\/fr\/wp-json\/wp\/v2\/media\/276514"}],"wp:attachment":[{"href":"https:\/\/www.europesays.com\/fr\/wp-json\/wp\/v2\/media?parent=276513"}],"wp:term":[{"taxonomy":"category","embeddable":true,"href":"https:\/\/www.europesays.com\/fr\/wp-json\/wp\/v2\/categories?post=276513"},{"taxonomy":"post_tag","embeddable":true,"href":"https:\/\/www.europesays.com\/fr\/wp-json\/wp\/v2\/tags?post=276513"}],"curies":[{"name":"wp","href":"https:\/\/api.w.org\/{rel}","templated":true}]}}