{"id":276515,"date":"2025-07-27T02:57:18","date_gmt":"2025-07-27T02:57:18","guid":{"rendered":"https:\/\/www.europesays.com\/fr\/276515\/"},"modified":"2025-07-27T02:57:18","modified_gmt":"2025-07-27T02:57:18","slug":"le-rallye-monte-carlo-2026-de-retour-sur-le-circuit-de-formule-1","status":"publish","type":"post","link":"https:\/\/www.europesays.com\/fr\/276515\/","title":{"rendered":"Le Rallye Monte-Carlo 2026 de retour sur le circuit de Formule 1 ?"},"content":{"rendered":"<p><strong>Le parcours du Rallye Monte-Carlo 2026 a \u00e9t\u00e9 d\u00e9voil\u00e9. L\u2019Automobile Club de Monaco pr\u00e9voit une \u00e9dition marqu\u00e9e par une possible sp\u00e9ciale sur le circuit urbain de la Principaut\u00e9. Ce retour attendu pourrait marquer un tournant dans l\u2019histoire r\u00e9cente de la course.<\/strong><\/p>\n<p>Le Rallye Monte-Carlo 2026 se d\u00e9roulera <strong>du 21 au 25 janvier.<\/strong> Comme chaque ann\u00e9e, <a href=\"https:\/\/acm.mc\/\" target=\"_blank\" data-type=\"link\" data-id=\"https:\/\/acm.mc\/\" rel=\"noreferrer noopener nofollow\">l\u2019Automobile Club de Monaco (ACM) <\/a>a rendu public le trac\u00e9 de cette \u00e9preuve, qui ouvre la saison du championnat du monde des rallyes (WRC). Au programme : 17 sp\u00e9ciales sur asphalte r\u00e9parties entre les Alpes-de-Haute-Provence, la Dr\u00f4me, les Alpes-Maritimes et, peut-\u00eatre, Monaco.<\/p>\n<p>Le d\u00e9part sera donn\u00e9 d\u00e8s le mercredi avec la traditionnelle s\u00e9ance de Shakedown. Cette phase de reconnaissance en conditions r\u00e9elles pr\u00e9c\u00e8de l\u2019ouverture officielle des hostilit\u00e9s pr\u00e9vue jeudi soir. Trois premi\u00e8res sp\u00e9ciales sont inscrites au programme, dont deux en nocturne. Elles marqueront l\u2019entr\u00e9e en mati\u00e8re des \u00e9quipages sur les routes de montagne.<\/p>\n<p>Vendredi, la journ\u00e9e s\u2019annonce dense avec plus de 129 kilom\u00e8tres chronom\u00e9tr\u00e9s. Samedi, le rythme sera un peu moins soutenu, avec environ 78 kilom\u00e8tres, mais la tension ne devrait pas retomber pour autant. <strong>Une nouvelle sp\u00e9ciale de 30,10 km entre La Br\u00e9ole et Bellaffaire<\/strong> est notamment pr\u00e9vue.<\/p>\n<p><strong>Un possible retour symbolique apr\u00e8s 18 ans<\/strong><\/p>\n<p>L\u2019un des \u00e9v\u00e9nements marquants de cette \u00e9dition pourrait \u00eatre<strong> la r\u00e9int\u00e9gration du circuit urbain de Monaco<\/strong>. Une super sp\u00e9ciale est envisag\u00e9e pour le samedi en fin d\u2019apr\u00e8s-midi. Le d\u00e9part serait donn\u00e9 \u00e0 17 h 45, pour une boucle de 2,82 kilom\u00e8tres empruntant une partie du <strong>c\u00e9l\u00e8bre trac\u00e9 de<a href=\"https:\/\/www.nicepremium.fr\/sports\/auto\/gp-de-monaco-un-admirable-bazar-strategique\/\" target=\"_blank\" data-type=\"link\" data-id=\"https:\/\/www.nicepremium.fr\/sports\/auto\/gp-de-monaco-un-admirable-bazar-strategique\/\" rel=\"noreferrer noopener nofollow\"> Formule 1<\/a><\/strong>. Ce projet est encore en discussion, comme l\u2019indique l\u2019ACM. Il faudra attendre une confirmation officielle pour valider cette \u00e9tape.<\/p>\n<p><strong>La derni\u00e8re apparition d\u2019une sp\u00e9ciale \u00e0 Monaco remonte \u00e0 2008<\/strong>. \u00c0 l\u2019\u00e9poque, les pilotes Chris Atkinson et Fran\u00e7ois Duval avaient sign\u00e9 le m\u00eame temps. La veille, Chris Atkinson s\u2019\u00e9tait impos\u00e9 face \u00e0 Marcus Gr\u00f6nholm pour une demi-seconde. Le retour de cette sp\u00e9ciale serait donc un clin d\u2019\u0153il \u00e0 cette p\u00e9riode.<\/p>\n<p>Le choix de faire revenir le rallye \u00e0 Monaco pourrait aussi <strong>modifier le d\u00e9roul\u00e9 logistique<\/strong>. Si la sp\u00e9ciale est confirm\u00e9e, le transfert depuis Gap serait avanc\u00e9 au samedi, soit un jour plus t\u00f4t que d\u2019habitude. Ce changement marquerait un ajustement dans la structure m\u00eame de l\u2019\u00e9v\u00e9nement, historiquement bas\u00e9 dans la pr\u00e9fecture des Hautes-Alpes.<\/p>\n<p>Le week-end se terminera dans les Alpes-Maritimes. Deux passages sont pr\u00e9vus sur les sp\u00e9ciales du Col de Braus-La Cabanette (12,48 km) et de La Boll\u00e8ne-V\u00e9subie-Moulinet (23,33 km). Ces routes sinueuses restent un classique du Rallye Monte-Carlo.<\/p>\n<p>Du c\u00f4t\u00e9 des pilotes, la participation de <strong>S\u00e9bastien Ogier reste \u00e0 confirmer<\/strong>. Le Gapen\u00e7ais, vainqueur en janvier dernier, pourrait viser une onzi\u00e8me victoire sur l\u2019\u00e9preuve. Il d\u00e9tient d\u00e9j\u00e0 le record de succ\u00e8s et conna\u00eet parfaitement les routes du sud-est.<\/p>\n<p>Le Rallye Monte-Carlo 2026 entend donc conjuguer l\u2019h\u00e9ritage de la discipline et quelques nouveaut\u00e9s. Entre les trac\u00e9s de montagne et le possible retour \u00e0 Monaco, cette \u00e9dition pourrait marquer les esprits, sans bouleverser les \u00e9quilibres du championnat.<\/p>\n","protected":false},"excerpt":{"rendered":"Le parcours du Rallye Monte-Carlo 2026 a \u00e9t\u00e9 d\u00e9voil\u00e9. L\u2019Automobile Club de Monaco pr\u00e9voit une \u00e9dition marqu\u00e9e par&hellip;\n","protected":false},"author":2,"featured_media":276516,"comment_status":"","ping_status":"","sticky":false,"template":"","format":"standard","meta":{"footnotes":""},"categories":[1412],"tags":[1451,1452,1453,1454,1455,1011,27,60],"class_list":{"0":"post-276515","1":"post","2":"type-post","3":"status-publish","4":"format-standard","5":"has-post-thumbnail","7":"category-f1","8":"tag-f1","9":"tag-formula-1","10":"tag-formula1","11":"tag-formule-1","12":"tag-formule1","13":"tag-fr","14":"tag-france","15":"tag-sports"},"share_on_mastodon":{"url":"https:\/\/pubeurope.com\/@fr\/114922956014643705","error":""},"_links":{"self":[{"href":"https:\/\/www.europesays.com\/fr\/wp-json\/wp\/v2\/posts\/276515","targetHints":{"allow":["GET"]}}],"collection":[{"href":"https:\/\/www.europesays.com\/fr\/wp-json\/wp\/v2\/posts"}],"about":[{"href":"https:\/\/www.europesays.com\/fr\/wp-json\/wp\/v2\/types\/post"}],"author":[{"embeddable":true,"href":"https:\/\/www.europesays.com\/fr\/wp-json\/wp\/v2\/users\/2"}],"replies":[{"embeddable":true,"href":"https:\/\/www.europesays.com\/fr\/wp-json\/wp\/v2\/comments?post=276515"}],"version-history":[{"count":0,"href":"https:\/\/www.europesays.com\/fr\/wp-json\/wp\/v2\/posts\/276515\/revisions"}],"wp:featuredmedia":[{"embeddable":true,"href":"https:\/\/www.europesays.com\/fr\/wp-json\/wp\/v2\/media\/276516"}],"wp:attachment":[{"href":"https:\/\/www.europesays.com\/fr\/wp-json\/wp\/v2\/media?parent=276515"}],"wp:term":[{"taxonomy":"category","embeddable":true,"href":"https:\/\/www.europesays.com\/fr\/wp-json\/wp\/v2\/categories?post=276515"},{"taxonomy":"post_tag","embeddable":true,"href":"https:\/\/www.europesays.com\/fr\/wp-json\/wp\/v2\/tags?post=276515"}],"curies":[{"name":"wp","href":"https:\/\/api.w.org\/{rel}","templated":true}]}}