{"id":276525,"date":"2025-07-27T03:03:16","date_gmt":"2025-07-27T03:03:16","guid":{"rendered":"https:\/\/www.europesays.com\/fr\/276525\/"},"modified":"2025-07-27T03:03:16","modified_gmt":"2025-07-27T03:03:16","slug":"tout-pour-la-lumiere-nouveau-jour-quel-bilan-pour-les-nouveaux-feuilletons-de-tf-1-et-m-6","status":"publish","type":"post","link":"https:\/\/www.europesays.com\/fr\/276525\/","title":{"rendered":"\u00ab\u00a0Tout pour la lumi\u00e8re\u00a0\u00bb, \u00ab\u00a0Nouveau jour\u00a0\u00bb\u00a0: quel bilan pour les nouveaux feuilletons de TF\u00a01 et M\u00a06\u00a0?"},"content":{"rendered":"<p class=\"paragraph text_align_left lp-f-body-02\">Moins de deux mois plus tard, ni l\u2019un ni l\u2019autre ne fait pour l\u2019instant d\u2019\u00e9tincelles c\u00f4t\u00e9 audiences. Sur la Une, <a href=\"https:\/\/www.leparisien.fr\/culture-loisirs\/series\/tout-pour-la-lumiere-sur-netflix-et-tf-1-alors-elle-vaut-quoi-cette-nouvelle-serie-musicale-12-06-2025-VNH5EO4MGZFZVPFE4QON5GSLWM.php\" target=\"_self\" rel=\"nofollow noopener\">\u00ab Tout pour la lumi\u00e8re \u00bb<\/a> f\u00e9d\u00e8re chaque jour pr\u00e8s d\u2019un million de fid\u00e8les, soit 11,4 % du public, en cumulant visionnage en direct et diff\u00e9r\u00e9. Si le soap se d\u00e9roulant dans une acad\u00e9mie musicale fait moins bien que ses trois homologues made in TF 1, il dope toutefois les scores de sa case, pr\u00e9c\u00e9demment occup\u00e9e par \u00ab Familles nombreuses \u00bb. \u00c0 18 heures, la premi\u00e8re cha\u00eene gagne ainsi pr\u00e8s de 220 000 habitu\u00e9s et 2,1 points de part d\u2019audience (PDA). \u00ab Tout pour la lumi\u00e8re renforce aussi les performances de notre plate-forme <a href=\"https:\/\/www.leparisien.fr\/culture-loisirs\/tf1-plus\/\" target=\"_self\" rel=\"nofollow noopener\">TF 1+<\/a>. Ce n\u2019est pas un succ\u00e8s explosif mais tout va tr\u00e8s bien \u00bb, r\u00e9sume un salari\u00e9.<\/p>\n","protected":false},"excerpt":{"rendered":"Moins de deux mois plus tard, ni l\u2019un ni l\u2019autre ne fait pour l\u2019instant d\u2019\u00e9tincelles c\u00f4t\u00e9 audiences. Sur&hellip;\n","protected":false},"author":2,"featured_media":276526,"comment_status":"","ping_status":"","sticky":false,"template":"","format":"standard","meta":{"footnotes":""},"categories":[1356],"tags":[872,58,59,1011,27,252,2205,1364],"class_list":{"0":"post-276525","1":"post","2":"type-post","3":"status-publish","4":"format-standard","5":"has-post-thumbnail","7":"category-television","8":"tag-culture-et-loisirs","9":"tag-divertissement","10":"tag-entertainment","11":"tag-fr","12":"tag-france","13":"tag-television","14":"tag-television-medias","15":"tag-tv"},"share_on_mastodon":{"url":"https:\/\/pubeurope.com\/@fr\/114922979576433917","error":""},"_links":{"self":[{"href":"https:\/\/www.europesays.com\/fr\/wp-json\/wp\/v2\/posts\/276525","targetHints":{"allow":["GET"]}}],"collection":[{"href":"https:\/\/www.europesays.com\/fr\/wp-json\/wp\/v2\/posts"}],"about":[{"href":"https:\/\/www.europesays.com\/fr\/wp-json\/wp\/v2\/types\/post"}],"author":[{"embeddable":true,"href":"https:\/\/www.europesays.com\/fr\/wp-json\/wp\/v2\/users\/2"}],"replies":[{"embeddable":true,"href":"https:\/\/www.europesays.com\/fr\/wp-json\/wp\/v2\/comments?post=276525"}],"version-history":[{"count":0,"href":"https:\/\/www.europesays.com\/fr\/wp-json\/wp\/v2\/posts\/276525\/revisions"}],"wp:featuredmedia":[{"embeddable":true,"href":"https:\/\/www.europesays.com\/fr\/wp-json\/wp\/v2\/media\/276526"}],"wp:attachment":[{"href":"https:\/\/www.europesays.com\/fr\/wp-json\/wp\/v2\/media?parent=276525"}],"wp:term":[{"taxonomy":"category","embeddable":true,"href":"https:\/\/www.europesays.com\/fr\/wp-json\/wp\/v2\/categories?post=276525"},{"taxonomy":"post_tag","embeddable":true,"href":"https:\/\/www.europesays.com\/fr\/wp-json\/wp\/v2\/tags?post=276525"}],"curies":[{"name":"wp","href":"https:\/\/api.w.org\/{rel}","templated":true}]}}