{"id":276527,"date":"2025-07-27T03:04:15","date_gmt":"2025-07-27T03:04:15","guid":{"rendered":"https:\/\/www.europesays.com\/fr\/276527\/"},"modified":"2025-07-27T03:04:15","modified_gmt":"2025-07-27T03:04:15","slug":"a-concarneau-le-rap-se-la-joue-collectif-dans-la-bulle-du-manoir-du-porzou","status":"publish","type":"post","link":"https:\/\/www.europesays.com\/fr\/276527\/","title":{"rendered":"\u00c0 Concarneau, le rap se la joue collectif dans la bulle du manoir du Porzou"},"content":{"rendered":"<p>Au premier \u00e9tage, on y a compos\u00e9. Et au second, on y a mix\u00e9 et enregistr\u00e9. On y a travaill\u00e9 et on y a cr\u00e9\u00e9 donc beaucoup. Mais on y a aussi mang\u00e9 et dormi\u2026 Bref, depuis lundi 21 juillet et jusqu\u2019\u00e0 ce vendredi 25 juillet, le manoir du Porzou a fait office de lieu de vie et de cr\u00e9ation unique, pour de nombreux artistes venus de toute la France. Une r\u00e9sidence artistique baptis\u00e9e Le S\u00e9minaire, comme dans une bulle.<\/p>\n<p>\u00c0 l\u2019origine de ce projet, le rappeur rospordinois <a href=\"https:\/\/www.letelegramme.fr\/finistere\/concarneau-29900\/le-gros-defi-du-jeune-rappeur-thibaees-sur-la-scene-du-cac-6459612.php\" target=\"_blank\" rel=\"noopener\">Thibault Le Doeuff, alias Thibaees<\/a>. \u00ab\u00a0L\u2019id\u00e9e \u00e9tait de faire se rencontrer des artistes qui travaillent chacun de leur c\u00f4t\u00e9, via la plateforme Discord, raconte-t-il. On est des milliers \u00e0 cr\u00e9er via cette plateforme. J\u2019ai appris beaucoup gr\u00e2ce \u00e0 elle. Je me suis dit qu\u2019il y avait un truc \u00e0 faire, \u00e0 plusieurs\u00a0\u00bb.<\/p>\n<p>\u00ab\u00a0De vraies collaborations\u00a0\u00bb<\/p>\n<p>Faire sortir les artistes de leur chambre, o\u00f9 ils passent une grande partie de leur temps \u00e0 cr\u00e9er\u2026 Thibaees avait d\u00e9j\u00e0 tent\u00e9 l\u2019exp\u00e9rience l\u2019an dernier chez lui, \u00e0 Rosporden, en y accueillant plusieurs artistes. Mais cette fois, le projet a pris une nouvelle dimension, avec l\u2019appui de l\u2019association La Maison, le soutien de la Ville qui a mis le manoir \u00e0 disposition de ce S\u00e9minaire, et quelques financements bienvenus.<\/p>\n<p>Venus de Lille, de Paris, de Marseille, de Toulouse, d\u2019Avignon, de Rennes, mais aussi du pays de Concarneau, une douzaine d\u2019artistes ont ainsi fait vibrer les murs du manoir, toute la semaine. Comme Yaxs, heureux de ce travail collectif. \u00ab\u00a0On est arriv\u00e9 \u00e0 cinq de Marseille dans une voiture pleine, avec notre mat\u00e9riel\u00a0\u00bb, racontait-il, jeudi soir. Une \u00e9norme motivation au rendez-vous\u2026 \u00ab\u00a0La nuit derni\u00e8re, on a enregistr\u00e9 cinq sons, entre 22\u00a0h et 3\u00a0h du mat\u2019, poursuivait le Marseillais. On a r\u00e9ussi vraiment \u00e0 produire un son d\u2019une tr\u00e8s grande qualit\u00e9 audio. Et avec de vraies collaborations\u00a0\u00bb.<\/p>\n<p>Enregistrement, vid\u00e9o, concerts\u2026<\/p>\n<p>Un travail que les amateurs de rap ont pu d\u00e9couvrir d\u00e8s ce vendredi soir, <a href=\"https:\/\/www.letelegramme.fr\/finistere\/concarneau-29900\/trois-soirees-au-bar-du-passage-a-concarneau-du-24-au-26-juillet-6860533.php\" target=\"_blank\" rel=\"noopener\">au bar du Passage, \u00e0 l\u2019occasion d\u2019une des trois soir\u00e9es festives organis\u00e9es cette fin de semaine par l\u2019\u00e9tablissement<\/a>. Et \u00e7a ne s\u2019arr\u00eatera pas l\u00e0. \u00ab\u00a0Une mixtape (1) de tous les sons que l\u2019on a enregistr\u00e9s va sortir\u00a0\u00bb, annonce Thibaees. Un film retra\u00e7ant l\u2019aventure est \u00e9galement dans les tuyaux, Hugo, de l\u2019association Astrat, s\u2019\u00e9tant immerg\u00e9 toute la semaine au manoir avec, en guise de temps fort, la vid\u00e9o du cypher (2) tourn\u00e9e mercredi.<\/p>\n<p>Et la suite de ce S\u00e9minaire\u00a0? D\u2019ores et d\u00e9j\u00e0, une nouvelle rencontre est annonc\u00e9e, dans sept mois. Des retrouvailles sont pr\u00e9vues, pendant une semaine \u00e0 la ferme du Moros, pour affiner ce qui a \u00e9t\u00e9 r\u00e9alis\u00e9 en ce mois de juillet, et pour r\u00e9p\u00e9ter, en vue d\u2019un concert \u00e0 la Chap\u2019L. Avec d\u2019autres prolongements par la suite. Le souhait de Thibaees \u00e9tant de proposer trois rendez-vous de ce genre chaque ann\u00e9e.<\/p>\n<p class=\"note\">1-Compilation<\/p>\n<p class=\"note\">2-Session durant laquelle les rappeurs se retrouvent et s\u2019expriment, chacun dans son style.<\/p>\n<p>Pratique<\/p>\n<p class=\"note\">Le projet Le S\u00e9minaire peut \u00eatre suivi sur le serveur RapZone, accessible depuis la plateforme Discord.<\/p>\n","protected":false},"excerpt":{"rendered":"Au premier \u00e9tage, on y a compos\u00e9. Et au second, on y a mix\u00e9 et enregistr\u00e9. On y&hellip;\n","protected":false},"author":2,"featured_media":276528,"comment_status":"","ping_status":"","sticky":false,"template":"","format":"standard","meta":{"footnotes":""},"categories":[1355],"tags":[3322,58,59,1011,27,1361,873],"class_list":{"0":"post-276527","1":"post","2":"type-post","3":"status-publish","4":"format-standard","5":"has-post-thumbnail","7":"category-musique","8":"tag-concarneau","9":"tag-divertissement","10":"tag-entertainment","11":"tag-fr","12":"tag-france","13":"tag-music","14":"tag-musique"},"share_on_mastodon":{"url":"https:\/\/pubeurope.com\/@fr\/114922983633083809","error":""},"_links":{"self":[{"href":"https:\/\/www.europesays.com\/fr\/wp-json\/wp\/v2\/posts\/276527","targetHints":{"allow":["GET"]}}],"collection":[{"href":"https:\/\/www.europesays.com\/fr\/wp-json\/wp\/v2\/posts"}],"about":[{"href":"https:\/\/www.europesays.com\/fr\/wp-json\/wp\/v2\/types\/post"}],"author":[{"embeddable":true,"href":"https:\/\/www.europesays.com\/fr\/wp-json\/wp\/v2\/users\/2"}],"replies":[{"embeddable":true,"href":"https:\/\/www.europesays.com\/fr\/wp-json\/wp\/v2\/comments?post=276527"}],"version-history":[{"count":0,"href":"https:\/\/www.europesays.com\/fr\/wp-json\/wp\/v2\/posts\/276527\/revisions"}],"wp:featuredmedia":[{"embeddable":true,"href":"https:\/\/www.europesays.com\/fr\/wp-json\/wp\/v2\/media\/276528"}],"wp:attachment":[{"href":"https:\/\/www.europesays.com\/fr\/wp-json\/wp\/v2\/media?parent=276527"}],"wp:term":[{"taxonomy":"category","embeddable":true,"href":"https:\/\/www.europesays.com\/fr\/wp-json\/wp\/v2\/categories?post=276527"},{"taxonomy":"post_tag","embeddable":true,"href":"https:\/\/www.europesays.com\/fr\/wp-json\/wp\/v2\/tags?post=276527"}],"curies":[{"name":"wp","href":"https:\/\/api.w.org\/{rel}","templated":true}]}}