{"id":276531,"date":"2025-07-27T03:07:15","date_gmt":"2025-07-27T03:07:15","guid":{"rendered":"https:\/\/www.europesays.com\/fr\/276531\/"},"modified":"2025-07-27T03:07:15","modified_gmt":"2025-07-27T03:07:15","slug":"arsenal-frappe-un-grand-coup-en-annoncant-larrivee-de-viktor-gyokeres","status":"publish","type":"post","link":"https:\/\/www.europesays.com\/fr\/276531\/","title":{"rendered":"Arsenal frappe un grand coup en annon\u00e7ant l\u2019arriv\u00e9e de Viktor Gy\u00f6keres"},"content":{"rendered":"<p>L\u2019international su\u00e9dois a \u00e9t\u00e9 officialis\u00e9 \u00e0 Arsenal ce samedi. Un v\u00e9ritable buteur qui ne manquera pas de faire parler de lui.<\/p>\n<p class=\"fig-paragraph\">L&rsquo;avant-centre international su\u00e9dois\u00a0<a href=\"http:\/\/www.lefigaro.fr\/sports\/football\/ligue-des-champions\/sporting-lisbonne-losc-viktor-gyoekeres-l-autre-cyborg-scandinave-qui-affole-le-football-europeen-20240916\" data-fig-type=\"NewsFlash\" data-gtm-custom-categorie=\"navigation\" data-gtm-custom-action=\"crossclick\" data-gtm-custom-label=\"Contextuel\" data-gtm-event=\"customEventSPE\" data-fig-domain=\"LEFIGARO\" rel=\"nofollow noopener\" target=\"_blank\">Viktor Gy\u00f6keres<\/a>\u00a0s&rsquo;est engag\u00e9 avec Arsenal, a annonc\u00e9 samedi le club londonien, pour une indemnit\u00e9 de transfert estim\u00e9e \u00e0 55 millions de livres (un peu plus de 60 millions d&rsquo;euros) par la presse britannique.<\/p>\n<p class=\"fig-paragraph\">Ag\u00e9 de 27 ans, Gy\u00f6keres jouait ces deux derni\u00e8res saisons au Sporting de Lisbonne, o\u00f9 il a inscrit 97 buts en 102 apparitions, souligne Arsenal dans un communiqu\u00e9. En s\u00e9lection, ses statistiques sont du m\u00eame acabit, avec 12 buts lors de ses 17 derni\u00e8res s\u00e9lections.<\/p>\n<p>                                    <a class=\"fig-a11y-skip a11y-hidden\" href=\"#fig-a11y-skip-main-inarticle\"><br \/>\n        Passer la publicit\u00e9<br \/>\n    <\/a><\/p>\n<p>Une exp\u00e9rience \u00e0 Brighton<\/p>\n<p class=\"fig-paragraph\">\u00abNous sommes absolument ravis d\u2019accueillir Viktor Gy\u00f6keres au club. La constance qu\u2019il a montr\u00e9e dans ses performances et sa disponibilit\u00e9 sont remarquables, et ses contributions en termes de buts parlent d\u2019elles-m\u00eames\u00bb, s\u2019est r\u00e9joui le manager des Gunners, Mikel Arteta, cit\u00e9 par son club.<\/p>\n<p class=\"fig-paragraph\">L\u2019international su\u00e9dois est la sixi\u00e8me recrue estivale d\u2019Arsenal, possiblement la derni\u00e8re, apr\u00e8s le d\u00e9fenseur Cristhian Mosquera, les milieux de terrain Martin Zubimendi et Christian Norgaard, le gardien Kepa Arrizabalaga et l\u2019attaquant Noni Madueke.<\/p>\n<p class=\"fig-paragraph\">Deuxi\u00e8me de Premier League ces trois derni\u00e8res saisons, en qu\u00eate depuis plus de vingt ans d\u2019un nouveau titre de champion d\u2019Angleterre, Arsenal a d\u00e9pens\u00e9 aux alentours de 200 millions de livres (230 millions d\u2019euros) depuis l\u2019ouverture du mercato pour se renforcer. Gy\u00f6keres devrait rejoindre ses nouveaux partenaires lors de la tourn\u00e9e asiatique d\u2019avant-saison au programme des Gunners \u00e0 Singapour et Hong Kong.<\/p>\n<p class=\"fig-paragraph\">N\u00e9 \u00e0 Stockholm, il conna\u00eet d\u00e9j\u00e0 le football anglais pour avoir \u00e9volu\u00e9 \u00e0 Brighton, qu\u2019il a rejoint en janvier 2018 \u00e0 l\u2019\u00e2ge de 19 ans avant une s\u00e9rie de pr\u00eats (Sankt-Pauli en Allemagne, Swansea et Coventry en deuxi\u00e8me division anglaise).<\/p>\n<blockquote class=\"fig-quote&#10;    \">\n<p class=\"fig-quote__text\">Viktor est un talent exceptionnel et a constamment d\u00e9montr\u00e9 qu\u2019il poss\u00e8de les qualit\u00e9s et la mentalit\u00e9 de gagnant n\u00e9cessaire \u00e0 un avant-centre de top niveau<\/p>\n<p>            Andrea Berta, directeur sportif d\u2019Arsenal\n    <\/p><\/blockquote>\n<p class=\"fig-paragraph\">Transf\u00e9r\u00e9 \u00e0 Coventry, il avait \u00e9chou\u00e9 de peu \u00e0 aider les Sky Blues \u00e0 remonter en Premier League \u00e0 l\u2019issue de la saison 2022-2023 avant de signer avec le Sporting Lisbonne, o\u00f9 il s\u2019est r\u00e9v\u00e9l\u00e9 au grand jour.<\/p>\n<p>                                    <a class=\"fig-a11y-skip a11y-hidden\" href=\"#fig-a11y-skip-main-inarticle_mtf\"><br \/>\n        Passer la publicit\u00e9<br \/>\n    <\/a><\/p>\n<p class=\"fig-paragraph\">Il quitte le championnat portugais sur deux titres de champion plus une Coupe du Portugal, la saison pass\u00e9e. A Arsenal, dont le dernier titre remonte \u00e0 la FA Cup remport\u00e9e en 2020, il va renforcer la ligne d\u2019attaque d\u2019un club qui a souffert la saison pass\u00e9e des absences longue dur\u00e9e de Gabriel Jesus et de Kai Havertz et joue depuis plusieurs saisons sans buteur de ce calibre.<\/p>\n<p class=\"fig-paragraph\">\u00abViktor est un talent exceptionnel et a constamment d\u00e9montr\u00e9 qu\u2019il poss\u00e8de les qualit\u00e9s et la mentalit\u00e9 de gagnant n\u00e9cessaire \u00e0 un avant centre de top niveau\u00bb, a soulign\u00e9 le directeur sportif d\u2019Arsenal, Andrea Berta. \u00abSa dimension physique, son intelligence et son \u00e9thique de travail se marient parfaitement \u00e0 notre vision.\u00bb<\/p>\n","protected":false},"excerpt":{"rendered":"L\u2019international su\u00e9dois a \u00e9t\u00e9 officialis\u00e9 \u00e0 Arsenal ce samedi. Un v\u00e9ritable buteur qui ne manquera pas de faire&hellip;\n","protected":false},"author":2,"featured_media":276532,"comment_status":"","ping_status":"","sticky":false,"template":"","format":"standard","meta":{"footnotes":""},"categories":[9],"tags":[5357,1011,27,70,60],"class_list":{"0":"post-276531","1":"post","2":"type-post","3":"status-publish","4":"format-standard","5":"has-post-thumbnail","7":"category-sports","8":"tag-arsenal","9":"tag-fr","10":"tag-france","11":"tag-premier-league","12":"tag-sports"},"share_on_mastodon":{"url":"https:\/\/pubeurope.com\/@fr\/114922995317167555","error":""},"_links":{"self":[{"href":"https:\/\/www.europesays.com\/fr\/wp-json\/wp\/v2\/posts\/276531","targetHints":{"allow":["GET"]}}],"collection":[{"href":"https:\/\/www.europesays.com\/fr\/wp-json\/wp\/v2\/posts"}],"about":[{"href":"https:\/\/www.europesays.com\/fr\/wp-json\/wp\/v2\/types\/post"}],"author":[{"embeddable":true,"href":"https:\/\/www.europesays.com\/fr\/wp-json\/wp\/v2\/users\/2"}],"replies":[{"embeddable":true,"href":"https:\/\/www.europesays.com\/fr\/wp-json\/wp\/v2\/comments?post=276531"}],"version-history":[{"count":0,"href":"https:\/\/www.europesays.com\/fr\/wp-json\/wp\/v2\/posts\/276531\/revisions"}],"wp:featuredmedia":[{"embeddable":true,"href":"https:\/\/www.europesays.com\/fr\/wp-json\/wp\/v2\/media\/276532"}],"wp:attachment":[{"href":"https:\/\/www.europesays.com\/fr\/wp-json\/wp\/v2\/media?parent=276531"}],"wp:term":[{"taxonomy":"category","embeddable":true,"href":"https:\/\/www.europesays.com\/fr\/wp-json\/wp\/v2\/categories?post=276531"},{"taxonomy":"post_tag","embeddable":true,"href":"https:\/\/www.europesays.com\/fr\/wp-json\/wp\/v2\/tags?post=276531"}],"curies":[{"name":"wp","href":"https:\/\/api.w.org\/{rel}","templated":true}]}}