{"id":276535,"date":"2025-07-27T03:09:11","date_gmt":"2025-07-27T03:09:11","guid":{"rendered":"https:\/\/www.europesays.com\/fr\/276535\/"},"modified":"2025-07-27T03:09:11","modified_gmt":"2025-07-27T03:09:11","slug":"lincroyable-decouverte-dun-fossile-de-dinosaure-a-plus-de-230-metres-sous-lasphalte","status":"publish","type":"post","link":"https:\/\/www.europesays.com\/fr\/276535\/","title":{"rendered":"l&rsquo;incroyable d\u00e9couverte d&rsquo;un fossile de dinosaure \u00e0 plus de 230 m\u00e8tres sous l&rsquo;asphalte"},"content":{"rendered":"<p data-start=\"450\" data-end=\"857\"><strong>La transition<br \/>\n\u00e9nerg\u00e9tique r\u00e9serve parfois des surprises inattendues. \u00c0 Denver,<br \/>\naux \u00c9tats-Unis, un projet de forage g\u00e9othermique men\u00e9 sous le<br \/>\nparking d\u2019un <a href=\"https:\/\/sciencepost.fr\/ce-musee-francais-detient-une-television-de-1949-encore-en-etat-de-fonctionnement\/\" target=\"_blank\" rel=\"noopener nofollow\">mus\u00e9e<\/a> a mis au jour une<br \/>\nd\u00e9couverte pal\u00e9ontologique de tout premier ordre : une vert\u00e8bre de<br \/>\ndinosaure vieille d\u2019environ 67 millions d\u2019ann\u00e9es, enfouie \u00e0 plus de<br \/>\n230 m\u00e8tres sous terre. Une trouvaille exceptionnelle qui m\u00eale futur<br \/>\ndurable et pass\u00e9 lointain.<\/strong><\/p>\n<p>Un projet vert, un os<br \/>\nfossilis\u00e9<\/p>\n<p data-start=\"896\" data-end=\"1290\">L\u2019histoire commence en janvier<br \/>\n2024, lorsque le Mus\u00e9e de la nature et des sciences de Denver lance<br \/>\nune \u00e9tude de faisabilit\u00e9 pour remplacer son syst\u00e8me de chauffage au<br \/>\ngaz par une technologie g\u00e9othermique, plus respectueuse du climat.<br \/>\nLe projet, financ\u00e9 par une subvention de 250 000 dollars du<br \/>\nColorado, s\u2019inscrit dans un plan global de l\u2019\u00c9tat visant \u00e0<br \/>\nd\u00e9carboner ses infrastructures publiques.<\/p>\n<p data-start=\"1292\" data-end=\"1621\">Mais les scientifiques du<br \/>\nmus\u00e9e y voient aussi une opportunit\u00e9 scientifique : en profitant du<br \/>\nforage, pourquoi ne pas pr\u00e9lever des carottes g\u00e9ologiques pour<br \/>\nmieux comprendre la structure du sous-sol de Denver ? Cette r\u00e9gion,<br \/>\nconnue pour ses s\u00e9diments riches en fossiles, a longtemps \u00e9t\u00e9 un<br \/>\nterrain de jeu pour les pal\u00e9ontologues.<\/p>\n<p data-start=\"1623\" data-end=\"1731\">Ce qu\u2019ils ne soup\u00e7onnaient<br \/>\npas, c\u2019est que leur carotte allait traverser le temps jusqu\u2019au<br \/>\nCr\u00e9tac\u00e9 sup\u00e9rieur.<\/p>\n<p>Une vert\u00e8bre sous 230 m\u00e8tres<br \/>\nd\u2019asphalte<\/p>\n<p data-start=\"1778\" data-end=\"2169\">\u00c0 environ 232 m\u00e8tres, l\u2019\u00e9quipe<br \/>\nmet au jour un fragment osseux incrust\u00e9 dans la roche. L\u2019analyse<br \/>\nr\u00e9v\u00e8le qu\u2019il s\u2019agit d\u2019une vert\u00e8bre d\u2019un dinosaure herbivore.<br \/>\nProbablement un Thescelosaurus ou un Edmontosaurus, deux esp\u00e8ces qui vivaient dans la r\u00e9gion<br \/>\npeu de temps avant l\u2019extinction massive qui a balay\u00e9 la plupart des<br \/>\ndinosaures il y a 66 millions d\u2019ann\u00e9es.<\/p>\n<p data-start=\"2171\" data-end=\"2365\">D\u2019apr\u00e8s les datations<br \/>\nradiom\u00e9triques, le fossile a environ 67,5 millions d\u2019ann\u00e9es. C\u2019est,<br \/>\n\u00e0 ce jour, le fossile de dinosaure le plus profond jamais trouv\u00e9<br \/>\ndans les limites de la ville de Denver.<\/p>\n<p>Une chance sur un<br \/>\nmillion<\/p>\n<p data-start=\"2398\" data-end=\"2769\">\u00ab C\u2019est comme gagner au<br \/>\nloto tout en se faisant frapper par la foudre \u00bb, a <a href=\"https:\/\/www.dmns.org\/catalyst\/museum-stories\/parking-lot-dinosaur-discovery\/\" target=\"_blank\" rel=\"noopener nofollow\">plaisant\u00e9<\/a> James Hagadorn,<br \/>\nconservateur en g\u00e9ologie au mus\u00e9e. Une image qui refl\u00e8te bien<br \/>\nl\u2019extr\u00eame raret\u00e9 de cette d\u00e9couverte. Car si le bassin de Denver<br \/>\nest propice aux fossiles, les trouver \u00e0 plus de 200 m\u00e8tres de<br \/>\nprofondeur, en plein c\u0153ur urbain, sous un parking, tient de<br \/>\nl\u2019exploit improbable.<\/p>\n<p data-start=\"2771\" data-end=\"3053\">\u00ab En 35 ans de carri\u00e8re,<br \/>\nje n\u2019ai jamais vu une opportunit\u00e9 pareille \u00bb, a d\u00e9clar\u00e9 Bob<br \/>\nRaynolds, chercheur associ\u00e9 en sciences de la Terre. \u00ab \u00c9tudier<br \/>\navec autant de pr\u00e9cision les couches profondes sous nos pieds, et y<br \/>\ntrouver un fragment de dinosaure, c\u2019est tout simplement<br \/>\nmagique. \u00bb<\/p>\n<p><img loading=\"lazy\" data-lazyloaded=\"1\" decoding=\"async\" class=\"size-full wp-image-313196\" src=\"https:\/\/www.europesays.com\/fr\/wp-content\/uploads\/2025\/07\/EAS2025-2_024-1-scaled.jpg\" alt=\"dinosaure Thescelosaurus\" width=\"2048\" height=\"1376\"  data-\/><br \/>\nLa vert\u00e8bre d\u2019ornithopode de la formation de Denver d\u00e9couverte dans<br \/>\nl\u2019une des carottes for\u00e9es. Cr\u00e9dits : Rick Wicker \/ Mus\u00e9e de la<br \/>\nnature et des sciences de DenverUne fen\u00eatre sur le Denver du<br \/>\nCr\u00e9tac\u00e9<\/p>\n<p data-start=\"3097\" data-end=\"3456\">Ce fragment osseux permet de<br \/>\nreconstituer un instantan\u00e9 du Denver pr\u00e9historique. Il y a 67<br \/>\nmillions d\u2019ann\u00e9es, bien avant l\u2019\u00e9mergence des Rocheuses, la r\u00e9gion<br \/>\n\u00e9tait une vaste plaine humide, bord\u00e9e de for\u00eats subtropicales, o\u00f9<br \/>\n\u00e9voluaient des dinosaures de toutes tailles. Les couches<br \/>\ng\u00e9ologiques travers\u00e9es lors du forage sont pr\u00e9cis\u00e9ment celles de<br \/>\ncette \u00e9poque.<\/p>\n<p data-start=\"3458\" data-end=\"3725\">Pour les chercheurs, cette<br \/>\nvert\u00e8bre n\u2019est pas seulement un objet d\u2019\u00e9tude : elle repr\u00e9sente une<br \/>\nrare fen\u00eatre sur les \u00e9cosyst\u00e8mes de la fin du Cr\u00e9tac\u00e9, quelques<br \/>\ncentaines de milliers d\u2019ann\u00e9es avant la chute de l\u2019ast\u00e9ro\u00efde<br \/>\nresponsable de la cinqui\u00e8me extinction massive.<\/p>\n<p>Une exposition et une<br \/>\npublication \u00e0 venir<\/p>\n<p data-start=\"3774\" data-end=\"4058\">Le fossile est d\u00e9sormais<br \/>\nexpos\u00e9 au public dans la galerie \u00ab Discovering Teen Rex \u00bb du mus\u00e9e,<br \/>\no\u00f9 il attire la curiosit\u00e9 des visiteurs. Il servira \u00e9galement de<br \/>\nbase \u00e0 une publication scientifique dirig\u00e9e par Holger Petermann,<br \/>\nchercheur postdoctoral, qui participait \u00e0 l\u2019analyse du site.<\/p>\n<p data-start=\"4060\" data-end=\"4366\">Patric O\u2019Connor, directeur des<br \/>\nsciences de la Terre et de l\u2019espace du mus\u00e9e, s\u2019est r\u00e9joui de cette<br \/>\ncollaboration entre g\u00e9ologues, ing\u00e9nieurs et pal\u00e9ontologues. \u00ab Non<br \/>\nseulement cette d\u00e9couverte est inattendue, mais elle cr\u00e9e un pont<br \/>\nin\u00e9dit entre \u00e9nergie durable et recherche fondamentale \u00bb, a-t-il<br \/>\nsoulign\u00e9.<\/p>\n<p>Creuser pour le futur,<br \/>\nexhumer le pass\u00e9<\/p>\n<p data-start=\"4413\" data-end=\"4736\">Le projet g\u00e9othermique du<br \/>\nmus\u00e9e, qui visait \u00e0 assurer un avenir \u00e9nerg\u00e9tique plus propre, a<br \/>\nparadoxalement permis de r\u00e9v\u00e9ler un pass\u00e9 enfoui depuis des<br \/>\nmillions d\u2019ann\u00e9es. C\u2019est un rappel fascinant que le sol sous nos<br \/>\npieds est une archive vivante du temps \u2014 et que chaque m\u00e8tre creus\u00e9<br \/>\npeut nous rapprocher d\u2019un monde oubli\u00e9.<\/p>\n<p data-start=\"4738\" data-end=\"4820\">Parfois, pour construire<br \/>\nl\u2019avenir, il faut d\u2019abord traverser les strates du pass\u00e9.<\/p>\n","protected":false},"excerpt":{"rendered":"La transition \u00e9nerg\u00e9tique r\u00e9serve parfois des surprises inattendues. \u00c0 Denver, aux \u00c9tats-Unis, un projet de forage g\u00e9othermique men\u00e9&hellip;\n","protected":false},"author":2,"featured_media":276536,"comment_status":"","ping_status":"","sticky":false,"template":"","format":"standard","meta":{"footnotes":""},"categories":[7],"tags":[1011,27,43,40,41,39,42,44],"class_list":{"0":"post-276535","1":"post","2":"type-post","3":"status-publish","4":"format-standard","5":"has-post-thumbnail","7":"category-sciences-et-technologies","8":"tag-fr","9":"tag-france","10":"tag-science","11":"tag-science-and-technology","12":"tag-sciences","13":"tag-sciences-et-technologies","14":"tag-technologies","15":"tag-technology"},"share_on_mastodon":{"url":"https:\/\/pubeurope.com\/@fr\/114923003167249669","error":""},"_links":{"self":[{"href":"https:\/\/www.europesays.com\/fr\/wp-json\/wp\/v2\/posts\/276535","targetHints":{"allow":["GET"]}}],"collection":[{"href":"https:\/\/www.europesays.com\/fr\/wp-json\/wp\/v2\/posts"}],"about":[{"href":"https:\/\/www.europesays.com\/fr\/wp-json\/wp\/v2\/types\/post"}],"author":[{"embeddable":true,"href":"https:\/\/www.europesays.com\/fr\/wp-json\/wp\/v2\/users\/2"}],"replies":[{"embeddable":true,"href":"https:\/\/www.europesays.com\/fr\/wp-json\/wp\/v2\/comments?post=276535"}],"version-history":[{"count":0,"href":"https:\/\/www.europesays.com\/fr\/wp-json\/wp\/v2\/posts\/276535\/revisions"}],"wp:featuredmedia":[{"embeddable":true,"href":"https:\/\/www.europesays.com\/fr\/wp-json\/wp\/v2\/media\/276536"}],"wp:attachment":[{"href":"https:\/\/www.europesays.com\/fr\/wp-json\/wp\/v2\/media?parent=276535"}],"wp:term":[{"taxonomy":"category","embeddable":true,"href":"https:\/\/www.europesays.com\/fr\/wp-json\/wp\/v2\/categories?post=276535"},{"taxonomy":"post_tag","embeddable":true,"href":"https:\/\/www.europesays.com\/fr\/wp-json\/wp\/v2\/tags?post=276535"}],"curies":[{"name":"wp","href":"https:\/\/api.w.org\/{rel}","templated":true}]}}