{"id":27654,"date":"2025-04-15T21:43:17","date_gmt":"2025-04-15T21:43:17","guid":{"rendered":"https:\/\/www.europesays.com\/fr\/27654\/"},"modified":"2025-04-15T21:43:17","modified_gmt":"2025-04-15T21:43:17","slug":"mont-dol-concert-dedie-a-deux-maitres-de-la-musique-baroque","status":"publish","type":"post","link":"https:\/\/www.europesays.com\/fr\/27654\/","title":{"rendered":"Mont-Dol. Concert d\u00e9di\u00e9 \u00e0 deux ma\u00eetres de la musique baroque"},"content":{"rendered":"<p>Samedi, l\u2019\u00e9glise Saint-Pierre accueillera un concert, Les Go\u00fbts Estrangers, d\u00e9di\u00e9 aux \u0153uvres des compositeurs Fran\u00e7ois Couperin (1668-1733) et Marin Marais (1656-1728), ma\u00eetres de la musique baroque fran\u00e7aise.<\/p>\n<p>Matthieu Letournel, contre tuba, et Laurent Carr\u00e9, saxophoniste t\u00e9nor, joueront des pi\u00e8ces qui \u00e0 l\u2019origine \u00e9taient interpr\u00e9t\u00e9es au clavecin et \u00e0 la viole de gambe. Les deux interpr\u00e8tes souhaitent <strong>\u00ab\u00a0que ces musiques \u00e9clairent, r\u00e9chauffent et d\u00e9veloppent le go\u00fbt des auditeurs pour ces pi\u00e8ces un peu \u00e9tranges pour nous aujourd\u2019hui, mais qui nous r\u00e9unissent, universellement\u00a0\u00bb.<\/strong> Matthieu Letournel a suivi une formation classique et obtenu le premier prix de tuba au conservatoire de Rennes. Laurent Carr\u00e9, auteur-compositeur, \u00e9crit et joue pour diff\u00e9rentes compagnies de th\u00e9\u00e2tre et travaille aussi pour les arts de la rue.<\/p>\n<p>Samedi 19\u00a0avril, \u00e0 18\u00a0h, en l\u2019\u00e9glise Saint-Pierre. Libre participation. Au programme, entre autres La folie d\u2019Espagne, le badinage, Le Bijou, de Marin Marais, et les 12e et 13e concerts de Fran\u00e7ois Couperin.<\/p>\n<p>\u00a0<\/p>\n","protected":false},"excerpt":{"rendered":"Samedi, l\u2019\u00e9glise Saint-Pierre accueillera un concert, Les Go\u00fbts Estrangers, d\u00e9di\u00e9 aux \u0153uvres des compositeurs Fran\u00e7ois Couperin (1668-1733) et&hellip;\n","protected":false},"author":2,"featured_media":27655,"comment_status":"","ping_status":"","sticky":false,"template":"","format":"standard","meta":{"footnotes":""},"categories":[2821],"tags":[1111,11,9730,829,1697,9728,1777,674,1011,27,9729,9727,873,12,584,25],"class_list":{"0":"post-27654","1":"post","2":"type-post","3":"status-publish","4":"format-standard","5":"has-post-thumbnail","7":"category-rennes","8":"tag-actu","9":"tag-actualites","10":"tag-baroque","11":"tag-bretagne","12":"tag-concert","13":"tag-dedie","14":"tag-eu","15":"tag-europe","16":"tag-fr","17":"tag-france","18":"tag-maitres","19":"tag-mont-dol","20":"tag-musique","21":"tag-news","22":"tag-rennes","23":"tag-republique-francaise"},"share_on_mastodon":{"url":"https:\/\/pubeurope.com\/@fr\/114344165687163311","error":""},"_links":{"self":[{"href":"https:\/\/www.europesays.com\/fr\/wp-json\/wp\/v2\/posts\/27654","targetHints":{"allow":["GET"]}}],"collection":[{"href":"https:\/\/www.europesays.com\/fr\/wp-json\/wp\/v2\/posts"}],"about":[{"href":"https:\/\/www.europesays.com\/fr\/wp-json\/wp\/v2\/types\/post"}],"author":[{"embeddable":true,"href":"https:\/\/www.europesays.com\/fr\/wp-json\/wp\/v2\/users\/2"}],"replies":[{"embeddable":true,"href":"https:\/\/www.europesays.com\/fr\/wp-json\/wp\/v2\/comments?post=27654"}],"version-history":[{"count":0,"href":"https:\/\/www.europesays.com\/fr\/wp-json\/wp\/v2\/posts\/27654\/revisions"}],"wp:featuredmedia":[{"embeddable":true,"href":"https:\/\/www.europesays.com\/fr\/wp-json\/wp\/v2\/media\/27655"}],"wp:attachment":[{"href":"https:\/\/www.europesays.com\/fr\/wp-json\/wp\/v2\/media?parent=27654"}],"wp:term":[{"taxonomy":"category","embeddable":true,"href":"https:\/\/www.europesays.com\/fr\/wp-json\/wp\/v2\/categories?post=27654"},{"taxonomy":"post_tag","embeddable":true,"href":"https:\/\/www.europesays.com\/fr\/wp-json\/wp\/v2\/tags?post=27654"}],"curies":[{"name":"wp","href":"https:\/\/api.w.org\/{rel}","templated":true}]}}