{"id":276541,"date":"2025-07-27T03:12:15","date_gmt":"2025-07-27T03:12:15","guid":{"rendered":"https:\/\/www.europesays.com\/fr\/276541\/"},"modified":"2025-07-27T03:12:15","modified_gmt":"2025-07-27T03:12:15","slug":"grand-pardon-de-sainte-anne-dauray-cest-le-lourdes-breton","status":"publish","type":"post","link":"https:\/\/www.europesays.com\/fr\/276541\/","title":{"rendered":"Grand Pardon de Sainte-Anne-d\u2019Auray\u00a0: \u00ab\u00a0C\u2019est le Lourdes breton\u00a0\u00bb"},"content":{"rendered":"<p>Ce samedi 26 juillet, jour de sainte Anne, des milliers de p\u00e8lerins se sont retrouv\u00e9s au sanctuaire de Sainte-Anne-d\u2019Auray. Apr\u00e8s la messe en breton de 9 h, la procession aux couleurs des costumes et des banni\u00e8res a rejoint le m\u00e9morial d\u2019o\u00f9 \u00e9tait c\u00e9l\u00e9br\u00e9e une autre messe.<\/p>\n<p>Une tradition familiale<\/p>\n<p>\u00ab C\u2019est, pour moi, un grand moment d\u2019\u00e9motion. Je viens chaque ann\u00e9e au Grand Pardon mais, aujourd\u2019hui, je porte, pour la premi\u00e8re fois, un costume traditionnel dans la procession : c\u2019est la robe de mari\u00e9e de ma m\u00e8re, t\u00e9moigne Anne, venue de Plougastel-Daoulas\u00a0(29). Je le fais en hommage \u00e0 ma grand-m\u00e8re qui, il y a cent ans, \u00e9tait venue remercier sainte Anne d\u2019avoir prot\u00e9g\u00e9 son mari rentr\u00e9 vivant de la Premi\u00e8re Guerre mondiale. \u00bb<\/p>\n<p>\u00c0 ses c\u00f4t\u00e9s, Pascal ajoute que lui aussi est l\u00e0 tous les ans : \u00ab C\u2019est un v\u0153u de ma grand-m\u00e8re qui, le 26 juillet, deux mois avant sa mort, nous avait demand\u00e9 de continuer \u00e0 venir \u00bb.<\/p>\n<p><img decoding=\"async\" src=\"https:\/\/www.europesays.com\/fr\/wp-content\/uploads\/2025\/07\/68850b05012d7c1f7e0bdeec.1.jpeg\" width=\"480\" height=\"300\" class=\"web_golden_m\" loading=\"lazy\" alt=\"Le cardinal Robert Sarah lors de la messe pontificale, envoy\u00e9 sp\u00e9cial du pape \u00e0 Sainte-Anne-d\u2019Auray.\"\/>Le cardinal Robert Sarah lors de la messe pontificale, envoy\u00e9 sp\u00e9cial du pape \u00e0 Sainte-Anne-d\u2019Auray. (Vincent Le Guern)<\/p>\n<p>Les pelouses accueillent les fid\u00e8les, les familles, habitants et touristes, venus des quatre coins de la Bretagne. Une bruine inattendue enveloppe le site au moment de l\u2019accueil de l\u2019\u00e9v\u00eaque de Vannes, Raymond Cent\u00e8ne.<\/p>\n<p>\u00c0 l\u2019occasion du Jubil\u00e9, le pape L\u00e9on XIV <a href=\"https:\/\/www.letelegramme.fr\/morbihan\/sainte-anne-d-auray-56400\/a-sainte-anne-dauray-le-cardinal-sarah-envoye-special-du-pape-lors-du-grand-pardon-6824218.php\" rel=\"nofollow noopener\" target=\"_blank\">a envoy\u00e9 le cardinal Robert Sarah le repr\u00e9senter<\/a>. Lors du dernier conclave, <a href=\"https:\/\/www.letelegramme.fr\/opinions\/edito-robert-sarah-un-cardinal-tres-conservateur-en-mission-a-sainte-anne-dauray-6862094.php\" rel=\"nofollow noopener\" target=\"_blank\">il \u00e9tait le favori des conservateurs fran\u00e7ais<\/a>, l\u2019un des critiques les plus connus du pape Fran\u00e7ois. Au cours de son hom\u00e9lie, l\u2019envoy\u00e9 sp\u00e9cial du pape a insist\u00e9 sur l\u2019importance de la terre et de l\u2019adoration, soulignant qu\u2019\u00ab il n\u2019y a aucun autre lieu au monde o\u00f9 sainte Anne est apparue \u00bb et que \u00ab l\u2019adoration acharn\u00e9e apporte l\u2019esp\u00e9rance \u00bb. \u00c0 la fin de l\u2019hom\u00e9lie, des applaudissements se sont fait entendre sans \u00eatre suivis par la foule.<\/p>\n<p>\u00ab Pas un discours qui rassemble \u00bb<\/p>\n<p>Laurence et David sont suisses. \u00ab Le nom du sanctuaire me disait quelque chose mais nous n\u2019avions jamais eu l\u2019occasion d\u2019y venir. Lorsque nous avons pr\u00e9par\u00e9 nos vacances, nous avons d\u00e9couvert qu\u2019il y avait un jubil\u00e9. Pour nous qui sommes pratiquants, c\u2019\u00e9tait un passage oblig\u00e9. Ici, c\u2019est le Lourdes breton, constate David. Mais nous nous sommes fait surprendre par la circulation et nous sommes arriv\u00e9s bien apr\u00e8s l\u2019hom\u00e9lie. Comme la messe \u00e9tait <a href=\"https:\/\/www.cnews.fr\/emission\/2025-07-26\/messe-de-cloture-du-400e-anniversaire-des-apparitions-en-quete-desprit-emission\" rel=\"nofollow noopener\" target=\"_blank\">retransmise en direct sur CNews<\/a>, nous l\u2019avons suivie en route. \u00bb<\/p>\n<p>\u00ab Nous avons \u00e9t\u00e9 \u00e9tonn\u00e9s d\u2019apprendre que le cardinal Sarah \u00e9tait pr\u00e9sent. C\u2019est un honneur que le pape fasse venir un de ses repr\u00e9sentants, souligne Laurence. Il a eu un discours sur l\u2019appartenance au territoire, l\u2019importance de la terre, que j\u2019ai trouv\u00e9 positif. Avec un b\u00e9mol, c\u2019est que ce n\u2019est pas un discours qui rassemble. \u00bb<\/p>\n","protected":false},"excerpt":{"rendered":"Ce samedi 26 juillet, jour de sainte Anne, des milliers de p\u00e8lerins se sont retrouv\u00e9s au sanctuaire de&hellip;\n","protected":false},"author":2,"featured_media":276542,"comment_status":"","ping_status":"","sticky":false,"template":"","format":"standard","meta":{"footnotes":""},"categories":[4],"tags":[11,7507,829,1011,27,3729,12,4020,25,41589],"class_list":{"0":"post-276541","1":"post","2":"type-post","3":"status-publish","4":"format-standard","5":"has-post-thumbnail","7":"category-france","8":"tag-actualites","9":"tag-auray","10":"tag-bretagne","11":"tag-fr","12":"tag-france","13":"tag-morbihan","14":"tag-news","15":"tag-religion","16":"tag-republique-francaise","17":"tag-sainte-anne-dauray"},"share_on_mastodon":{"url":"https:\/\/pubeurope.com\/@fr\/114923014995773851","error":""},"_links":{"self":[{"href":"https:\/\/www.europesays.com\/fr\/wp-json\/wp\/v2\/posts\/276541","targetHints":{"allow":["GET"]}}],"collection":[{"href":"https:\/\/www.europesays.com\/fr\/wp-json\/wp\/v2\/posts"}],"about":[{"href":"https:\/\/www.europesays.com\/fr\/wp-json\/wp\/v2\/types\/post"}],"author":[{"embeddable":true,"href":"https:\/\/www.europesays.com\/fr\/wp-json\/wp\/v2\/users\/2"}],"replies":[{"embeddable":true,"href":"https:\/\/www.europesays.com\/fr\/wp-json\/wp\/v2\/comments?post=276541"}],"version-history":[{"count":0,"href":"https:\/\/www.europesays.com\/fr\/wp-json\/wp\/v2\/posts\/276541\/revisions"}],"wp:featuredmedia":[{"embeddable":true,"href":"https:\/\/www.europesays.com\/fr\/wp-json\/wp\/v2\/media\/276542"}],"wp:attachment":[{"href":"https:\/\/www.europesays.com\/fr\/wp-json\/wp\/v2\/media?parent=276541"}],"wp:term":[{"taxonomy":"category","embeddable":true,"href":"https:\/\/www.europesays.com\/fr\/wp-json\/wp\/v2\/categories?post=276541"},{"taxonomy":"post_tag","embeddable":true,"href":"https:\/\/www.europesays.com\/fr\/wp-json\/wp\/v2\/tags?post=276541"}],"curies":[{"name":"wp","href":"https:\/\/api.w.org\/{rel}","templated":true}]}}