{"id":276546,"date":"2025-07-27T03:18:22","date_gmt":"2025-07-27T03:18:22","guid":{"rendered":"https:\/\/www.europesays.com\/fr\/276546\/"},"modified":"2025-07-27T03:18:22","modified_gmt":"2025-07-27T03:18:22","slug":"retour-de-phlandrous-fleming-jr-ex-le-portel-en-france-a-nancy","status":"publish","type":"post","link":"https:\/\/www.europesays.com\/fr\/276546\/","title":{"rendered":"Retour de Phlandrous Fleming Jr. (ex-Le Portel) en France, \u00e0 Nancy"},"content":{"rendered":"<p>Apr\u00e8s son passage au Portel, Phlandrous Fleming Jr a port\u00e9 les couleurs de Bonn en Allemagne pour 14,4 points, 3,9 rebonds, 4,2 passes d\u00e9cisives pour 14,6 d\u2019\u00e9valuation. Il s&rsquo;agit de l&rsquo;ultime recrue du SLUC.<\/p>\n<blockquote><p>Le coach Sylvain Lauti\u00e9 :\u00a0\u00ab\u00a0Dans l\u2019optique de continuer \u00e0 renforcer le niveau athl\u00e9tique, physique et la taille de notre effectif, nous sommes heureux d\u2019accueillir Phlandrous. Un gar\u00e7on en pleine progression, qui vient compl\u00e9ter un groupe jeune et prometteur. Joueur enthousiaste et tr\u00e8s polyvalent, il a connu une belle \u00e9volution dans son tir \u00e0 3-points d\u2019une saison \u00e0 l\u2019autre. Capable de jouer sans ballon, il ouvre des possibilit\u00e9s int\u00e9ressantes dans notre jeu offensif. Nous pourrons l\u2019associer \u00e0 plusieurs combinaisons sur la ligne arri\u00e8re.<br \/>Enfin, c\u2019est un joueur capable d\u2019imposer une pression d\u00e9fensive tr\u00e8s haute, \u00e0 l\u2019image de nombreux \u00e9l\u00e9ments de notre effectif, tous d\u00e9termin\u00e9s \u00e0 d\u00e9fendre fort ! \u00bb<\/p><\/blockquote>\n<blockquote><p>Le membre du directoire Laurent Eisenbach:\u00a0\u00ab Joueur hyper intense des 2 c\u00f4t\u00e9s du terrain, nous sommes tr\u00e8s heureux d\u2019accueillir Phlandrous. Capable d\u2019\u00e9voluer sur les 3 postes ext\u00e9rieurs, il sera l\u2019un des leaders de notre projet d\u2019\u00e9quipe construite autour de jeunes joueurs. Apr\u00e8s avoir r\u00e9alis\u00e9 une belle saison en BCL, c\u2019est v\u00e9ritablement une performance d\u2019avoir pu concr\u00e9tiser avec lui. Cela cl\u00f4t notre recrutement avec pas moins de 5 joueurs qui \u00e9voluaient en BCL ou Eurocup la saison derni\u00e8re, ce qui constitue une vraie satisfaction dans la mesure ou ne jouons pas de coupe d\u2019Europe. Ainsi , malgr\u00e9 une \u00e9quipe ultra jeune et probablement la plus jeune du championnat avec 23,8 ans de moyenne, nous disposons de plusieurs joueurs d\u00e9j\u00e0 dot\u00e9s d\u2019une belle exp\u00e9rience du haut niveau. \u00bb<\/p><\/blockquote>\n","protected":false},"excerpt":{"rendered":"Apr\u00e8s son passage au Portel, Phlandrous Fleming Jr a port\u00e9 les couleurs de Bonn en Allemagne pour 14,4&hellip;\n","protected":false},"author":2,"featured_media":276547,"comment_status":"","ping_status":"","sticky":false,"template":"","format":"standard","meta":{"footnotes":""},"categories":[9635],"tags":[1111,11,1777,674,1011,27,775,1702,12,25],"class_list":{"0":"post-276546","1":"post","2":"type-post","3":"status-publish","4":"format-standard","5":"has-post-thumbnail","7":"category-nancy","8":"tag-actu","9":"tag-actualites","10":"tag-eu","11":"tag-europe","12":"tag-fr","13":"tag-france","14":"tag-grand-est","15":"tag-nancy","16":"tag-news","17":"tag-republique-francaise"},"share_on_mastodon":{"url":"https:\/\/pubeurope.com\/@fr\/114923038521573713","error":""},"_links":{"self":[{"href":"https:\/\/www.europesays.com\/fr\/wp-json\/wp\/v2\/posts\/276546","targetHints":{"allow":["GET"]}}],"collection":[{"href":"https:\/\/www.europesays.com\/fr\/wp-json\/wp\/v2\/posts"}],"about":[{"href":"https:\/\/www.europesays.com\/fr\/wp-json\/wp\/v2\/types\/post"}],"author":[{"embeddable":true,"href":"https:\/\/www.europesays.com\/fr\/wp-json\/wp\/v2\/users\/2"}],"replies":[{"embeddable":true,"href":"https:\/\/www.europesays.com\/fr\/wp-json\/wp\/v2\/comments?post=276546"}],"version-history":[{"count":0,"href":"https:\/\/www.europesays.com\/fr\/wp-json\/wp\/v2\/posts\/276546\/revisions"}],"wp:featuredmedia":[{"embeddable":true,"href":"https:\/\/www.europesays.com\/fr\/wp-json\/wp\/v2\/media\/276547"}],"wp:attachment":[{"href":"https:\/\/www.europesays.com\/fr\/wp-json\/wp\/v2\/media?parent=276546"}],"wp:term":[{"taxonomy":"category","embeddable":true,"href":"https:\/\/www.europesays.com\/fr\/wp-json\/wp\/v2\/categories?post=276546"},{"taxonomy":"post_tag","embeddable":true,"href":"https:\/\/www.europesays.com\/fr\/wp-json\/wp\/v2\/tags?post=276546"}],"curies":[{"name":"wp","href":"https:\/\/api.w.org\/{rel}","templated":true}]}}