{"id":276549,"date":"2025-07-27T03:22:19","date_gmt":"2025-07-27T03:22:19","guid":{"rendered":"https:\/\/www.europesays.com\/fr\/276549\/"},"modified":"2025-07-27T03:22:19","modified_gmt":"2025-07-27T03:22:19","slug":"officiel-mercato-benjamin-lecomte-quitte-montpellier-pour-langleterre","status":"publish","type":"post","link":"https:\/\/www.europesays.com\/fr\/276549\/","title":{"rendered":"Officiel &#8211; Mercato : Benjamin Lecomte quitte Montpellier pour l&rsquo;Angleterre"},"content":{"rendered":"<p style=\"text-align: justify;\">C\u2019est d\u00e9sormais officiel, <strong>Benjamin<\/strong> <strong>Lecomte<\/strong> quitte <strong>Montpellier<\/strong> et devient un joueur de <strong>Fulham<\/strong>. Le club anglais\u00a0 de Premier League a annonc\u00e9 ce samedi l\u2019arriv\u00e9e du joueur de 34 ans, signataire d\u2019un contrat de deux ans. Le gardien de but form\u00e9 \u00e0 Lorient, pass\u00e9 par Dijon, Monaco et l\u2019Atl\u00e9tico Madrid devrait devenir la doublure du portier allemand Bernd Leno.<\/p>\n<p style=\"text-align: justify;\">\u00c0 lire aussi &gt;&gt;\u00a0<a href=\"https:\/\/maligue2.fr\/2025\/07\/26\/mercato-montpellier-depart-a-letranger-pour-jordan-ferri\/\" target=\"_blank\" rel=\"noopener\">Mercato \u2013 Montpellier : D\u00e9part \u00e0 l\u2019\u00e9tranger pour Jordan Ferri ?<\/a><\/p>\n<p style=\"text-align: justify;\">Apr\u00e8s le d\u00e9part de Lecomte et celui de Dimitry Bertaud fin juin, le MHSC ne compte actuellement plus qu\u2019un joueur confirm\u00e9 (le nouveau venu Mathieu Michel) \u00e0 ce poste.<\/p>\n<blockquote class=\"twitter-tweet\">\n<p dir=\"ltr\" lang=\"en\">We\u2019re happy to have you, Ben! \ud83c\uddeb\ud83c\uddf7\ud83e\udde4 <a href=\"https:\/\/t.co\/0j1ZDb3a1e\">pic.twitter.com\/0j1ZDb3a1e<\/a><\/p>\n<p>\u2014 Fulham Football Club (@FulhamFC) <a href=\"https:\/\/twitter.com\/FulhamFC\/status\/1949114987848548662?ref_src=twsrc%5Etfw\" target=\"_blank\" rel=\"noopener\">July 26, 2025<\/a><\/p>\n<\/blockquote>\n<p style=\"text-align: justify;\">Photo \u00a9Alexandre Dimou\/Alexpress\/Icon Sport<\/p>\n<p>\t\t<script async src=\"https:\/\/platform.twitter.com\/widgets.js\" charset=\"utf-8\"><\/script><\/p>\n","protected":false},"excerpt":{"rendered":"C\u2019est d\u00e9sormais officiel, Benjamin Lecomte quitte Montpellier et devient un joueur de Fulham. Le club anglais\u00a0 de Premier&hellip;\n","protected":false},"author":2,"featured_media":266653,"comment_status":"","ping_status":"","sticky":false,"template":"","format":"standard","meta":{"footnotes":""},"categories":[9599],"tags":[12165,7562,1111,11,40609,1777,674,1011,27,2208,12,2680,25],"class_list":{"0":"post-276549","1":"post","2":"type-post","3":"status-publish","4":"format-standard","5":"has-post-thumbnail","7":"category-montpellier","8":"tag-alaune6","9":"tag-mettreenavant","10":"tag-actu","11":"tag-actualites","12":"tag-benjamin-lecomte","13":"tag-eu","14":"tag-europe","15":"tag-fr","16":"tag-france","17":"tag-montpellier","18":"tag-news","19":"tag-occitanie","20":"tag-republique-francaise"},"share_on_mastodon":{"url":"https:\/\/pubeurope.com\/@fr\/114923054228252797","error":""},"_links":{"self":[{"href":"https:\/\/www.europesays.com\/fr\/wp-json\/wp\/v2\/posts\/276549","targetHints":{"allow":["GET"]}}],"collection":[{"href":"https:\/\/www.europesays.com\/fr\/wp-json\/wp\/v2\/posts"}],"about":[{"href":"https:\/\/www.europesays.com\/fr\/wp-json\/wp\/v2\/types\/post"}],"author":[{"embeddable":true,"href":"https:\/\/www.europesays.com\/fr\/wp-json\/wp\/v2\/users\/2"}],"replies":[{"embeddable":true,"href":"https:\/\/www.europesays.com\/fr\/wp-json\/wp\/v2\/comments?post=276549"}],"version-history":[{"count":0,"href":"https:\/\/www.europesays.com\/fr\/wp-json\/wp\/v2\/posts\/276549\/revisions"}],"wp:featuredmedia":[{"embeddable":true,"href":"https:\/\/www.europesays.com\/fr\/wp-json\/wp\/v2\/media\/266653"}],"wp:attachment":[{"href":"https:\/\/www.europesays.com\/fr\/wp-json\/wp\/v2\/media?parent=276549"}],"wp:term":[{"taxonomy":"category","embeddable":true,"href":"https:\/\/www.europesays.com\/fr\/wp-json\/wp\/v2\/categories?post=276549"},{"taxonomy":"post_tag","embeddable":true,"href":"https:\/\/www.europesays.com\/fr\/wp-json\/wp\/v2\/tags?post=276549"}],"curies":[{"name":"wp","href":"https:\/\/api.w.org\/{rel}","templated":true}]}}