{"id":27656,"date":"2025-04-15T21:44:29","date_gmt":"2025-04-15T21:44:29","guid":{"rendered":"https:\/\/www.europesays.com\/fr\/27656\/"},"modified":"2025-04-15T21:44:29","modified_gmt":"2025-04-15T21:44:29","slug":"bieres-piste-de-danse-a-rennes-le-bar-nebula-propose-un-concentre-de-houblons-et-de-musiques","status":"publish","type":"post","link":"https:\/\/www.europesays.com\/fr\/27656\/","title":{"rendered":"Bi\u00e8res, piste de danse\u2026 \u00c0 Rennes, le bar Nebula propose un concentr\u00e9 de houblons et de musiques"},"content":{"rendered":"<p>Depuis le 17\u00a0mars 2025, le bar <a href=\"https:\/\/www.instagram.com\/nebula.rennes\/\" target=\"_blank\" rel=\"noopener\">Nebula<\/a>, \u00e0 la devanture verte, a fait son apparition au 2\u00a0rue Sainte-Melaine, \u00e0 Rennes (<a href=\"https:\/\/www.ouest-france.fr\/bretagne\/ille-et-vilaine\/\" target=\"_blank\" rel=\"noopener\">Ille-et-Vilaine<\/a>).<\/p>\n<p>Aux commandes de l\u2019\u00e9tablissement, Casi et Sarah, les deux\u00a0cog\u00e9rants ont repris ce lieu avec l\u2019ambition d\u2019en faire un endroit <strong>\u00ab\u00a0de convivialit\u00e9 autour de bi\u00e8res locales et biologiques\u00a0\u00bb.<\/strong><\/p>\n<p><strong>Lire aussi\u00a0:<\/strong>\u00a0<a href=\"https:\/\/rennes.maville.com\/actu\/actudet_-un-nouveau-pub-so-british-a-ouvert-dans-le-centre-ville-de-rennes-_52674-6751156_actu.Htm\" target=\"_blank\" rel=\"noopener\">Un nouveau pub \u00ab\u00a0so british\u00a0\u00bb a ouvert dans le centre-ville de Rennes<\/a><\/p>\n<p>Des \u00ab\u00a0cocktails travaill\u00e9s\u00a0\u00bb<\/p>\n<p>\u00c0 l\u2019int\u00e9rieur, le bar \u00e0 l\u2019ambiance v\u00e9g\u00e9tale et au ton vert et violet accueille les clients, jusqu\u2019\u00e0 la piste de danse, o\u00f9 les couleurs se font plus vives et \u00e9lectriques. Ces m\u00eames teintes se retrouvent dans l\u2019un des cocktails signatures \u00ab\u00a0le Nebu\u00a0\u00bb, offrant un \u00e9quilibre entre la fra\u00eecheur du citron et la douceur de la violette. Les g\u00e9rants pr\u00e9sentent un savoir-faire en mati\u00e8re de<strong> \u00ab\u00a0cocktails travaill\u00e9s\u00a0\u00bb, <\/strong>\u00e0 tester avec mod\u00e9ration.<\/p>\n<p>Le lieu a \u00e9t\u00e9 pens\u00e9 pour programmer des \u00e9v\u00e9nements r\u00e9guliers, ax\u00e9s sur <strong>\u00ab\u00a0les musiques \u00e9lectroniques\u00a0\u00bb<\/strong> notamment les jeudis et vendredis soirs. Pour profiter de ces sonorit\u00e9s avec les premiers rayons du soleil, une petite terrasse a \u00e9t\u00e9 install\u00e9e \u00e0 l\u2019entr\u00e9e.<\/p>\n<p><strong>Nebula,<\/strong> 2,\u00a0rue Saint-Melaine. Ouvert du mardi au samedi de 17\u00a0h \u00e0 1\u00a0h. @nebula.rennes.<\/p>\n<p>\u00a0<\/p>\n<p>\t\t<script async src=\"\/\/www.instagram.com\/embed.js\"><\/script><\/p>\n","protected":false},"excerpt":{"rendered":"Depuis le 17\u00a0mars 2025, le bar Nebula, \u00e0 la devanture verte, a fait son apparition au 2\u00a0rue Sainte-Melaine,&hellip;\n","protected":false},"author":2,"featured_media":27657,"comment_status":"","ping_status":"","sticky":false,"template":"","format":"standard","meta":{"footnotes":""},"categories":[2821],"tags":[1111,11,9732,9731,829,9734,5972,1777,674,1011,27,9735,1698,9733,12,8061,6088,584,25],"class_list":{"0":"post-27656","1":"post","2":"type-post","3":"status-publish","4":"format-standard","5":"has-post-thumbnail","7":"category-rennes","8":"tag-actu","9":"tag-actualites","10":"tag-bar","11":"tag-bieres","12":"tag-bretagne","13":"tag-concentre","14":"tag-danse","15":"tag-eu","16":"tag-europe","17":"tag-fr","18":"tag-france","19":"tag-houblons","20":"tag-musiques","21":"tag-nebula","22":"tag-news","23":"tag-piste","24":"tag-propose","25":"tag-rennes","26":"tag-republique-francaise"},"share_on_mastodon":{"url":"https:\/\/pubeurope.com\/@fr\/114344169601235279","error":""},"_links":{"self":[{"href":"https:\/\/www.europesays.com\/fr\/wp-json\/wp\/v2\/posts\/27656","targetHints":{"allow":["GET"]}}],"collection":[{"href":"https:\/\/www.europesays.com\/fr\/wp-json\/wp\/v2\/posts"}],"about":[{"href":"https:\/\/www.europesays.com\/fr\/wp-json\/wp\/v2\/types\/post"}],"author":[{"embeddable":true,"href":"https:\/\/www.europesays.com\/fr\/wp-json\/wp\/v2\/users\/2"}],"replies":[{"embeddable":true,"href":"https:\/\/www.europesays.com\/fr\/wp-json\/wp\/v2\/comments?post=27656"}],"version-history":[{"count":0,"href":"https:\/\/www.europesays.com\/fr\/wp-json\/wp\/v2\/posts\/27656\/revisions"}],"wp:featuredmedia":[{"embeddable":true,"href":"https:\/\/www.europesays.com\/fr\/wp-json\/wp\/v2\/media\/27657"}],"wp:attachment":[{"href":"https:\/\/www.europesays.com\/fr\/wp-json\/wp\/v2\/media?parent=27656"}],"wp:term":[{"taxonomy":"category","embeddable":true,"href":"https:\/\/www.europesays.com\/fr\/wp-json\/wp\/v2\/categories?post=27656"},{"taxonomy":"post_tag","embeddable":true,"href":"https:\/\/www.europesays.com\/fr\/wp-json\/wp\/v2\/tags?post=27656"}],"curies":[{"name":"wp","href":"https:\/\/api.w.org\/{rel}","templated":true}]}}