{"id":276568,"date":"2025-07-27T03:39:37","date_gmt":"2025-07-27T03:39:37","guid":{"rendered":"https:\/\/www.europesays.com\/fr\/276568\/"},"modified":"2025-07-27T03:39:37","modified_gmt":"2025-07-27T03:39:37","slug":"quatre-blesses-dont-trois-enfants-apres-un-refus-dobtemperer-a-colomiers-pres-de-toulouse-lauteur-en-fuite","status":"publish","type":"post","link":"https:\/\/www.europesays.com\/fr\/276568\/","title":{"rendered":"Quatre bless\u00e9s dont trois enfants apr\u00e8s un refus d&rsquo;obtemp\u00e9rer \u00e0 Colomiers pr\u00e8s de Toulouse, l&rsquo;auteur en fuite"},"content":{"rendered":"<p>Apr\u00e8s avoir refus\u00e9 de se soumettre \u00e0 un contr\u00f4le de gendarmerie, un homme circulant dans un <a data-i13n=\"cpos:1;pos:1\" href=\"https:\/\/www.bfmtv.com\/police-justice\/nimes-2-morts-et-3-blesses-dans-un-accident-sur-l-autoroute-a9_AN-201801130003.html\" rel=\"nofollow noopener\" target=\"_blank\" data-ylk=\"slk:4x4;cpos:1;pos:1;elm:context_link;itc:0;sec:content-canvas\" class=\"link \">4&#215;4<\/a> a percut\u00e9, ce vendredi 25 juillet apr\u00e8s-midi, un v\u00e9hicule transportant une famille \u00e0 Colomiers, \u00e0 l&rsquo;ouest de Toulouse, a indiqu\u00e9 la police \u00e0 BFMTV.<\/p>\n<p>La conductrice, une femme \u00e2g\u00e9e de 37 ans, a \u00e9t\u00e9 gri\u00e8vement bless\u00e9e dans l&rsquo;accident, ainsi que l&rsquo;un de ses enfants \u00e2g\u00e9 de 10 ans. Deux autres enfants, \u00e2g\u00e9s de 12 et 13 ans, ont \u00e9t\u00e9 plus l\u00e9g\u00e8rement bless\u00e9s. Tous ont \u00e9t\u00e9 conduits \u00e0 l&rsquo;h\u00f4pital Purpan \u00e0 Toulouse.<\/p>\n<p>Le conducteur du v\u00e9hicule en fuite<\/p>\n<p>Apr\u00e8s l&rsquo;accident, le conducteur du v\u00e9hicule impliqu\u00e9 <a data-i13n=\"cpos:2;pos:1\" href=\"https:\/\/www.bfmtv.com\/var\/hyeres-un-policier-parvient-a-s-introduire-dans-une-voiture-pour-stopper-un-refus-d-obtemperer_AN-202310310377.html\" rel=\"nofollow noopener\" target=\"_blank\" data-ylk=\"slk:a pris la fuite \u00e0 pie;cpos:2;pos:1;elm:context_link;itc:0;sec:content-canvas\" class=\"link \">a pris la fuite \u00e0 pie<\/a><a data-i13n=\"cpos:3;pos:1\" href=\"https:\/\/www.bfmtv.com\/var\/hyeres-un-policier-parvient-a-s-introduire-dans-une-voiture-pour-stopper-un-refus-d-obtemperer_AN-202310310377.html\" rel=\"nofollow noopener\" target=\"_blank\" data-ylk=\"slk:d;cpos:3;pos:1;elm:context_link;itc:0;sec:content-canvas\" class=\"link \">d<\/a> et est activement recherch\u00e9 par les forces de l&rsquo;ordre.<\/p>\n<p>Une enqu\u00eate est donc ouverte pour \u00ab\u00a0blessures involontaires aggrav\u00e9es par la mise en danger d\u00e9lib\u00e9r\u00e9e d&rsquo;autrui\u00a0\u00bb et \u00ab\u00a0d\u00e9lit de fuite\u00a0\u00bb, en plus de divers d\u00e9lits routiers, a indiqu\u00e9 le parquet de Toulouse \u00e0 BFMTV.<\/p>\n<p><a data-i13n=\"cpos:4;pos:1\" href=\"https:\/\/www.bfmtv.com\/police-justice\/quatre-blesses-dont-trois-enfants-apres-un-refus-d-obtemperer-a-colomiers-pres-de-toulouse-l-auteur-en-fuite_AN-202507260223.html#xtor=AL-68\" rel=\"nofollow noopener\" target=\"_blank\" data-ylk=\"slk:Article original publi\u00e9 sur BFMTV.com;cpos:4;pos:1;elm:context_link;itc:0;sec:content-canvas\" class=\"link \">Article original publi\u00e9 sur BFMTV.com<\/a><\/p>\n","protected":false},"excerpt":{"rendered":"Apr\u00e8s avoir refus\u00e9 de se soumettre \u00e0 un contr\u00f4le de gendarmerie, un homme circulant dans un 4&#215;4 a&hellip;\n","protected":false},"author":2,"featured_media":276569,"comment_status":"","ping_status":"","sticky":false,"template":"","format":"standard","meta":{"footnotes":""},"categories":[2816],"tags":[1111,11,4490,41590,19462,1777,674,3160,1011,27,12,2680,25,2312],"class_list":{"0":"post-276568","1":"post","2":"type-post","3":"status-publish","4":"format-standard","5":"has-post-thumbnail","7":"category-toulouse","8":"tag-actu","9":"tag-actualites","10":"tag-blessures-involontaires","11":"tag-colomiers","12":"tag-delit-de-fuite","13":"tag-eu","14":"tag-europe","15":"tag-forces-de-lordre","16":"tag-fr","17":"tag-france","18":"tag-news","19":"tag-occitanie","20":"tag-republique-francaise","21":"tag-toulouse"},"share_on_mastodon":{"url":"https:\/\/pubeurope.com\/@fr\/114923121067508407","error":""},"_links":{"self":[{"href":"https:\/\/www.europesays.com\/fr\/wp-json\/wp\/v2\/posts\/276568","targetHints":{"allow":["GET"]}}],"collection":[{"href":"https:\/\/www.europesays.com\/fr\/wp-json\/wp\/v2\/posts"}],"about":[{"href":"https:\/\/www.europesays.com\/fr\/wp-json\/wp\/v2\/types\/post"}],"author":[{"embeddable":true,"href":"https:\/\/www.europesays.com\/fr\/wp-json\/wp\/v2\/users\/2"}],"replies":[{"embeddable":true,"href":"https:\/\/www.europesays.com\/fr\/wp-json\/wp\/v2\/comments?post=276568"}],"version-history":[{"count":0,"href":"https:\/\/www.europesays.com\/fr\/wp-json\/wp\/v2\/posts\/276568\/revisions"}],"wp:featuredmedia":[{"embeddable":true,"href":"https:\/\/www.europesays.com\/fr\/wp-json\/wp\/v2\/media\/276569"}],"wp:attachment":[{"href":"https:\/\/www.europesays.com\/fr\/wp-json\/wp\/v2\/media?parent=276568"}],"wp:term":[{"taxonomy":"category","embeddable":true,"href":"https:\/\/www.europesays.com\/fr\/wp-json\/wp\/v2\/categories?post=276568"},{"taxonomy":"post_tag","embeddable":true,"href":"https:\/\/www.europesays.com\/fr\/wp-json\/wp\/v2\/tags?post=276568"}],"curies":[{"name":"wp","href":"https:\/\/api.w.org\/{rel}","templated":true}]}}