{"id":276570,"date":"2025-07-27T03:41:16","date_gmt":"2025-07-27T03:41:16","guid":{"rendered":"https:\/\/www.europesays.com\/fr\/276570\/"},"modified":"2025-07-27T03:41:16","modified_gmt":"2025-07-27T03:41:16","slug":"en-pleine-canicule-la-grece-frappee-par-de-multiples-incendies","status":"publish","type":"post","link":"https:\/\/www.europesays.com\/fr\/276570\/","title":{"rendered":"En pleine canicule, la Gr\u00e8ce frapp\u00e9e par de multiples incendies"},"content":{"rendered":"<p>De l\u2019\u00eele de Cr\u00e8te \u00e0 la p\u00e9ninsule du P\u00e9loponn\u00e8se en passant par la r\u00e9gion d\u2019Ath\u00e8nes, plusieurs feux inqui\u00e8tent les autorit\u00e9s grecques, pour qui<strong> \u00ab\u00a0le plus difficile est encore \u00e0 venir\u00a0\u00bb,<\/strong> selon le porte-parole des pompiers Vassilis Vathrakogiannis. <strong>\u00ab\u00a0Tous les services (de sapeurs-pompiers) du pays ont \u00e9t\u00e9 plac\u00e9s en \u00e9tat d\u2019alerte g\u00e9n\u00e9rale, ainsi que toutes les forces de la Protection civile\u00a0\u00bb<\/strong>, a-t-il ajout\u00e9 lors d\u2019un bref point-presse.<\/p>\n<p>Dans ce pays m\u00e9diterran\u00e9en coutumier des vagues de chaleur intense, quelque 52\u00a0d\u00e9parts de feu ont \u00e9t\u00e9 r\u00e9pertori\u00e9s par les pompiers au cours des derni\u00e8res 24\u00a0heures, dont 44\u00a0ont toutefois pu \u00eatre ma\u00eetris\u00e9s. Depuis lundi, <a href=\"https:\/\/rennes.maville.com\/actu\/actudet_-travail-en-exterieur-suspendu-l-acropole-fermee-partiellement...-nouvelle-vague-de-chaleur-en-grece-_54135-6909722_actu.Htm\" target=\"_self\" rel=\"noopener\">l\u2019ensemble du pays est frapp\u00e9 par une canicule<\/a> qui a fait monter le thermom\u00e8tre jusqu\u2019\u00e0 45,8\u00b0C vendredi localement.<\/p>\n<p>Sixi\u00e8me jour de forte chaleur<\/p>\n<p>Samedi, sixi\u00e8me jour cons\u00e9cutif de forte chaleur, la temp\u00e9rature \u00e0 Ath\u00e8nes a atteint 40,8\u00b0C et ne devrait retomber qu\u2019\u00e0 partir de lundi, selon les pr\u00e9visions m\u00e9t\u00e9orologiques. La Gr\u00e8ce, qui subit fortement l\u2019impact du changement climatique, a demand\u00e9 l\u2019aide de l\u2019Union europ\u00e9enne pour faire face aux flammes avec six avions de lutte contre les incendies, via le programme europ\u00e9en de partage de ressources (RescEU).<\/p>\n<p>\u00c0 30\u00a0km au nord de la capitale grecque, les autorit\u00e9s ont appel\u00e9 les habitants \u00e0 \u00e9vacuer deux villages, Drosopigi et Kryoneri, o\u00f9 de nombreuses maisons sont en flammes selon la cha\u00eene de t\u00e9l\u00e9vision publique ERT.<\/p>\n<p>En fin de journ\u00e9e, un ciel charg\u00e9 de fum\u00e9e, oscillant entre le gris et le rouge, s\u2019est form\u00e9 au-dessus d\u2019Ath\u00e8nes.<\/p>\n<p>Des vents violents, de force 5 \u00e0 6\u00a0degr\u00e9s sur l\u2019\u00e9chelle de Beaufort, compliquaient les op\u00e9rations des pompiers alors que la Protection civile avait plac\u00e9 l\u2019Attique, la r\u00e9gion d\u2019Ath\u00e8nes, en vigilance rouge (le niveau maximum) en raison du risque extr\u00eame d\u2019incendies.<\/p>\n<p>\u00ab\u00a0Rafales de feu\u00a0\u00bb<\/p>\n<p>La situation est difficile et impr\u00e9visible car <strong>\u00ab\u00a0la r\u00e9gion conna\u00eet des rafales de vent qui ressemblent \u00e0 des rafales de feu\u00a0\u00bb,<\/strong> a expliqu\u00e9 Giannis Moniakis, conseiller du maire d\u2019Oropos, dont d\u00e9pendent ces localit\u00e9s.<\/p>\n<p>Au total, 102\u00a0pompiers sont d\u00e9ploy\u00e9s dans cette zone, ainsi que 36\u00a0v\u00e9hicules, deux avions et trois h\u00e9licopt\u00e8res, selon l\u2019agence de presse ANA.<\/p>\n<p>Sur la petite \u00eele de Cyth\u00e8re, au large du P\u00e9loponn\u00e8se (sud-ouest), une op\u00e9ration d\u2019\u00e9vacuation par la mer de personnes coinc\u00e9es sur une plage \u00e9tait en cours, selon l\u2019agence grecque ANA. Ces personnes n\u2019ont pas pu quitter la plage de Limniona par la route en raison de la vitesse de propagation des flammes aux alentours.<\/p>\n<p>Un brasier hors de contr\u00f4le<\/p>\n<p>Sur cette \u00eele de 3\u00a0600\u00a0habitants appr\u00e9ci\u00e9e des touristes, le brasier est hors de contr\u00f4le. Des vents violents soufflant \u00e0 6\u00a0sur l\u2019\u00e9chelle de Beaufort ont acc\u00e9l\u00e9r\u00e9 la propagation des flammes.<\/p>\n<p>Pour renforcer les effectifs sur place, 16\u00a0pompiers et six v\u00e9hicules ont \u00e9t\u00e9 achemin\u00e9s par bateau.<\/p>\n<p>Sur l\u2019\u00eele d\u2019Eub\u00e9e, proche de l\u2019Attique, un autre incendie \u00e9tait \u00e9galement hors de contr\u00f4le. Deux sapeurs pompiers ont \u00e9t\u00e9 hospitalis\u00e9s avec des blessures l\u00e9g\u00e8res.<\/p>\n<p><strong>\u00ab\u00a0Les destructions sont incommensurables car plusieurs \u00e9levages porcins de la r\u00e9gion ont d\u00e9j\u00e0 \u00e9t\u00e9 ravag\u00e9s par les flammes\u00a0\u00bb,<\/strong> a d\u00e9clar\u00e9 le maire de Dirfion-Messapion, dont d\u00e9pend l\u2019\u00eele d\u2019Eub\u00e9e, Giorgos Psathas.<\/p>\n<p>Un autre incendie faisait \u00e9galement rage dans le P\u00e9loponn\u00e8se, dans la r\u00e9gion de Mess\u00e9nie.<\/p>\n<p>Samedi la temp\u00e9rature la plus \u00e9lev\u00e9e a \u00e9t\u00e9 enregistr\u00e9e dans l\u2019ouest de la Gr\u00e8ce, \u00e0 Amfilochie, \u00e0 45,2\u00b0C, selon le site meteo.gr de l\u2019Observatoire national d\u2019Ath\u00e8nes.<\/p>\n<p>Au d\u00e9but de l\u2019\u00e9t\u00e9, un important incendie de for\u00eat sur l\u2019\u00eele tr\u00e8s touristique de Cr\u00e8te avait entra\u00een\u00e9 des milliers d\u2019\u00e9vacuations.<\/p>\n<p>La Gr\u00e8ce conna\u00eet chaque \u00e9t\u00e9 des incendies destructeurs. L\u2019an dernier avait \u00e9t\u00e9 particuli\u00e8rement dramatique en la mati\u00e8re, avec un<a href=\"https:\/\/rennes.maville.com\/actu\/actudet_-grece-l-incendie-aux-portes-d-athenes-continue-a-se-propager-le-pays-appelle-l-europe-a-l-aide-_54135-6419347_actu.Htm\" target=\"_self\" rel=\"noopener\"> immense brasier qui avait atteint les banlieues d\u2019Ath\u00e8nes<\/a>.<\/p>\n<p>\u00a0<\/p>\n","protected":false},"excerpt":{"rendered":"De l\u2019\u00eele de Cr\u00e8te \u00e0 la p\u00e9ninsule du P\u00e9loponn\u00e8se en passant par la r\u00e9gion d\u2019Ath\u00e8nes, plusieurs feux inqui\u00e8tent&hellip;\n","protected":false},"author":2,"featured_media":276571,"comment_status":"","ping_status":"","sticky":false,"template":"","format":"standard","meta":{"footnotes":""},"categories":[2815],"tags":[1111,11,6698,1777,674,1011,27,36930,8906,811,5383,1307,3981,12,19940,25],"class_list":{"0":"post-276570","1":"post","2":"type-post","3":"status-publish","4":"format-standard","5":"has-post-thumbnail","7":"category-lille","8":"tag-actu","9":"tag-actualites","10":"tag-canicule","11":"tag-eu","12":"tag-europe","13":"tag-fr","14":"tag-france","15":"tag-frappee","16":"tag-grece","17":"tag-hauts-de-france","18":"tag-incendies","19":"tag-lille","20":"tag-multiples","21":"tag-news","22":"tag-pleine","23":"tag-republique-francaise"},"share_on_mastodon":{"url":"https:\/\/pubeurope.com\/@fr\/114923128941442472","error":""},"_links":{"self":[{"href":"https:\/\/www.europesays.com\/fr\/wp-json\/wp\/v2\/posts\/276570","targetHints":{"allow":["GET"]}}],"collection":[{"href":"https:\/\/www.europesays.com\/fr\/wp-json\/wp\/v2\/posts"}],"about":[{"href":"https:\/\/www.europesays.com\/fr\/wp-json\/wp\/v2\/types\/post"}],"author":[{"embeddable":true,"href":"https:\/\/www.europesays.com\/fr\/wp-json\/wp\/v2\/users\/2"}],"replies":[{"embeddable":true,"href":"https:\/\/www.europesays.com\/fr\/wp-json\/wp\/v2\/comments?post=276570"}],"version-history":[{"count":0,"href":"https:\/\/www.europesays.com\/fr\/wp-json\/wp\/v2\/posts\/276570\/revisions"}],"wp:featuredmedia":[{"embeddable":true,"href":"https:\/\/www.europesays.com\/fr\/wp-json\/wp\/v2\/media\/276571"}],"wp:attachment":[{"href":"https:\/\/www.europesays.com\/fr\/wp-json\/wp\/v2\/media?parent=276570"}],"wp:term":[{"taxonomy":"category","embeddable":true,"href":"https:\/\/www.europesays.com\/fr\/wp-json\/wp\/v2\/categories?post=276570"},{"taxonomy":"post_tag","embeddable":true,"href":"https:\/\/www.europesays.com\/fr\/wp-json\/wp\/v2\/tags?post=276570"}],"curies":[{"name":"wp","href":"https:\/\/api.w.org\/{rel}","templated":true}]}}