{"id":276575,"date":"2025-07-27T03:44:20","date_gmt":"2025-07-27T03:44:20","guid":{"rendered":"https:\/\/www.europesays.com\/fr\/276575\/"},"modified":"2025-07-27T03:44:20","modified_gmt":"2025-07-27T03:44:20","slug":"confusion-apres-une-session-de-rattrapage-a-luniversite-lyon-3","status":"publish","type":"post","link":"https:\/\/www.europesays.com\/fr\/276575\/","title":{"rendered":"confusion apr\u00e8s une session de rattrapage \u00e0 l\u2019universit\u00e9 Lyon 3"},"content":{"rendered":"<p>Apr\u00e8s une ann\u00e9e faite beaucoup de travail et de stress, cette \u00e9tudiante en deuxi\u00e8me ann\u00e9e de droit et de sciences politiques \u00e0 l\u2019Universit\u00e9 Jean Moulin, Lyon 3, raconte avoir perdu ses moyens lors des \u00e9preuves finales.<\/p>\n<p>Elle n\u2019atteint pas la moyenne suffisante pour passer directement et doit aller au rattrapage\u00a0: \u00ab\u00a0L\u00e0 o\u00f9, dans d\u2019autres universit\u00e9s, il suffit d\u2019obtenir 10 dans la mati\u00e8re \u00e9chou\u00e9e pour valider l\u2019ann\u00e9e, \u00e0 Lyon 3, \u00e9chouer dans une mati\u00e8re signifie toutes les repasser, sous forme condens\u00e9e. Pour les mineures, il s\u2019agit alors de rattraper 10 mati\u00e8res. Pour les majeures de droit, il s\u2019agit de passer un cas pratique de 4heures m\u00e9langeant toutes les mati\u00e8res de droit, pourtant \u00e9tudi\u00e9s distinctement. Et tout cela,&#8230;<\/p>\n","protected":false},"excerpt":{"rendered":"Apr\u00e8s une ann\u00e9e faite beaucoup de travail et de stress, cette \u00e9tudiante en deuxi\u00e8me ann\u00e9e de droit et&hellip;\n","protected":false},"author":2,"featured_media":276576,"comment_status":"","ping_status":"","sticky":false,"template":"","format":"standard","meta":{"footnotes":""},"categories":[1889],"tags":[1111,11,2430,2757,1057,4854,1777,674,107,1011,27,2428,2756,12,25,2429],"class_list":{"0":"post-276575","1":"post","2":"type-post","3":"status-publish","4":"format-standard","5":"has-post-thumbnail","7":"category-lyon","8":"tag-actu","9":"tag-actualites","10":"tag-auvergne-rhone-alpes","11":"tag-edition-lyon-villeurbanne","12":"tag-education","13":"tag-enseignement-superieur","14":"tag-eu","15":"tag-europe","16":"tag-fil-info","17":"tag-fr","18":"tag-france","19":"tag-lyon","20":"tag-lyon-bassin","21":"tag-news","22":"tag-republique-francaise","23":"tag-rhone"},"share_on_mastodon":{"url":"https:\/\/pubeurope.com\/@fr\/114923140784315836","error":""},"_links":{"self":[{"href":"https:\/\/www.europesays.com\/fr\/wp-json\/wp\/v2\/posts\/276575","targetHints":{"allow":["GET"]}}],"collection":[{"href":"https:\/\/www.europesays.com\/fr\/wp-json\/wp\/v2\/posts"}],"about":[{"href":"https:\/\/www.europesays.com\/fr\/wp-json\/wp\/v2\/types\/post"}],"author":[{"embeddable":true,"href":"https:\/\/www.europesays.com\/fr\/wp-json\/wp\/v2\/users\/2"}],"replies":[{"embeddable":true,"href":"https:\/\/www.europesays.com\/fr\/wp-json\/wp\/v2\/comments?post=276575"}],"version-history":[{"count":0,"href":"https:\/\/www.europesays.com\/fr\/wp-json\/wp\/v2\/posts\/276575\/revisions"}],"wp:featuredmedia":[{"embeddable":true,"href":"https:\/\/www.europesays.com\/fr\/wp-json\/wp\/v2\/media\/276576"}],"wp:attachment":[{"href":"https:\/\/www.europesays.com\/fr\/wp-json\/wp\/v2\/media?parent=276575"}],"wp:term":[{"taxonomy":"category","embeddable":true,"href":"https:\/\/www.europesays.com\/fr\/wp-json\/wp\/v2\/categories?post=276575"},{"taxonomy":"post_tag","embeddable":true,"href":"https:\/\/www.europesays.com\/fr\/wp-json\/wp\/v2\/tags?post=276575"}],"curies":[{"name":"wp","href":"https:\/\/api.w.org\/{rel}","templated":true}]}}