{"id":276579,"date":"2025-07-27T03:48:50","date_gmt":"2025-07-27T03:48:50","guid":{"rendered":"https:\/\/www.europesays.com\/fr\/276579\/"},"modified":"2025-07-27T03:48:50","modified_gmt":"2025-07-27T03:48:50","slug":"lms-reprise-du-psg-handball-avec-son-nouveau-coach","status":"publish","type":"post","link":"https:\/\/www.europesays.com\/fr\/276579\/","title":{"rendered":"LMS | Reprise du PSG Handball avec son nouveau coach"},"content":{"rendered":"<p>                <img loading=\"lazy\" decoding=\"async\" class=\"size-large wp-image-324946\" src=\"https:\/\/www.europesays.com\/fr\/wp-content\/uploads\/2025\/07\/FB_IMG_1753543391205-819x1024.jpg\" alt=\"\" width=\"819\" height=\"1024\"\/>Stefan Madsen &#8211; Cr\u00e9dits : PSG Handball<\/p>\n<p style=\"text-align: justify;\"><strong>Le champion de France en titre, le PSG Handball, a retrouv\u00e9 le chemin de l&rsquo;entra\u00eenement pour pr\u00e9parer la saison 2025\/2206. Entre l&rsquo;arriv\u00e9e d&rsquo;un nouveau coach et les nombreux bouleversements de l&rsquo;effectif, on repart quasiment de z\u00e9ro pour Paris<\/strong>.<\/p>\n<p style=\"text-align: justify;\">C&rsquo;est un air de renouveau qui souffle depuis quelques jours \u00e0 Coubertin \u00e0 l&rsquo;occasion de la reprise de l&rsquo;entra\u00eenement du champion de France en titre, le PSG Handball. Apr\u00e8s avoir pass\u00e9 sept ann\u00e9es sous les ordres du coach espagnol, <strong>Raul Gonzales <\/strong>devenu depuis s\u00e9lectionneur de la Serbie, place d\u00e9sormais \u00e0 un style totalement diff\u00e9rent aux origines danoises avec <strong>Stefan Madsen<\/strong>. L&rsquo;ancien coach d&rsquo;Aalborg et de Al Ahly en Egypte va d\u00e9couvrir un nouveau championnat et un nouveau style de handball.<\/p>\n<p>Le style danois adapt\u00e9 pour la Starligue ?<\/p>\n<p style=\"text-align: justify;\">Accompagn\u00e9 par l&rsquo;ancien d\u00e9fenseur parisien, lui aussi danois, <strong>Henrik Moolgard<\/strong>, Madsen n&rsquo;arrive finalement pas en terre inconnue. N\u00e9anmoins, le d\u00e9fi s&rsquo;annonce relev\u00e9 pour le technicien danois tellement le handball fran\u00e7ais a ses sp\u00e9cificit\u00e9s avec un championnat plus physique et rugueux que ses pr\u00e9c\u00e9dentes exp\u00e9riences. La derni\u00e8re exp\u00e9rience d&rsquo;un coach nordique en Starligue n&rsquo;a clairement pas \u00e9t\u00e9 un succ\u00e8s avec le su\u00e9dois <strong>Ljubomir Vranjes<\/strong> rest\u00e9 seulement une saison dans le Gard \u00e0 l&rsquo;USAM N\u00eemes.<\/p>\n<p style=\"text-align: justify;\">Le nouvel effectif parisien, largement remodel\u00e9, va devoir s&rsquo;adapter au nouveau style Madsen pour essayer de conserver son titre national mais \u00e9galement et surtout d&rsquo;effacer l&rsquo;affront de l&rsquo;\u00e9limination la saison derni\u00e8re en 8emes de finales de la ligue des champions par les hongrois du Pick Szeged. Le PSG pourra notamment compter sur sa derni\u00e8re recrue surprise arriv\u00e9e du Danemark : le jeune international fran\u00e7ais <strong>Noah Gaudin<\/strong>. L&rsquo;ancien joueur de Skjern sera sans surprise la petite attraction parisienne du d\u00e9but de championnat aux c\u00f4t\u00e9s de son coach que les sp\u00e9cialistes vont d\u00e9couvrir. Aux c\u00f4t\u00e9s des nouvelles recrues, Paris pourra \u00e9galement compter sur ses tauliers que sont <strong>Luka Karabatic<\/strong>, <strong>Luc Steins<\/strong> ainsi que l&rsquo;ailier gauche, <strong>Mathieu Grebille<\/strong>, de retour apr\u00e8s plusieurs mois d&rsquo;absence.<\/p>\n<p><img loading=\"lazy\" decoding=\"async\" class=\"size-large wp-image-324947\" src=\"https:\/\/www.europesays.com\/fr\/wp-content\/uploads\/2025\/07\/FB_IMG_1753543415931-819x1024.jpg\" alt=\"\" width=\"819\" height=\"1024\"\/>Mathieu Grebille &#8211; Cr\u00e9dits : PSG Handball<\/p>\n<p style=\"text-align: justify;\">Outre sa traditionnelle tourn\u00e9e au Japon pr\u00e9vue entre le 12 et le 21 ao\u00fbt, Paris se rendra en amont du c\u00f4t\u00e9 de l&rsquo;Allemagne pour affronter les Rhein Neckar Lowen et Goppingen. Paris d\u00e9butera officiellement sa saison le 30 ao\u00fbt prochain lors du troph\u00e9e des champions face \u00e0 Montpellier, vainqueur de la Coupe de France face \u00e0 Paris en mai dernier \u00e0 Bercy.<\/p>\n","protected":false},"excerpt":{"rendered":"Stefan Madsen &#8211; Cr\u00e9dits : PSG Handball Le champion de France en titre, le PSG Handball, a retrouv\u00e9&hellip;\n","protected":false},"author":2,"featured_media":276580,"comment_status":"","ping_status":"","sticky":false,"template":"","format":"standard","meta":{"footnotes":""},"categories":[1888],"tags":[1111,1928,11,1927,1777,674,1011,27,41591,12,1926,626,1925,2655,25,24650,41592],"class_list":{"0":"post-276579","1":"post","2":"type-post","3":"status-publish","4":"format-standard","5":"has-post-thumbnail","7":"category-paris","8":"tag-actu","9":"tag-actu-paris","10":"tag-actualites","11":"tag-actualites-paris","12":"tag-eu","13":"tag-europe","14":"tag-fr","15":"tag-france","16":"tag-mathieu-grebille","17":"tag-news","18":"tag-news-paris","19":"tag-paris","20":"tag-paris-news","21":"tag-psg-handball","22":"tag-republique-francaise","23":"tag-starligue","24":"tag-stefan-madsen"},"share_on_mastodon":{"url":"https:\/\/pubeurope.com\/@fr\/114923160552190169","error":""},"_links":{"self":[{"href":"https:\/\/www.europesays.com\/fr\/wp-json\/wp\/v2\/posts\/276579","targetHints":{"allow":["GET"]}}],"collection":[{"href":"https:\/\/www.europesays.com\/fr\/wp-json\/wp\/v2\/posts"}],"about":[{"href":"https:\/\/www.europesays.com\/fr\/wp-json\/wp\/v2\/types\/post"}],"author":[{"embeddable":true,"href":"https:\/\/www.europesays.com\/fr\/wp-json\/wp\/v2\/users\/2"}],"replies":[{"embeddable":true,"href":"https:\/\/www.europesays.com\/fr\/wp-json\/wp\/v2\/comments?post=276579"}],"version-history":[{"count":0,"href":"https:\/\/www.europesays.com\/fr\/wp-json\/wp\/v2\/posts\/276579\/revisions"}],"wp:featuredmedia":[{"embeddable":true,"href":"https:\/\/www.europesays.com\/fr\/wp-json\/wp\/v2\/media\/276580"}],"wp:attachment":[{"href":"https:\/\/www.europesays.com\/fr\/wp-json\/wp\/v2\/media?parent=276579"}],"wp:term":[{"taxonomy":"category","embeddable":true,"href":"https:\/\/www.europesays.com\/fr\/wp-json\/wp\/v2\/categories?post=276579"},{"taxonomy":"post_tag","embeddable":true,"href":"https:\/\/www.europesays.com\/fr\/wp-json\/wp\/v2\/tags?post=276579"}],"curies":[{"name":"wp","href":"https:\/\/api.w.org\/{rel}","templated":true}]}}