{"id":276583,"date":"2025-07-27T03:50:55","date_gmt":"2025-07-27T03:50:55","guid":{"rendered":"https:\/\/www.europesays.com\/fr\/276583\/"},"modified":"2025-07-27T03:50:55","modified_gmt":"2025-07-27T03:50:55","slug":"six-etapes-pour-decouvrir-lexposition-de-la-collection-pinault-au-couvent-des-jacobins-2","status":"publish","type":"post","link":"https:\/\/www.europesays.com\/fr\/276583\/","title":{"rendered":"Six \u00e9tapes pour d\u00e9couvrir l\u2019exposition de la collection Pinault, au couvent des Jacobins"},"content":{"rendered":"<p>Le portrait pr\u00e9sente de nombreuses facettes. De la peinture de genre aux repr\u00e9sentations abstraites de l\u2019\u00e2me, l\u2019exposition \u00ab\u00a0Les Yeux dans les yeux\u00a0\u00bb, issue de la collection Pinault, d\u00e9voile jusqu\u2019au 14\u00a0septembre au Couvent des Jacobins les diff\u00e9rents aspects du portrait. Au sein de ce parcours divis\u00e9 en six \u00e9tapes, Ouest-France vous sugg\u00e8re les \u0153uvres \u00e0 ne pas manquer.<\/p>\n<p>1. Jouer avec le genre<\/p>\n<p>Cette premi\u00e8re section aborde le rapport aux conventions du portrait. Quels sont les codes du portrait de profil, de trois quarts, de l\u2019odalisque\u2026 La section est notamment illustr\u00e9e par la photographie de Brad Pitt.<\/p>\n<p><strong>\u00c0 voir\u00a0:<\/strong> Annie Leibovitz, Meryl Streep\u00a0; Annie Leibovitz, Brad Pitt, Las Vegas\u00a0; Lynette Yiadom-Boakye, Vigil For A Horseman.<\/p>\n<p>\t<img decoding=\"async\" src=\"https:\/\/www.europesays.com\/fr\/wp-content\/uploads\/2025\/07\/P35374452D6913643G_px_640_.jpg\" alt=\"photo meryl streep par annie leibovitz au couvent des jacobins \u00e0 rennes (ille-et-vilaine).  \u00a9  thomas br\u00e9gardis \/ ouest-france\" width=\"640\" title=\" Meryl Streep par Annie Leibovitz au Couvent des Jacobins \u00e0 Rennes (Ille-et-Vilaine).   Thomas Br\u00e9gardis \/ Ouest-France \"\/><\/p>\n<p class=\"elmt-legende\"> Meryl Streep par Annie Leibovitz au Couvent des Jacobins \u00e0 Rennes (Ille-et-Vilaine).   Thomas Br\u00e9gardis \/ Ouest-France <\/p>\n<p>2. La sc\u00e8ne et l\u2019\u00e9cran<\/p>\n<p>Le rapport \u00e0 la mise en sc\u00e8ne, au d\u00e9cor, \u00e0 l\u2019accessoire, au selfie et \u00e0 l\u2019autoportrait forme la deuxi\u00e8me section.<\/p>\n<p><strong>\u00c0 voir\u00a0:<\/strong> Irving Penn, Optician\u2019s Shop Window\u00a0; Cindy Sherman, Untitled #351\u00a0; Cindy Sherman, Untitled #359.<\/p>\n<p>\t<img decoding=\"async\" src=\"https:\/\/www.europesays.com\/fr\/wp-content\/uploads\/2025\/07\/P35374453D6913643G_px_640_.jpg\" alt=\"photo ce samedi 14\u00a0juin 2025, une vingtaine d\u2019abonn\u00e9s ouest-france ont eu la primeur de d\u00e9couvrir l\u2019exposition de la collection pinault  \u00a9  ouest-france\" width=\"640\" title=\" Ce samedi 14\u00a0juin 2025, une vingtaine d\u2019abonn\u00e9s Ouest-France ont eu la primeur de d\u00e9couvrir l\u2019exposition de la collection Pinault   Ouest-France \"\/><\/p>\n<p class=\"elmt-legende\"> Ce samedi 14\u00a0juin 2025, une vingtaine d\u2019abonn\u00e9s Ouest-France ont eu la primeur de d\u00e9couvrir l\u2019exposition de la collection Pinault   Ouest-France <\/p>\n<p><strong>Lire aussi\u00a0:<\/strong> <a href=\"https:\/\/rennes.maville.com\/actu\/actudet_-quatre-artistes-au-coeur-de-l-exposition-pinault-a-ne-pas-manquer-cet-ete-_7-6911162_actu.Htm\" target=\"_self\" rel=\"nofollow noopener\">Quatre artistes au c\u0153ur de l\u2019exposition Pinault \u00e0 ne pas manquer cet \u00e9t\u00e9<\/a><\/p>\n<p>3. Sonder l\u2019\u00e2me humaine<\/p>\n<p>Cela donne des portraits parfois impossibles, tels les portraits de fous.<\/p>\n<p><strong>\u00c0 voir\u00a0:<\/strong> Miriam Cahn, Sarajevo.<\/p>\n<p>\t<img decoding=\"async\" src=\"https:\/\/www.europesays.com\/fr\/wp-content\/uploads\/2025\/07\/P35374454D6913643G_px_640_.jpg\" alt=\"photo \\\\\" t=\"\" d=\"\" fou=\"\" la=\"\" toile=\"\" de=\"\" jean-michel=\"\" basquiat=\"\" expos=\"\" au=\"\" couvent=\"\" des=\"\" jacobins.=\"\" ouest-france=\"\" width=\"640\" title=\" \\\"\/><\/p>\n<p class=\"elmt-legende\"> \\<\/p>\n<p>4. Masques et peaux<\/p>\n<p>Le visage n\u2019est qu\u2019une carapace, c\u2019est-\u00e0-dire qu\u2019on peut le transformer, le grimer, le limer,\u00a0etc.<\/p>\n<p><strong>\u00c0 voir\u00a0:<\/strong> Orlan, D\u00e9figuration-Refiguration, Self-hybridations pr\u00e9colombienne n\u00b010.<\/p>\n<p>5. Explorer l\u2019intimit\u00e9<\/p>\n<p>Ce rapport \u00ab\u00a0les yeux dans les yeux\u00a0\u00bb, souvent avec l\u2019\u00eatre aim\u00e9.<\/p>\n<p><strong>\u00c0 voir\u00a0:<\/strong> Edward Steichen, Gloria Swanson\u00a0; Xinyi Cheng, Red Bonnet.<\/p>\n<p>Lire aussi\u00a0: <a href=\"https:\/\/rennes.maville.com\/actu\/actudet_-entretien.-le-cerveau-sait-retenir-plus-de-5-000-visages-le-portrait-au-centre-de-l-expo-pinault-_7-6912332_actu.Htm\" target=\"_self\" rel=\"nofollow noopener\">ENTRETIEN. \u00ab\u00a0Le cerveau sait retenir plus de 5\u00a0000\u00a0visages\u00a0\u00bb\u00a0: le portrait au centre de l\u2019expo Pinault<\/a><\/p>\n<p>6. De l\u2019intime \u00e0 l\u2019\u00e9ternit\u00e9<\/p>\n<p>On y explore le rapport \u00e0 la survivance et \u00e0 la mort du portrait, rappelant ainsi l\u2019objectif premier du portrait. Celui de survivre au temps.<\/p>\n<p>D\u00e9couvrir l\u2019expo Pinault 2025<\/p>\n<p><strong>Horaires (du 14\u00a0juin au 14\u00a0septembre)<\/strong>\u00a0: du mardi au dimanche, de 10\u00a0h \u00e0 19\u00a0h. Mercredi, nocturne jusqu\u2019\u00e0 22\u00a0h. Derni\u00e8re entr\u00e9e une heure avant la fermeture de l\u2019exposition.<\/p>\n<p><strong>Tarifs\u00a0:<\/strong> 12\u00a0\u20ac (plein tarif). 7\u00a0\u20ac (r\u00e9duit\u00a0: demandeurs d\u2019emploi, toute personne sur pr\u00e9sentation d\u2019un billet du Fonds H\u00e9l\u00e8ne et \u00c9douard Leclerc, \u00e0 Landerneau). Gratuit (moins de 26\u00a0ans, les titulaires de la carte Sortir\u00a0!, les b\u00e9n\u00e9ficiaires des minima sociaux et les personnes en situation de handicap, d\u00e9tenteurs de la carte Membership Pinault Collection).<\/p>\n<p><strong>Visites guid\u00e9es\u00a0: <\/strong>mardi, jeudi et vendredi \u00e0 11\u00a0h, 14\u00a0h\u00a030 et 16\u00a0h. Mercredi \u00e0 11\u00a0h, 14\u00a0h\u00a030, 16\u00a0h et 19\u00a0h. Samedi et dimanche \u00e0 11\u00a0h, 14\u00a0h\u00a030, 16\u00a0h et 17\u00a0h\u00a030. Dur\u00e9e\u00a0: 1\u00a0h. Suppl\u00e9ment de 6\u00a0\u20ac par personne.<\/p>\n<p><strong>Acc\u00e8s\u00a0:<\/strong> un billet unique donne acc\u00e8s aux expositions \u00ab\u00a0Les Yeux dans les yeux\u00a0\u00bb (Couvent des Jacobins) et \u00ab\u00a0Claire Tabouret. Entre la m\u00e9moire et l\u2019oubli\u00a0\u00bb (mus\u00e9e des Beaux-Arts, quai Zola). Sur pr\u00e9sentation du billet de l\u2019exposition \u00ab\u00a0Les Yeux dans les yeux\u00a0\u00bb au Couvent des Jacobins, les visiteurs pourront b\u00e9n\u00e9ficier du tarif r\u00e9duit \u00e0 l\u2019exposition \u00ab\u00a0Corps et \u00e2mes\u00a0\u00bb \u00e0 la Bourse de Commerce \u2013 Pinault Collection \u00e0 Paris et inversement.<\/p>\n<p><strong>Exporama\u00a0:<\/strong> les expositions \u00ab\u00a0Les Yeux dans les yeux\u00a0\u00bb et \u00ab\u00a0Entre la m\u00e9moire et l\u2019oubli\u00a0\u00bb sont pr\u00e9sent\u00e9es dans le cadre d\u2019Exporama, qui f\u00e9d\u00e8re une vingtaine de lieux culturels (mus\u00e9e des Beaux-Arts, La Cri\u00e9e centre d\u2019art contemporain, Les Champs Libres, Couvent des Jacobins, Frac Bretagne, associations d\u2019arts visuels, centres culturels de quartiers,\u00a0etc.) autour d\u2019une programmation commune, d\u00e9montrant la vitalit\u00e9 et la diversit\u00e9 de la cr\u00e9ation contemporaine et de sa diffusion \u00e0 Rennes et en Bretagne. Exporama 2025 propose ainsi des expositions, \u0153uvres \u00e9ph\u00e9m\u00e8res en plein air, visites guid\u00e9es. La plupart de ces propositions sont gratuites.<\/p>\n<p>\u00a0<\/p>\n","protected":false},"excerpt":{"rendered":"Le portrait pr\u00e9sente de nombreuses facettes. De la peinture de genre aux repr\u00e9sentations abstraites de l\u2019\u00e2me, l\u2019exposition \u00ab\u00a0Les&hellip;\n","protected":false},"author":2,"featured_media":273261,"comment_status":"","ping_status":"","sticky":false,"template":"","format":"standard","meta":{"footnotes":""},"categories":[1888],"tags":[11,10225,29930,3979,9399,1777,674,3293,1011,27,41264,1307,12,626,31225,25],"class_list":{"0":"post-276583","1":"post","2":"type-post","3":"status-publish","4":"format-standard","5":"has-post-thumbnail","7":"category-paris","8":"tag-actualites","9":"tag-collection","10":"tag-couvent","11":"tag-decouvrir","12":"tag-etapes","13":"tag-eu","14":"tag-europe","15":"tag-exposition","16":"tag-fr","17":"tag-france","18":"tag-jacobins","19":"tag-lille","20":"tag-news","21":"tag-paris","22":"tag-pinault","23":"tag-republique-francaise"},"share_on_mastodon":{"url":"https:\/\/pubeurope.com\/@fr\/114923168449266371","error":""},"_links":{"self":[{"href":"https:\/\/www.europesays.com\/fr\/wp-json\/wp\/v2\/posts\/276583","targetHints":{"allow":["GET"]}}],"collection":[{"href":"https:\/\/www.europesays.com\/fr\/wp-json\/wp\/v2\/posts"}],"about":[{"href":"https:\/\/www.europesays.com\/fr\/wp-json\/wp\/v2\/types\/post"}],"author":[{"embeddable":true,"href":"https:\/\/www.europesays.com\/fr\/wp-json\/wp\/v2\/users\/2"}],"replies":[{"embeddable":true,"href":"https:\/\/www.europesays.com\/fr\/wp-json\/wp\/v2\/comments?post=276583"}],"version-history":[{"count":0,"href":"https:\/\/www.europesays.com\/fr\/wp-json\/wp\/v2\/posts\/276583\/revisions"}],"wp:featuredmedia":[{"embeddable":true,"href":"https:\/\/www.europesays.com\/fr\/wp-json\/wp\/v2\/media\/273261"}],"wp:attachment":[{"href":"https:\/\/www.europesays.com\/fr\/wp-json\/wp\/v2\/media?parent=276583"}],"wp:term":[{"taxonomy":"category","embeddable":true,"href":"https:\/\/www.europesays.com\/fr\/wp-json\/wp\/v2\/categories?post=276583"},{"taxonomy":"post_tag","embeddable":true,"href":"https:\/\/www.europesays.com\/fr\/wp-json\/wp\/v2\/tags?post=276583"}],"curies":[{"name":"wp","href":"https:\/\/api.w.org\/{rel}","templated":true}]}}