{"id":276592,"date":"2025-07-27T03:55:20","date_gmt":"2025-07-27T03:55:20","guid":{"rendered":"https:\/\/www.europesays.com\/fr\/276592\/"},"modified":"2025-07-27T03:55:20","modified_gmt":"2025-07-27T03:55:20","slug":"multimedia-laustralie-et-le-royaume-uni-signent-le-traite-aukus-dune-duree-de-50-ans-dans-le-contexte-de-sa-revision-par-les-etats-unis-xinhua","status":"publish","type":"post","link":"https:\/\/www.europesays.com\/fr\/276592\/","title":{"rendered":"(Multim\u00e9dia) L&rsquo;Australie et le Royaume-Uni signent le trait\u00e9 AUKUS d&rsquo;une dur\u00e9e de 50 ans, dans le contexte de sa r\u00e9vision par les Etats-Unis &#8211; Xinhua"},"content":{"rendered":"<p><img decoding=\"async\" controls=\"controls\" src=\"https:\/\/www.europesays.com\/fr\/wp-content\/uploads\/2025\/07\/202507264a9c4ef3308d41d09edbc06d9a4c9b6a_XxjifrF007046_20250726_CBMFN0A001.jpg\"\/>Un homme marche dans une rue d\u00e9serte \u00e0 Sydney, en Australie, le 28 juillet 2021. (Xinhua\/Hu Jingchen)<\/p>\n<p><strong>L&rsquo;Australie et le Royaume-Uni ont sign\u00e9 samedi un engagement de 50 ans dans le cadre du trait\u00e9 de d\u00e9fense AUKUS, malgr\u00e9 la r\u00e9vision en cours de cet accord par les Etats-Unis.<\/strong><\/p>\n<p>SYDNEY, 26 juillet (Xinhua) &#8212; L&rsquo;Australie et le Royaume-Uni ont sign\u00e9 samedi un engagement de 50 ans dans le cadre du trait\u00e9 de d\u00e9fense AUKUS, malgr\u00e9 la r\u00e9vision en cours de cet accord par les Etats-Unis.<\/p>\n<p>Le vice-Premier ministre et ministre de la D\u00e9fense australien Richard Marles et le secr\u00e9taire \u00e0 la D\u00e9fense britannique John Healey ont sign\u00e9 le trait\u00e9 bilat\u00e9ral de partenariat et de collaboration en mati\u00e8re de sous-marins \u00e0 propulsion nucl\u00e9aire (trait\u00e9 de Geelong) lors de leur r\u00e9union \u00e0 Geelong, dans l&rsquo;Etat australien de Victoria.<\/p>\n<p>\u00ab\u00a0Le trait\u00e9 de Geelong est un accord historique, un engagement pour les 50 prochaines ann\u00e9es de la coop\u00e9ration de d\u00e9fense bilat\u00e9rale britanno-australienne dans le cadre du pilier I de l&rsquo;AUKUS\u00a0\u00bb, ont d\u00e9clar\u00e9 MM. Marles et Healey dans une d\u00e9claration commune.<\/p>\n<p>Selon cette d\u00e9claration, le trait\u00e9 de Geelong permettra une coop\u00e9ration globale en mati\u00e8re de conception, de construction, d&rsquo;exploitation, de maintenance et de r\u00e9cup\u00e9ration de leurs sous-marins SSN-AUKUS.<\/p>\n<p>Il soutiendra le d\u00e9veloppement du personnel, de la main-d&rsquo;\u0153uvre, des infrastructures et des syst\u00e8mes r\u00e9glementaires n\u00e9cessaires au programme SSN-AUKUS de l&rsquo;Australie, ainsi que les escales dans les ports et la pr\u00e9sence rotative d&rsquo;un sous-marin britannique de classe Astute \u00e0 HMAS Stirling dans le cadre de la Force rotative sous-marine ouest.<\/p>\n<p>La signature du trait\u00e9 intervient alors que les Etats-Unis h\u00e9sitent sur leur r\u00f4le dans l&rsquo;alliance AUKUS. Le d\u00e9partement am\u00e9ricain de la D\u00e9fense a annonc\u00e9 une r\u00e9vision du partenariat trilat\u00e9ral de s\u00e9curit\u00e9 afin de d\u00e9terminer si l&rsquo;accord est conforme \u00e0 l&rsquo;agenda \u00ab\u00a0America First\u00a0\u00bb.<\/p>\n<p>La d\u00e9claration commune de MM. Marles et Healey insiste sur le fait que le trait\u00e9 de Geelong \u00ab\u00a0s&rsquo;appuie sur les bases solides de la coop\u00e9ration trilat\u00e9rale entre l&rsquo;Australie, le Royaume-Uni et les Etats-Unis\u00a0\u00bb, faisant progresser les objectifs communs du partenariat AUKUS.<\/p>\n<p>Il permettra le d\u00e9veloppement du SSN-AUKUS et de cha\u00eenes d&rsquo;approvisionnement trilat\u00e9rales r\u00e9silientes, selon la d\u00e9claration.<\/p>\n<p>En septembre 2021, les Etats-Unis, le Royaume-Uni et l&rsquo;Australie ont annonc\u00e9 conjointement la mise en place d&rsquo;un partenariat trilat\u00e9ral de s\u00e9curit\u00e9 et de coop\u00e9ration dans le domaine des sous-marins \u00e0 propulsion nucl\u00e9aire.<\/p>\n","protected":false},"excerpt":{"rendered":"Un homme marche dans une rue d\u00e9serte \u00e0 Sydney, en Australie, le 28 juillet 2021. (Xinhua\/Hu Jingchen) L&rsquo;Australie&hellip;\n","protected":false},"author":2,"featured_media":276593,"comment_status":"","ping_status":"","sticky":false,"template":"","format":"standard","meta":{"footnotes":""},"categories":[1588],"tags":[11,5035,10463,554,1777,674,6228,12,473,1853,1851,1850,1852,308],"class_list":{"0":"post-276592","1":"post","2":"type-post","3":"status-publish","4":"format-standard","5":"has-post-thumbnail","7":"category-royaume-uni","8":"tag-actualites","9":"tag-australie","10":"tag-cooperation","11":"tag-defense","12":"tag-eu","13":"tag-europe","14":"tag-gb","15":"tag-news","16":"tag-royaume-uni","17":"tag-royaume-uni-de-grande-bretagne-et-dirlande-du-nord","18":"tag-uk","19":"tag-united-kingdom","20":"tag-united-kingdom-of-great-britain-and-northern-ireland","21":"tag-usa"},"share_on_mastodon":{"url":"https:\/\/pubeurope.com\/@fr\/114923184042546484","error":""},"_links":{"self":[{"href":"https:\/\/www.europesays.com\/fr\/wp-json\/wp\/v2\/posts\/276592","targetHints":{"allow":["GET"]}}],"collection":[{"href":"https:\/\/www.europesays.com\/fr\/wp-json\/wp\/v2\/posts"}],"about":[{"href":"https:\/\/www.europesays.com\/fr\/wp-json\/wp\/v2\/types\/post"}],"author":[{"embeddable":true,"href":"https:\/\/www.europesays.com\/fr\/wp-json\/wp\/v2\/users\/2"}],"replies":[{"embeddable":true,"href":"https:\/\/www.europesays.com\/fr\/wp-json\/wp\/v2\/comments?post=276592"}],"version-history":[{"count":0,"href":"https:\/\/www.europesays.com\/fr\/wp-json\/wp\/v2\/posts\/276592\/revisions"}],"wp:featuredmedia":[{"embeddable":true,"href":"https:\/\/www.europesays.com\/fr\/wp-json\/wp\/v2\/media\/276593"}],"wp:attachment":[{"href":"https:\/\/www.europesays.com\/fr\/wp-json\/wp\/v2\/media?parent=276592"}],"wp:term":[{"taxonomy":"category","embeddable":true,"href":"https:\/\/www.europesays.com\/fr\/wp-json\/wp\/v2\/categories?post=276592"},{"taxonomy":"post_tag","embeddable":true,"href":"https:\/\/www.europesays.com\/fr\/wp-json\/wp\/v2\/tags?post=276592"}],"curies":[{"name":"wp","href":"https:\/\/api.w.org\/{rel}","templated":true}]}}