{"id":276594,"date":"2025-07-27T03:56:15","date_gmt":"2025-07-27T03:56:15","guid":{"rendered":"https:\/\/www.europesays.com\/fr\/276594\/"},"modified":"2025-07-27T03:56:15","modified_gmt":"2025-07-27T03:56:15","slug":"au-volant-dun-4x4-immatricule-en-allemagne-il-percute-de-plein-fouet-une-famille-la-maman-et-ses-trois-enfants-hospitalises-le-chauffard-roulait-a-180-km-h-et-venait-de-commettr","status":"publish","type":"post","link":"https:\/\/www.europesays.com\/fr\/276594\/","title":{"rendered":"Au volant d\u2019un 4&#215;4 immatricul\u00e9 en Allemagne, il percute de plein fouet une famille\u00a0: la maman et ses trois enfants hospitalis\u00e9s, le chauffard roulait \u00e0 180\u00a0km\/h et venait de commettre un refus d\u2019obtemp\u00e9rer"},"content":{"rendered":"<p>\n                                                                L\u2019homme au volant de la voiture a pris la fuite \u00e0 pied. Il est activement recherch\u00e9 par les forces de l\u2019ordre.\n                            <\/p>\n<p>Un terrible accident s\u2019est produit ce vendredi 25\u00a0juillet, \u00e0<strong> Colomiers, tout pr\u00e8s de Toulouse, en Haute-Garonne<\/strong>. Sur les coups de 16h30, un<strong> 4\u00d74 Mercedes immatricul\u00e9 en Allemagne <\/strong>a \u00e9t\u00e9 flash\u00e9 par le radar de la gendarmerie sur le p\u00e9riph\u00e9rique. Comme l\u2019explique<a href=\"https:\/\/www.ladepeche.fr\/2025\/07\/25\/un-4x4-fonce-sur-une-famille-apres-un-refus-dobtemperer-une-femme-et-une-fille-de-10-ans-grievement-blessees-12845259.php\" target=\"_self\" rel=\"nofollow noopener\"> La D\u00e9p\u00eache du Midi<\/a>, apr\u00e8s un <strong>gros exc\u00e8s de vitesse<\/strong>, les gendarmes ont essay\u00e9 d\u2019appr\u00e9hender le chauffard mais il a commis\u00a0un <strong>refus d\u2019obtemp\u00e9rer.<\/strong><\/p>\n<p>Le chauffard en fuite<\/p>\n<p>Le v\u00e9hicule a alors<strong> violemment percut\u00e9 une voiture \u00e0 bord de laquelle se trouvait une famille<\/strong>, \u00e0 savoir <strong>une femme et ses trois enfants<\/strong>. La maman et l\u2019une de ses filles, \u00e2g\u00e9e\u00a0de 10 ans, ont \u00e9t\u00e9 gri\u00e8vement bless\u00e9es et transport\u00e9es en urgence au CHU de Purpan, ou leurs jours ne sont plus en danger, apr\u00e8s que leur v\u00e9hicule a fait des tonneaux.\u00a0Quant aux deux autres enfants de 12 et 13\u00a0ans, ils ont \u00e9t\u00e9 touch\u00e9s plus l\u00e9g\u00e8rement.<\/p>\n<blockquote data-class=\"twitter-tweet\">\n<p lang=\"fr\" dir=\"ltr\">\\ud83d\\udea8\\ud83c\\uddeb\\ud83c\\uddf7 ?????? ???? \u2014 Une femme et trois enfants \u00e2g\u00e9s de 10 \u00e0 13 ans ont \u00e9t\u00e9 BLESS\u00c9S apr\u00e8s avoir \u00e9t\u00e9 percut\u00e9s par un chauffard lors d\u2019un REFUS D\u2019OBTEMP\u00c9RER \u00e0 Colomiers, pr\u00e8s de Toulouse. La femme et sa fille de 10 ans sont en URGENCE ABSOLUE.<\/p>\n<p>Une Mercedes immatricul\u00e9e en\u2026 <a href=\"https:\/\/t.co\/f0rivePVaj\" rel=\"nofollow\">pic.twitter.com\/f0rivePVaj<\/a><\/p>\n<p>\u2014 Bastion (@BastionMediaFR) <a href=\"https:\/\/twitter.com\/BastionMediaFR\/status\/1948857355602723186?ref_src=twsrc%5Etfw\" rel=\"nofollow noopener\" target=\"_blank\">July 25, 2025<\/a><\/p><\/blockquote>\n<p>Concernant l\u2019homme au volant de la voiture, il a ensuite <strong>pris la fuite \u00e0 pied<\/strong>. Il est <strong>activement recherch\u00e9<\/strong> par les forces de l\u2019ordre. Des brigades cynophiles sont mobilis\u00e9es pour tenter de retrouver la trace de l\u2019automobiliste. Vendredi soir, il \u00e9tait v\u00eatu\u00a0d\u2019un t-shirt noir\u00a0et d\u2019un\u00a0short vert. Quelques heures apr\u00e8s les faits, un individu se serait pr\u00e9sent\u00e9 sur les lieux comme \u00e9tant\u00a0le loueur du v\u00e9hicule impliqu\u00e9 dans\u00a0l\u2019accident, avant de\u00a0se r\u00e9tracter.<\/p>\n<p>                                                                                                                                                                                                        <script async src=\"https:\/\/platform.twitter.com\/widgets.js\" charset=\"utf-8\"><\/script><\/p>\n","protected":false},"excerpt":{"rendered":"L\u2019homme au volant de la voiture a pris la fuite \u00e0 pied. Il est activement recherch\u00e9 par les&hellip;\n","protected":false},"author":2,"featured_media":276595,"comment_status":"","ping_status":"","sticky":false,"template":"","format":"standard","meta":{"footnotes":""},"categories":[1587],"tags":[11,672,1804,1805,1803,1777,674,1801,12,1802],"class_list":{"0":"post-276594","1":"post","2":"type-post","3":"status-publish","4":"format-standard","5":"has-post-thumbnail","7":"category-allemagne","8":"tag-actualites","9":"tag-allemagne","10":"tag-bundesrepublik-deutschland","11":"tag-de","12":"tag-deutschland","13":"tag-eu","14":"tag-europe","15":"tag-germany","16":"tag-news","17":"tag-republique-federale-dallemagne"},"share_on_mastodon":{"url":"https:\/\/pubeurope.com\/@fr\/114923188140369572","error":""},"_links":{"self":[{"href":"https:\/\/www.europesays.com\/fr\/wp-json\/wp\/v2\/posts\/276594","targetHints":{"allow":["GET"]}}],"collection":[{"href":"https:\/\/www.europesays.com\/fr\/wp-json\/wp\/v2\/posts"}],"about":[{"href":"https:\/\/www.europesays.com\/fr\/wp-json\/wp\/v2\/types\/post"}],"author":[{"embeddable":true,"href":"https:\/\/www.europesays.com\/fr\/wp-json\/wp\/v2\/users\/2"}],"replies":[{"embeddable":true,"href":"https:\/\/www.europesays.com\/fr\/wp-json\/wp\/v2\/comments?post=276594"}],"version-history":[{"count":0,"href":"https:\/\/www.europesays.com\/fr\/wp-json\/wp\/v2\/posts\/276594\/revisions"}],"wp:featuredmedia":[{"embeddable":true,"href":"https:\/\/www.europesays.com\/fr\/wp-json\/wp\/v2\/media\/276595"}],"wp:attachment":[{"href":"https:\/\/www.europesays.com\/fr\/wp-json\/wp\/v2\/media?parent=276594"}],"wp:term":[{"taxonomy":"category","embeddable":true,"href":"https:\/\/www.europesays.com\/fr\/wp-json\/wp\/v2\/categories?post=276594"},{"taxonomy":"post_tag","embeddable":true,"href":"https:\/\/www.europesays.com\/fr\/wp-json\/wp\/v2\/tags?post=276594"}],"curies":[{"name":"wp","href":"https:\/\/api.w.org\/{rel}","templated":true}]}}