{"id":276600,"date":"2025-07-27T03:59:26","date_gmt":"2025-07-27T03:59:26","guid":{"rendered":"https:\/\/www.europesays.com\/fr\/276600\/"},"modified":"2025-07-27T03:59:26","modified_gmt":"2025-07-27T03:59:26","slug":"classement-general-et-resultats-apres-la-20e-etape","status":"publish","type":"post","link":"https:\/\/www.europesays.com\/fr\/276600\/","title":{"rendered":"Classement g\u00e9n\u00e9ral et r\u00e9sultats apr\u00e8s la 20e \u00e9tape"},"content":{"rendered":"<p>Samedi, lors de l\u2019avant-derni\u00e8re \u00e9tape du <a href=\"https:\/\/www.20minutes.fr\/sport\/tour-de-france\/\" class=\"color-ultramarine c-link\" target=\"_blank\" rel=\"noopener\">Tour de France 2025<\/a>, on attendait un baroudeur pour la victoire. Mais c\u2019est l\u2019Australien Kaden Groves (Alpecin Deceunincq), r\u00e9put\u00e9 comme sprinteur, qui a r\u00e9ussi un joli coup. \u00c0 16 kilom\u00e8tres de l\u2019arriv\u00e9e, il a sem\u00e9 ses compagnons d\u2019\u00e9chapp\u00e9e, Frank Van den Broek (Picnic PostNL), et Jake Stewart (Israel &#8211; Premier Tech), pour prendre le large. Il a fini avec 54 secondes d&rsquo;avance sur les N\u00e9erlandais (TPP) et Pascal Eenkhoorn (SOQ). Il s\u2019est d\u00e9sormais impos\u00e9 dans les trois grands tours. Apr\u00e8s les abandons de ses co\u00e9quipiers Jasper Philipsen et Mathieu Van der Poel, il a su tirer son \u00e9pingle du jeu.<\/p>\n<p>Le Fran\u00e7ais Romain Gr\u00e9goire (Groupama-FDJ) termine 5e sur ses terres, \u00e0 1&rsquo;04\u00a0\u00bb, apr\u00e8s \u00eatre tomb\u00e9 dans un virage \u00e0 21,5 kilom\u00e8tres de l&rsquo;arriv\u00e9e, avec Ivan Romeo (Movistar). Jordan Jegat (TotalEnergies) finit au m\u00eame temps, en 7e position, et 10e au classemen g\u00e9n\u00e9ral.<\/p>\n<p class=\"mb-xxl@xs color-ultramarine font-weight-semi-bold@xs font-source-serif-pro heading-s@xs\">L\u2019acc\u00e8s \u00e0 ce contenu a \u00e9t\u00e9 bloqu\u00e9 afin de respecter votre choix de consentement<\/p>\n<p class=\"mb-m@xs text-l@xs\">En cliquant sur\u00ab J\u2019accepte \u00bb, vous acceptez le d\u00e9p\u00f4t de cookies par des services externes et aurez ainsi acc\u00e8s aux contenus de nos partenaires.<\/p>\n<p class=\"mb-xl@xs text-s@xs\">Plus d\u2019informations sur la page<a href=\"https:\/\/www.20minutes.fr\/gestion-cookies\" class=\"mx-xxs@xs color-ultramarine\" target=\"_blank\" rel=\"noopener\">Politique de gestion des cookies<\/a><\/p>\n<p>J\u2019accepteLe Mailot Jaune, p\u00e9p\u00e8re<\/p>\n<p>Les 184,2 kilom\u00e8tres entre Nantua et Pontarlier, avec un profil accident\u00e9, ont offert du spectacle, malgr\u00e9 la pluie et plusieurs chutes. Tadej Pogacar (UAE Team Emirates) n\u2019a pas pris part \u00e0 la victoire d\u2019\u00e9tape et termine loin derri\u00e8re le vainqueur, \u00e0 plus de 7 minutes, tout comme son dauphin Jonas Vingegaard (Visma Lease a Bike). Il conserve tout de m\u00eame le <a href=\"https:\/\/www.20minutes.fr\/dossier\/maillot_jaune\" class=\"color-ultramarine c-link\" target=\"_blank\" rel=\"noopener\">Maillot Jaune<\/a>, \u00e0 la veille de l\u2019arriv\u00e9e sur les <a href=\"https:\/\/www.20minutes.fr\/paris\/champs-elysees\/\" class=\"color-ultramarine c-link\" target=\"_blank\" rel=\"noopener\">Champs-\u00c9lys\u00e9es<\/a>.<\/p>\n<p>Le classement de la 20e \u00e9tape du Tour de France 2025<\/p>\n<ol>\n<li>Kaden Groves &#8211; Alpecin-Deceuninck 04h06&rsquo;09\u00a0\u00bb<\/li>\n<li>Frank Van den Broek &#8211; Picnic PostNL \u00e0 54\u00a0\u00bb<\/li>\n<li>Pascal Eenkhoorn &#8211; Soudal &#8211; Quick Step \u00e0 59\u00a0\u00bb<\/li>\n<li>Simone Velasco &#8211; XDS Astana \u00e0 01&rsquo;04\u00a0\u00bb<\/li>\n<li>Romain Gr\u00e9goire &#8211; Groupama-FDJ \u00e0 01&rsquo;04\u00a0\u00bb<\/li>\n<li>Jake Stewart &#8211; Israel &#8211; Premier Tech \u00e0 01&rsquo;04\u00a0\u00bb<\/li>\n<li>Jordan Jegat &#8211; TotalEnergies \u00e0 01&rsquo;04\u00a0\u00bb<\/li>\n<li>Tim Wellens &#8211; UAE Team Emirates \u00e0 01&rsquo;04\u00a0\u00bb<\/li>\n<li>Matteo Jorgenson -Visma Lease a Bike \u00e0 01&rsquo;04\u00a0\u00bb<\/li>\n<li>Harry Sweeny &#8211; EF Education &#8211; Easy Post \u00e0 01&rsquo;04\u00a0\u00bb<\/li>\n<li>Matteo Trentin &#8211; Tudor \u00e0 02&rsquo;01\u00a0\u00bb<\/li>\n<li>Ewen Costiou &#8211; Ark\u00e9a &#8211; B&amp;B Hotels \u00e0 03&rsquo;45\u00a0\u00bb<\/li>\n<li>Davide Ballerini &#8211; XDS Astana \u00e0 07&rsquo;04\u00a0\u00bb<\/li>\n<li>Mike Teunissen &#8211; XDS Astana \u00e0 07&rsquo;04\u00a0\u00bb<\/li>\n<li>Jonas Abrahamsen &#8211; Uno-X Mobility \u00e0 07&rsquo;04\u00a0\u00bb<\/li>\n<li>Anthony Turgis &#8211; TotalEnergies \u00e0 07&rsquo;04\u00a0\u00bb<\/li>\n<li>Louis Barr\u00e9 &#8211; Intermarch\u00e9 &#8211; Wanty \u00e0 07&rsquo;04\u00a0\u00bb<\/li>\n<li>Xandro Meurisse &#8211; Alpecin-Deceuninck \u00e0 07&rsquo;04\u00a0\u00bb<\/li>\n<li>Thomas Gachignard &#8211; TotalEnergies \u00e0 07&rsquo;04\u00a0\u00bb<\/li>\n<li>Mathis Le Berre &#8211; Ark\u00e9a &#8211; B&amp;B Hotels \u00e0 07&rsquo;04\u00a0\u00bb<\/li>\n<\/ol>\n<p>Le classement g\u00e9n\u00e9ral apr\u00e8s la 20e \u00e9tape du Tour de France 2025<\/p>\n<ol>\n<li>Tadej Pogacar &#8211; UAE Team Emirates 73h55&rsquo;14\u00a0\u00bb<\/li>\n<li>Jonas Vingegaard &#8211; Visma Lease a Bike \u00e0 04&rsquo;24\u00a0\u00bb<\/li>\n<li>Florian Lipowitz &#8211; RedBull &#8211; Bora-Hansgrohe \u00e0 11&rsquo;03\u00a0\u00bb<\/li>\n<li>Oscar Onley &#8211; Picnic PostNL \u00e0 12&rsquo;12\u00a0\u00bb<\/li>\n<li>Felix Gall &#8211; Decathlon AG2R La Mondiale \u00e0 17&rsquo;12\u00a0\u00bb<\/li>\n<li>Tobias Halland Johannessen &#8211; Uno-X Mobility \u00e0 20&rsquo;08\u00a0\u00bb<\/li>\n<li>K\u00e9vin Vauquelin &#8211; Ark\u00e9a &#8211; B&amp;B Hotels \u00e0 22&rsquo;29\u00a0\u00bb<\/li>\n<li>Primoz Roglic &#8211; RedBull &#8211; Bora-Hansgrohe \u00e0 25&rsquo;30\u00a0\u00bb<\/li>\n<li>Ben Healy &#8211; EF Education &#8211; Easy Post \u00e0 27&rsquo;59\u00a0\u00bb<\/li>\n<li>Jordan Jegat &#8211; TotalEnergies \u00e0 32&rsquo;27\u00a0\u00bb<\/li>\n<\/ol>\n<p><a href=\"https:\/\/www.20minutes.fr\/sport\/cyclisme\/tour-de-france\/classement-maillot-jaune\" class=\"c-link c-btn c-btn--primary\" target=\"_blank\" rel=\"noopener\">Le classement complet du Tour de France 2025<\/a><\/p>\n<p>Dimanche, le peloton est attendu sur les Champs-\u00c9lys\u00e9es.<\/p>\n","protected":false},"excerpt":{"rendered":"Samedi, lors de l\u2019avant-derni\u00e8re \u00e9tape du Tour de France 2025, on attendait un baroudeur pour la victoire. Mais&hellip;\n","protected":false},"author":2,"featured_media":276601,"comment_status":"","ping_status":"","sticky":false,"template":"","format":"standard","meta":{"footnotes":""},"categories":[2],"tags":[11,207,1011,27,27884,12,25,517,1138,210],"class_list":{"0":"post-276600","1":"post","2":"type-post","3":"status-publish","4":"format-standard","5":"has-post-thumbnail","7":"category-actualites","8":"tag-actualites","9":"tag-cyclisme","10":"tag-fr","11":"tag-france","12":"tag-jonas-vingegaard","13":"tag-news","14":"tag-republique-francaise","15":"tag-sport","16":"tag-tadej-pogacar","17":"tag-tour-de-france"},"share_on_mastodon":{"url":"https:\/\/pubeurope.com\/@fr\/114923199827737846","error":""},"_links":{"self":[{"href":"https:\/\/www.europesays.com\/fr\/wp-json\/wp\/v2\/posts\/276600","targetHints":{"allow":["GET"]}}],"collection":[{"href":"https:\/\/www.europesays.com\/fr\/wp-json\/wp\/v2\/posts"}],"about":[{"href":"https:\/\/www.europesays.com\/fr\/wp-json\/wp\/v2\/types\/post"}],"author":[{"embeddable":true,"href":"https:\/\/www.europesays.com\/fr\/wp-json\/wp\/v2\/users\/2"}],"replies":[{"embeddable":true,"href":"https:\/\/www.europesays.com\/fr\/wp-json\/wp\/v2\/comments?post=276600"}],"version-history":[{"count":0,"href":"https:\/\/www.europesays.com\/fr\/wp-json\/wp\/v2\/posts\/276600\/revisions"}],"wp:featuredmedia":[{"embeddable":true,"href":"https:\/\/www.europesays.com\/fr\/wp-json\/wp\/v2\/media\/276601"}],"wp:attachment":[{"href":"https:\/\/www.europesays.com\/fr\/wp-json\/wp\/v2\/media?parent=276600"}],"wp:term":[{"taxonomy":"category","embeddable":true,"href":"https:\/\/www.europesays.com\/fr\/wp-json\/wp\/v2\/categories?post=276600"},{"taxonomy":"post_tag","embeddable":true,"href":"https:\/\/www.europesays.com\/fr\/wp-json\/wp\/v2\/tags?post=276600"}],"curies":[{"name":"wp","href":"https:\/\/api.w.org\/{rel}","templated":true}]}}