{"id":276605,"date":"2025-07-27T04:02:11","date_gmt":"2025-07-27T04:02:11","guid":{"rendered":"https:\/\/www.europesays.com\/fr\/276605\/"},"modified":"2025-07-27T04:02:11","modified_gmt":"2025-07-27T04:02:11","slug":"bonne-retraite-philippe-une-nouvelle-page-au-golf-du-chateau-dallot-avec-le-depart-dun-professeur-et-larrivee-de-son-successeur","status":"publish","type":"post","link":"https:\/\/www.europesays.com\/fr\/276605\/","title":{"rendered":"Bonne retraite Philippe\u00a0! Une nouvelle page au Golf du Ch\u00e2teau d\u2019Allot avec le d\u00e9part d\u2019un professeur et l\u2019arriv\u00e9e de son successeur"},"content":{"rendered":"<p>\n                                                                \u00c0 Bo\u00e9, un nouveau chapitre va \u00eatre cr\u00e9\u00e9.\n                            <\/p>\n<p>Apr\u00e8s huit ann\u00e9es d\u2019enseignement au golf du Ch\u00e2teau d\u2019Allot, Philippe Chauvin, professeur de golf du Ch\u00e2teau d\u2019Allot, a d\u00e9cid\u00e9 de faire valoir ses droits \u00e0 la retraite. Philippe Chauvin a exerc\u00e9 son m\u00e9tier avec passion durant cette p\u00e9riode. Pendant ces ann\u00e9es pass\u00e9es au golf du Ch\u00e2teau d\u2019Allot, il a initi\u00e9 beaucoup de personnes \u00e0 la pratique du golf et permis \u00e0 de nombreux golfeurs et golfeuses de progresser techniquement.<\/p>\n<p>Valentin Faure le remplace<\/p>\n<p>Enfin, Philippe Chauvin a encadr\u00e9 les \u00e9l\u00e8ves de l\u2019\u00e9cole de golf avec l\u2019aide de l\u2019Association Sportive. Son travail a \u00e9t\u00e9 salu\u00e9 par tous.\u00a0Plusieurs bons cadeaux lui ont \u00e9t\u00e9 offerts \u00e0 l\u2019occasion d\u2019une f\u00eate de d\u00e9part \u00e0 la retraite organis\u00e9e en son honneur. \u00c0 cette occasion, son successeur, Valentin Faure, a \u00e9t\u00e9 pr\u00e9sent\u00e9 \u00e0 tous. Il a d\u00e9j\u00e0 pris le relais et commenc\u00e9 \u00e0 enseigner, et il est \u00e9galement en charge des stages organis\u00e9s cet \u00e9t\u00e9 pour les jeunes golfeurs.<\/p>\n","protected":false},"excerpt":{"rendered":"\u00c0 Bo\u00e9, un nouveau chapitre va \u00eatre cr\u00e9\u00e9. Apr\u00e8s huit ann\u00e9es d\u2019enseignement au golf du Ch\u00e2teau d\u2019Allot, Philippe&hellip;\n","protected":false},"author":2,"featured_media":276606,"comment_status":"","ping_status":"","sticky":false,"template":"","format":"standard","meta":{"footnotes":""},"categories":[1418],"tags":[1011,27,1472,60],"class_list":{"0":"post-276605","1":"post","2":"type-post","3":"status-publish","4":"format-standard","5":"has-post-thumbnail","7":"category-golf","8":"tag-fr","9":"tag-france","10":"tag-golf","11":"tag-sports"},"share_on_mastodon":{"url":"https:\/\/pubeurope.com\/@fr\/114923211509262334","error":""},"_links":{"self":[{"href":"https:\/\/www.europesays.com\/fr\/wp-json\/wp\/v2\/posts\/276605","targetHints":{"allow":["GET"]}}],"collection":[{"href":"https:\/\/www.europesays.com\/fr\/wp-json\/wp\/v2\/posts"}],"about":[{"href":"https:\/\/www.europesays.com\/fr\/wp-json\/wp\/v2\/types\/post"}],"author":[{"embeddable":true,"href":"https:\/\/www.europesays.com\/fr\/wp-json\/wp\/v2\/users\/2"}],"replies":[{"embeddable":true,"href":"https:\/\/www.europesays.com\/fr\/wp-json\/wp\/v2\/comments?post=276605"}],"version-history":[{"count":0,"href":"https:\/\/www.europesays.com\/fr\/wp-json\/wp\/v2\/posts\/276605\/revisions"}],"wp:featuredmedia":[{"embeddable":true,"href":"https:\/\/www.europesays.com\/fr\/wp-json\/wp\/v2\/media\/276606"}],"wp:attachment":[{"href":"https:\/\/www.europesays.com\/fr\/wp-json\/wp\/v2\/media?parent=276605"}],"wp:term":[{"taxonomy":"category","embeddable":true,"href":"https:\/\/www.europesays.com\/fr\/wp-json\/wp\/v2\/categories?post=276605"},{"taxonomy":"post_tag","embeddable":true,"href":"https:\/\/www.europesays.com\/fr\/wp-json\/wp\/v2\/tags?post=276605"}],"curies":[{"name":"wp","href":"https:\/\/api.w.org\/{rel}","templated":true}]}}