{"id":276608,"date":"2025-07-27T04:05:11","date_gmt":"2025-07-27T04:05:11","guid":{"rendered":"https:\/\/www.europesays.com\/fr\/276608\/"},"modified":"2025-07-27T04:05:11","modified_gmt":"2025-07-27T04:05:11","slug":"apres-bastad-darderi-enchaine-avec-un-nouveau-titre-a-umag","status":"publish","type":"post","link":"https:\/\/www.europesays.com\/fr\/276608\/","title":{"rendered":"Apr\u00e8s Bastad, Darderi encha\u00eene avec un nouveau titre \u00e0 Umag"},"content":{"rendered":"<p>                <img decoding=\"async\" src=\"https:\/\/www.europesays.com\/fr\/wp-content\/uploads\/2025\/07\/agv7.jpg\" alt=\"Apr\u00e8s Bastad, Darderi encha\u00eene avec un nouveau titre \u00e0 Umag\"\/><\/p>\n<p><strong>Vainqueur \u00e0 Bastad dimanche dernier, Luciano Darderi a r\u00e9alis\u00e9 une transition parfaite sur la terre battue d\u2019Umag.<\/strong><\/p>\n<p>L\u2019Italien, 46e mondial, affrontait Carlos Taberner pour tenter de remporter son troisi\u00e8me titre de la saison et le deuxi\u00e8me d\u2019affil\u00e9e. Face \u00e0 un adversaire qui n&rsquo;avait encore jamais disput\u00e9 de finale ATP avant cette semaine, Darderi a assum\u00e9 son statut de favori et l&rsquo;a emport\u00e9 6-3, 6-3 en un peu plus d&rsquo;une heure de jeu.<\/p>\n<p><strong>En r\u00e9alisant le doubl\u00e9 Bastad-Umag, il grimpera de onze rangs au classement lundi en \u00e9tant 35e.<\/strong><\/p>\n<p>Au moment de c\u00e9l\u00e9brer sa victoire, Darderi s&rsquo;est bless\u00e9 \u00e0 la cheville gauche, ce qui pourrait d&rsquo;ores et d\u00e9j\u00e0 acter son forfait pour le Masters 1000 de Toronto.<\/p>\n","protected":false},"excerpt":{"rendered":"Vainqueur \u00e0 Bastad dimanche dernier, Luciano Darderi a r\u00e9alis\u00e9 une transition parfaite sur la terre battue d\u2019Umag. L\u2019Italien,&hellip;\n","protected":false},"author":2,"featured_media":276609,"comment_status":"","ping_status":"","sticky":false,"template":"","format":"standard","meta":{"footnotes":""},"categories":[1415],"tags":[1011,27,60,1467],"class_list":{"0":"post-276608","1":"post","2":"type-post","3":"status-publish","4":"format-standard","5":"has-post-thumbnail","7":"category-tennis","8":"tag-fr","9":"tag-france","10":"tag-sports","11":"tag-tennis"},"share_on_mastodon":{"url":"https:\/\/pubeurope.com\/@fr\/114923223311683752","error":""},"_links":{"self":[{"href":"https:\/\/www.europesays.com\/fr\/wp-json\/wp\/v2\/posts\/276608","targetHints":{"allow":["GET"]}}],"collection":[{"href":"https:\/\/www.europesays.com\/fr\/wp-json\/wp\/v2\/posts"}],"about":[{"href":"https:\/\/www.europesays.com\/fr\/wp-json\/wp\/v2\/types\/post"}],"author":[{"embeddable":true,"href":"https:\/\/www.europesays.com\/fr\/wp-json\/wp\/v2\/users\/2"}],"replies":[{"embeddable":true,"href":"https:\/\/www.europesays.com\/fr\/wp-json\/wp\/v2\/comments?post=276608"}],"version-history":[{"count":0,"href":"https:\/\/www.europesays.com\/fr\/wp-json\/wp\/v2\/posts\/276608\/revisions"}],"wp:featuredmedia":[{"embeddable":true,"href":"https:\/\/www.europesays.com\/fr\/wp-json\/wp\/v2\/media\/276609"}],"wp:attachment":[{"href":"https:\/\/www.europesays.com\/fr\/wp-json\/wp\/v2\/media?parent=276608"}],"wp:term":[{"taxonomy":"category","embeddable":true,"href":"https:\/\/www.europesays.com\/fr\/wp-json\/wp\/v2\/categories?post=276608"},{"taxonomy":"post_tag","embeddable":true,"href":"https:\/\/www.europesays.com\/fr\/wp-json\/wp\/v2\/tags?post=276608"}],"curies":[{"name":"wp","href":"https:\/\/api.w.org\/{rel}","templated":true}]}}