{"id":276610,"date":"2025-07-27T04:07:21","date_gmt":"2025-07-27T04:07:21","guid":{"rendered":"https:\/\/www.europesays.com\/fr\/276610\/"},"modified":"2025-07-27T04:07:21","modified_gmt":"2025-07-27T04:07:21","slug":"marc-marquez-domine-la-course-sprint-du-gp-ditalie","status":"publish","type":"post","link":"https:\/\/www.europesays.com\/fr\/276610\/","title":{"rendered":"Marc Marquez domine la course sprint du GP d&rsquo;Italie"},"content":{"rendered":"<p>L&rsquo;Espagnol <a href=\"https:\/\/www.ledauphine.com\/p\/marc-marquez\" target=\"_blank\" rel=\"nofollow noopener\">Marc Marquez<\/a> (Ducati) a remport\u00e9 samedi sa huiti\u00e8me course sprint de la saison en s&rsquo;imposant sur le circuit du Mugello o\u00f9 aura lieu dimanche le Grand Prix d&rsquo;Italie, neuvi\u00e8me manche du Championnat du monde MotoGP.<\/p>\n<p>Le leader du championnat du monde a devanc\u00e9 son fr\u00e8re cadet Alex Marquez (Ducati-Gresini), 2e \u00e0 1 sec 441\/1000e, et son co\u00e9quipier italien Francesco Bagnaia, 3e \u00e0 2 sec 561\/1000e.<\/p>\n<p>  Un d\u00e9part rat\u00e9<\/p>\n<p><a href=\"https:\/\/www.ledauphine.com\/sport\/2025\/06\/21\/marc-marquez-decroche-sa-100e-pole-au-mugello-quartararo-partira-quatrieme\" target=\"_blank\" rel=\"nofollow noopener\">Parti en pole position<\/a>, Marc Marquez a pourtant rat\u00e9 son d\u00e9part et pointait \u00e0 la 7e place en entr\u00e9e du premier virage du circuit du Mugello (5,250 km).<\/p>\n<p>Mais il est rapidement revenu sur les premi\u00e8res places et a fini par passer en t\u00eate dans le cinqui\u00e8me des onze tours, pour ensuite ne plus \u00eatre inqui\u00e9t\u00e9.<\/p>\n<p>\u00ab\u00a0Je ne sais pas ce qui s&rsquo;est pass\u00e9\u00a0\u00bb<\/p>\n<p>\u00ab Je ne sais pas ce qu&rsquo;il s&rsquo;est pass\u00e9 avec le \u201claunch control\u201d (dispositif de d\u00e9part, NDLR), j&rsquo;ai r\u00e9ussi \u00e0 le remettre en position. Je suis content, je ne voulais pas perdre de points, j&rsquo;ai fait encore mieux \u00bb, a constat\u00e9 Marc Marquez qui a accru son avance au championnat du monde \u00e0 35 points sur son fr\u00e8re et \u00e0 98 points sur Bagnaia.<\/p>\n<p>\u00ab Je crois qu&rsquo;on a fait un super show, j&rsquo;esp\u00e8re que les tifosi italiens se sont bien amus\u00e9s, on leur a offert une tr\u00e8s belle course \u00bb, a soulign\u00e9 le Catalan, siffl\u00e9 par le public italien.<\/p>\n<p>Zarco pris dans une chute<\/p>\n<p>De son c\u00f4t\u00e9 l&rsquo;Espagnol Maverick Vinales (KTM-Tech3) a termin\u00e9 \u00e0 la 4e place, \u00e0 3 sec 099\/100e de Marquez.<\/p>\n<p>Le Fran\u00e7ais <a href=\"https:\/\/www.ledauphine.com\/p\/fabio-quartararo\" target=\"_blank\" rel=\"nofollow noopener\">Fabio Quartararo<\/a> (Yamaha), victime d&rsquo;une luxation d&rsquo;une \u00e9paule la veille, a jou\u00e9 les premiers r\u00f4les jusqu&rsquo;\u00e0 la mi-course, avant de baisser de rythme et de terminer \u00e0 la 10e place.<\/p>\n<p>L&rsquo;autre Fran\u00e7ais de la grille <a href=\"https:\/\/www.ledauphine.com\/p\/johann-zarco\" target=\"_blank\" rel=\"nofollow noopener\">Johann Zarco<\/a> (Honda-LCR) a \u00e9t\u00e9 pris dans une chute d\u00e8s le premier tour.<\/p>\n","protected":false},"excerpt":{"rendered":"L&rsquo;Espagnol Marc Marquez (Ducati) a remport\u00e9 samedi sa huiti\u00e8me course sprint de la saison en s&rsquo;imposant sur le&hellip;\n","protected":false},"author":2,"featured_media":276611,"comment_status":"","ping_status":"","sticky":false,"template":"","format":"standard","meta":{"footnotes":""},"categories":[1413],"tags":[1976,107,1011,27,329,1457,1456,517,1947,60],"class_list":{"0":"post-276610","1":"post","2":"type-post","3":"status-publish","4":"format-standard","5":"has-post-thumbnail","7":"category-moto","8":"tag-auto-moto","9":"tag-fil-info","10":"tag-fr","11":"tag-france","12":"tag-france-monde","13":"tag-moto","14":"tag-motocycle","15":"tag-sport","16":"tag-sport-national","17":"tag-sports"},"share_on_mastodon":{"url":"https:\/\/pubeurope.com\/@fr\/114923231230215205","error":""},"_links":{"self":[{"href":"https:\/\/www.europesays.com\/fr\/wp-json\/wp\/v2\/posts\/276610","targetHints":{"allow":["GET"]}}],"collection":[{"href":"https:\/\/www.europesays.com\/fr\/wp-json\/wp\/v2\/posts"}],"about":[{"href":"https:\/\/www.europesays.com\/fr\/wp-json\/wp\/v2\/types\/post"}],"author":[{"embeddable":true,"href":"https:\/\/www.europesays.com\/fr\/wp-json\/wp\/v2\/users\/2"}],"replies":[{"embeddable":true,"href":"https:\/\/www.europesays.com\/fr\/wp-json\/wp\/v2\/comments?post=276610"}],"version-history":[{"count":0,"href":"https:\/\/www.europesays.com\/fr\/wp-json\/wp\/v2\/posts\/276610\/revisions"}],"wp:featuredmedia":[{"embeddable":true,"href":"https:\/\/www.europesays.com\/fr\/wp-json\/wp\/v2\/media\/276611"}],"wp:attachment":[{"href":"https:\/\/www.europesays.com\/fr\/wp-json\/wp\/v2\/media?parent=276610"}],"wp:term":[{"taxonomy":"category","embeddable":true,"href":"https:\/\/www.europesays.com\/fr\/wp-json\/wp\/v2\/categories?post=276610"},{"taxonomy":"post_tag","embeddable":true,"href":"https:\/\/www.europesays.com\/fr\/wp-json\/wp\/v2\/tags?post=276610"}],"curies":[{"name":"wp","href":"https:\/\/api.w.org\/{rel}","templated":true}]}}