{"id":276623,"date":"2025-07-27T04:15:25","date_gmt":"2025-07-27T04:15:25","guid":{"rendered":"https:\/\/www.europesays.com\/fr\/276623\/"},"modified":"2025-07-27T04:15:25","modified_gmt":"2025-07-27T04:15:25","slug":"que-deviennent-cyril-nicolas-erika-et-monia-vainqueurs-de-popstars","status":"publish","type":"post","link":"https:\/\/www.europesays.com\/fr\/276623\/","title":{"rendered":"que deviennent Cyril, Nicolas, \u00c9rika et Monia, vainqueurs de Popstars ?"},"content":{"rendered":"<p>En 2002, M6 confie \u00e0 Popstars 2 la mission de monter un <strong>groupe mixte \u00e0 la <\/strong>L5, cette fois avec 2 gar\u00e7ons et 2 filles. Apr\u00e8s une s\u00e9lection intense \u2013 avec jusqu\u2019\u00e0 Chim\u00e8ne Badi ou Perle Lama en lice \u2013 ce sont <strong>\u00c9rika, Monia, Cyril et Nicolas<\/strong> qui forment les Whatfor. Le groupe enregistre \u00e0 New York avec Philippe Saisse aux manettes, esp\u00e9rant reproduire le carton des L5 avec un single puissant. Le tout premier titre, \u00ab\u00a0Plus haut\u00a0\u00bb, s\u2019envole imm\u00e9diatement \u00e0 la <strong>1\u00e8re place des ventes en France<\/strong>, mais sans atteindre les sommets du tube des L5. L\u2019album Whatfor suit en 2002 : il aura tout de m\u00eame trouv\u00e9 preneur aupr\u00e8s de <strong> 400 000 acheteurs<\/strong> en France. Encourag\u00e9, le boys band sort un deuxi\u00e8me single en 2003, \u00ab\u00a0L\u2019amour n\u2019a pas de loi !\u00a0\u00bb, adaptation fran\u00e7aise de Kiss Goodbye de Carola\u2026 mais c\u2019est un \u00e9chec, et les tourn\u00e9es sont annul\u00e9es.<\/p>\n<p>Whatfor : que deviennent Cyril, Nicolas, \u00c9rika et Monia, vainqueurs de Popstars ?<\/p>\n<p>L\u2019aventure s\u2019arr\u00eate en <strong>juin 2003<\/strong>, \u00e0 peine un an apr\u00e8s le lancement, en raison de <strong>mauvaises ventes<\/strong>, de <strong>tensions avec le label<\/strong>, et d\u2019un groupe pas toujours align\u00e9 avec les choix impos\u00e9s. Monia \u00e9voquera m\u00eame plus tard un sentiment (&#8230;)<\/p>\n<p><a href=\"https:\/\/www.closermag.fr\/people\/boys-band-whatfor-que-deviennent-cyril-nicolas-erika-et-monia-vainqueurs-de-popstars-3565735\" rel=\"nofollow noopener\" target=\"_blank\" data-ylk=\"slk:Lire la suite sur Closer;elm:context_link;itc:0;sec:content-canvas\" class=\"link \">Lire la suite sur Closer<\/a><\/p>\n<p><a href=\"https:\/\/www.closermag.fr\/people\/haley-joel-osment-lacteur-de-sixieme-sens-meconnaissable-apres-ses-ennuis-avec-la-justice-3567185\" rel=\"nofollow noopener\" target=\"_blank\" data-ylk=\"slk:Haley Joel Osment : l&#039;acteur de Sixi\u00e8me Sens m\u00e9connaissable apr\u00e8s ses ennuis avec la justice;elm:context_link;itc:0;sec:content-canvas\" class=\"link \">Haley Joel Osment : l&rsquo;acteur de Sixi\u00e8me Sens m\u00e9connaissable apr\u00e8s ses ennuis avec la justice<\/a><br \/><a href=\"https:\/\/www.closermag.fr\/royautes\/kate-middleton-a-wimbledon-les-coulisses-de-sa-venue-en-famille-disent-vraiment-qui-elle-est-3567182\" rel=\"nofollow noopener\" target=\"_blank\" data-ylk=\"slk:Kate Middleton \u00e0 Wimbledon : les coulisses de sa venue en famille disent (vraiment) qui elle est;elm:context_link;itc:0;sec:content-canvas\" class=\"link \">Kate Middleton \u00e0 Wimbledon : les coulisses de sa venue en famille disent (vraiment) qui elle est<\/a><br \/><a href=\"https:\/\/www.closermag.fr\/people\/jennifer-lopez-attaque-ben-affleck-sur-ses-performances-sexuelles-et-sa-reponse-fait-pitie-3567178\" rel=\"nofollow noopener\" target=\"_blank\" data-ylk=\"slk:Jennifer Lopez attaque Ben Affleck sur ses performances sexuelles et sa r\u00e9ponse fait piti\u00e9;elm:context_link;itc:0;sec:content-canvas\" class=\"link \">Jennifer Lopez attaque Ben Affleck sur ses performances sexuelles et sa r\u00e9ponse fait piti\u00e9<\/a><br \/><a href=\"https:\/\/www.closermag.fr\/people\/bruce-willis-incapable-de-marcher-sa-femme-monte-au-creneau-et-pousse-un-coup-de-gueule-3567175\" rel=\"nofollow noopener\" target=\"_blank\" data-ylk=\"slk:Bruce Willis incapable de marcher ? Sa femme monte au cr\u00e9neau et pousse un coup de gueule;elm:context_link;itc:0;sec:content-canvas\" class=\"link \">Bruce Willis incapable de marcher ? Sa femme monte au cr\u00e9neau et pousse un coup de gueule<\/a><br \/><a href=\"https:\/\/www.closermag.fr\/people\/un-sac-a-mrde-brad-pitt-explose-dans-un-diner-mondain-par-une-de-ses-ex-celebrissime-3567170\" rel=\"nofollow noopener\" target=\"_blank\" data-ylk=\"slk:&quot;Un sac \u00e0 m*rde&quot; : Brad Pitt explos\u00e9 dans un d\u00eener mondain par une de ses ex c\u00e9l\u00e9brissime;elm:context_link;itc:0;sec:content-canvas\" class=\"link \">\u00ab\u00a0Un sac \u00e0 m*rde\u00a0\u00bb : Brad Pitt explos\u00e9 dans un d\u00eener mondain par une de ses ex c\u00e9l\u00e9brissime<\/a><\/p>\n","protected":false},"excerpt":{"rendered":"En 2002, M6 confie \u00e0 Popstars 2 la mission de monter un groupe mixte \u00e0 la L5, cette&hellip;\n","protected":false},"author":2,"featured_media":276624,"comment_status":"","ping_status":"","sticky":false,"template":"","format":"standard","meta":{"footnotes":""},"categories":[1355],"tags":[58,59,1011,27,41596,41595,1361,873,3957,41597,41598],"class_list":{"0":"post-276623","1":"post","2":"type-post","3":"status-publish","4":"format-standard","5":"has-post-thumbnail","7":"category-musique","8":"tag-divertissement","9":"tag-entertainment","10":"tag-fr","11":"tag-france","12":"tag-lamour-na-pas-de-loi","13":"tag-monia","14":"tag-music","15":"tag-musique","16":"tag-nicolas","17":"tag-philippe-saisse","18":"tag-whatfor"},"share_on_mastodon":{"url":"https:\/\/pubeurope.com\/@fr\/114923262690791896","error":""},"_links":{"self":[{"href":"https:\/\/www.europesays.com\/fr\/wp-json\/wp\/v2\/posts\/276623","targetHints":{"allow":["GET"]}}],"collection":[{"href":"https:\/\/www.europesays.com\/fr\/wp-json\/wp\/v2\/posts"}],"about":[{"href":"https:\/\/www.europesays.com\/fr\/wp-json\/wp\/v2\/types\/post"}],"author":[{"embeddable":true,"href":"https:\/\/www.europesays.com\/fr\/wp-json\/wp\/v2\/users\/2"}],"replies":[{"embeddable":true,"href":"https:\/\/www.europesays.com\/fr\/wp-json\/wp\/v2\/comments?post=276623"}],"version-history":[{"count":0,"href":"https:\/\/www.europesays.com\/fr\/wp-json\/wp\/v2\/posts\/276623\/revisions"}],"wp:featuredmedia":[{"embeddable":true,"href":"https:\/\/www.europesays.com\/fr\/wp-json\/wp\/v2\/media\/276624"}],"wp:attachment":[{"href":"https:\/\/www.europesays.com\/fr\/wp-json\/wp\/v2\/media?parent=276623"}],"wp:term":[{"taxonomy":"category","embeddable":true,"href":"https:\/\/www.europesays.com\/fr\/wp-json\/wp\/v2\/categories?post=276623"},{"taxonomy":"post_tag","embeddable":true,"href":"https:\/\/www.europesays.com\/fr\/wp-json\/wp\/v2\/tags?post=276623"}],"curies":[{"name":"wp","href":"https:\/\/api.w.org\/{rel}","templated":true}]}}