{"id":276626,"date":"2025-07-27T04:18:14","date_gmt":"2025-07-27T04:18:14","guid":{"rendered":"https:\/\/www.europesays.com\/fr\/276626\/"},"modified":"2025-07-27T04:18:14","modified_gmt":"2025-07-27T04:18:14","slug":"benjamin-andre-rempile-avec-le-losc-et-ne-signera-pas-au-paris-fc-france-lille-osc","status":"publish","type":"post","link":"https:\/\/www.europesays.com\/fr\/276626\/","title":{"rendered":"Benjamin Andr\u00e9 rempile avec le LOSC et ne signera pas au Paris FC &#8211; France &#8211; Lille OSC"},"content":{"rendered":"<p>Le capitaine reste sur son navire.<\/p>\n<p><strong>Benjamin Andr\u00e9 va rester \u00e0 Lille<\/strong>. Les Dogues ont annonc\u00e9 la prolongation du milieu de terrain, ce samedi. Plus ancien joueur de l\u2019effectif, le joueur de 34 ans, dont le contrat courait jusqu\u2019en 2026, <strong>a re-sign\u00e9 jusqu\u2019en 2028<\/strong>.<\/p>\n<blockquote class=\"twitter-tweet-lazy\">\n<p dir=\"ltr\" lang=\"fr\">\u00ab\u00a0Capitaine Andr\u00e9\u2026 mon capitaine\u2026\u00a0\u00bb \ud83e\udee1<\/p>\n<p>Notre Capitaine. <a target=\"_blank\" href=\"https:\/\/twitter.com\/NBFootball?ref_src=twsrc%5Etfw\" rel=\"nofollow noopener\">@NBFootball<\/a> <a target=\"_blank\" href=\"https:\/\/t.co\/p6uGpIQ7Xm\" rel=\"nofollow\">pic.twitter.com\/p6uGpIQ7Xm<\/a><\/p>\n<p>\u2014 LOSC (@losclive) <a target=\"_blank\" href=\"https:\/\/twitter.com\/losclive\/status\/1949151920305676630?ref_src=twsrc%5Etfw\" rel=\"nofollow noopener\">July 26, 2025<\/a><\/p>\n<\/blockquote>\n<p><strong>De quoi mettre fin au feuilleton des derni\u00e8res semaines qui l\u2019envoyait au Paris FC<\/strong>. Depuis la cl\u00f4ture de la saison 2024-2025, Benjamin Andr\u00e9 \u00e9tait cit\u00e9 avec insistance <a target=\"_blank\" href=\"https:\/\/www.sofoot.com\/articles\/le-paris-fc-de-la-famille-arnault-et-red-bull-un-autre-terrain-de-soft-power-dans-la-capitale\" rel=\"noopener nofollow\">chez le promu, qui ne manque ni de moyens ni d\u2019ambition<\/a>. Plusieurs offres avaient \u00e9t\u00e9 formul\u00e9es. Olivier L\u00e9tang, le pr\u00e9sident du LOSC, avait toutefois signifi\u00e9 son intention de conserver le joueur, leader sur le terrain comme dans le vestiaire.<\/p>\n<p>L\u2019an pass\u00e9, Benjamin Andr\u00e9 avait d\u00e9j\u00e0 \u00e9tudi\u00e9 une proposition tr\u00e8s lucrative des Qataris d\u2019Al-Duhail, alors dirig\u00e9 par son ancien coach Christophe Galtier. En raison de l\u2019incertitude autour de son avenir, le trentenaire n\u2019avait pas pris part aux deux rencontres de pr\u00e9paration du LOSC face \u00e0 Amiens (victoire 5-0) et C\u00f4me (d\u00e9faite 2-3) ces derniers jours. Il devrait \u00eatre pr\u00e9sent lors du match de samedi prochain face au Borussia Dortmund.<\/p>\n<p>Tout est bien qui finit bien.<\/p>\n<p>\t\t\t\t\t\t\t\t\t\t<a class=\"lien-connexe\" href=\"https:\/\/www.sofoot.com\/breves\/benjamin-andre-daccord-avec-le-paris-fc\" rel=\"nofollow noopener\" target=\"_blank\">Un pilier du LOSC aurait trouv\u00e9 un accord avec le Paris FC<\/a>\t\t\t\t\t<script async src=\"https:\/\/platform.twitter.com\/widgets.js\" charset=\"utf-8\"><\/script><\/p>\n","protected":false},"excerpt":{"rendered":"Le capitaine reste sur son navire. Benjamin Andr\u00e9 va rester \u00e0 Lille. Les Dogues ont annonc\u00e9 la prolongation&hellip;\n","protected":false},"author":2,"featured_media":276627,"comment_status":"","ping_status":"","sticky":false,"template":"","format":"standard","meta":{"footnotes":""},"categories":[9],"tags":[47,61,69,65,64,63,1011,27,68,66,62,70,67,60],"class_list":{"0":"post-276626","1":"post","2":"type-post","3":"status-publish","4":"format-standard","5":"has-post-thumbnail","7":"category-sports","8":"tag-actualite","9":"tag-actus-football","10":"tag-bundesliga","11":"tag-championnats-europeens","12":"tag-equipe-de-france","13":"tag-football","14":"tag-fr","15":"tag-france","16":"tag-ligua","17":"tag-ligue-1","18":"tag-news-foot","19":"tag-premier-league","20":"tag-serie-a","21":"tag-sports"},"share_on_mastodon":{"url":"https:\/\/pubeurope.com\/@fr\/114923274571883015","error":""},"_links":{"self":[{"href":"https:\/\/www.europesays.com\/fr\/wp-json\/wp\/v2\/posts\/276626","targetHints":{"allow":["GET"]}}],"collection":[{"href":"https:\/\/www.europesays.com\/fr\/wp-json\/wp\/v2\/posts"}],"about":[{"href":"https:\/\/www.europesays.com\/fr\/wp-json\/wp\/v2\/types\/post"}],"author":[{"embeddable":true,"href":"https:\/\/www.europesays.com\/fr\/wp-json\/wp\/v2\/users\/2"}],"replies":[{"embeddable":true,"href":"https:\/\/www.europesays.com\/fr\/wp-json\/wp\/v2\/comments?post=276626"}],"version-history":[{"count":0,"href":"https:\/\/www.europesays.com\/fr\/wp-json\/wp\/v2\/posts\/276626\/revisions"}],"wp:featuredmedia":[{"embeddable":true,"href":"https:\/\/www.europesays.com\/fr\/wp-json\/wp\/v2\/media\/276627"}],"wp:attachment":[{"href":"https:\/\/www.europesays.com\/fr\/wp-json\/wp\/v2\/media?parent=276626"}],"wp:term":[{"taxonomy":"category","embeddable":true,"href":"https:\/\/www.europesays.com\/fr\/wp-json\/wp\/v2\/categories?post=276626"},{"taxonomy":"post_tag","embeddable":true,"href":"https:\/\/www.europesays.com\/fr\/wp-json\/wp\/v2\/tags?post=276626"}],"curies":[{"name":"wp","href":"https:\/\/api.w.org\/{rel}","templated":true}]}}