{"id":276628,"date":"2025-07-27T04:19:12","date_gmt":"2025-07-27T04:19:12","guid":{"rendered":"https:\/\/www.europesays.com\/fr\/276628\/"},"modified":"2025-07-27T04:19:12","modified_gmt":"2025-07-27T04:19:12","slug":"le-domicile-de-la-chanteuse-lynda-cambriole-entre-50-000-et-100-000-euros-dobjets-derobes","status":"publish","type":"post","link":"https:\/\/www.europesays.com\/fr\/276628\/","title":{"rendered":"Le domicile de la chanteuse Lynda cambriol\u00e9, entre 50.000 et 100.000 euros d\u2019objets d\u00e9rob\u00e9s"},"content":{"rendered":"<p>C\u2019est une soci\u00e9t\u00e9 de t\u00e9l\u00e9surveillance qui a donn\u00e9 l\u2019alerte. D\u2019apr\u00e8s nos confr\u00e8res du Parisien, les forces de l\u2019ordre ont \u00e9t\u00e9 appel\u00e9es jeudi vers 18h30 \u00e0 cause d\u2019une alarme d\u00e9clench\u00e9e au domicile de la chanteuse de RnB Lynda, \u00e0 Saint-Ouen-l\u2019Aum\u00f4ne (<a data-i13n=\"cpos:1;pos:1\" href=\"https:\/\/www.20minutes.fr\/dossier\/val_d_oise?at_medium=RSS%20feed&amp;at_campaign=ynews&amp;utm_source=yahoo&amp;utm_medium=rss&amp;utm_campaign=news_feed&amp;utm_content=in_article_link\" rel=\"nofollow noopener\" target=\"_blank\" data-ylk=\"slk:Val-d\u2019Oise;cpos:1;pos:1;elm:context_link;itc:0;sec:content-canvas\" class=\"link \">Val-d\u2019Oise<\/a>).<\/p>\n<p>Les malfaiteurs se seraient introduits par la baie vitr\u00e9e du salon et auraient d\u00e9rob\u00e9 des <a data-i13n=\"cpos:2;pos:1\" href=\"https:\/\/www.20minutes.fr\/dossier\/bijoux?at_medium=RSS%20feed&amp;at_campaign=ynews&amp;utm_source=yahoo&amp;utm_medium=rss&amp;utm_campaign=news_feed&amp;utm_content=in_article_link\" rel=\"nofollow noopener\" target=\"_blank\" data-ylk=\"slk:bijoux;cpos:2;pos:1;elm:context_link;itc:0;sec:content-canvas\" class=\"link \">bijoux<\/a>, des sacs de luxe, un disque d\u2019or et un disque de platine, pour un pr\u00e9judice total estim\u00e9 entre 50.000 et 100.000 euros.<\/p>\n<p>Le quotidien parisien indique que le parquet de <a data-i13n=\"cpos:3;pos:1\" href=\"https:\/\/www.20minutes.fr\/dossier\/pontoise?at_medium=RSS%20feed&amp;at_campaign=ynews&amp;utm_source=yahoo&amp;utm_medium=rss&amp;utm_campaign=news_feed&amp;utm_content=in_article_link\" rel=\"nofollow noopener\" target=\"_blank\" data-ylk=\"slk:Pontoise;cpos:3;pos:1;elm:context_link;itc:0;sec:content-canvas\" class=\"link \">Pontoise <\/a>a ouvert une enqu\u00eate en flagrance pour vol avec effraction. Les auteurs, au nombre de trois, seraient toujours en fuite.<\/p>\n<p><a data-i13n=\"cpos:4;pos:1\" href=\"https:\/\/www.20minutes.fr\/faits_divers\/faits-divers-paris\/4165429-20250726-val-oise-domicile-chanteuse-lynda-cambriole-entre-50-000-100-000-euros-objets-derobes?at_medium=RSS%20feed&amp;at_campaign=ynews&amp;utm_source=yahoo&amp;utm_medium=rss&amp;utm_campaign=news_feed&amp;utm_content=read_more_link\" rel=\"nofollow noopener\" target=\"_blank\" data-ylk=\"slk:Lire la suite sur 20minutes;cpos:4;pos:1;elm:context_link;itc:0;sec:content-canvas\" class=\"link \">Lire la suite sur 20minutes<\/a><\/p>\n<p>\u00c0 lire aussi :<br \/><a data-i13n=\"cpos:5;pos:1\" href=\"https:\/\/www.20minutes.fr\/faits_divers\/4112686-20240930-paris-stade-roland-garros-cambriole-bijoux-argent-derobes?at_medium=RSS%20feed&amp;at_campaign=ynews&amp;utm_source=yahoo&amp;utm_medium=rss&amp;utm_campaign=news_feed&amp;utm_content=related_content_link\" rel=\"nofollow noopener\" target=\"_blank\" data-ylk=\"slk:Paris : Le stade de Roland-Garros cambriol\u00e9, des bijoux et de l\u2019argent d\u00e9rob\u00e9s;cpos:5;pos:1;elm:context_link;itc:0;sec:content-canvas\" class=\"link \">Paris : Le stade de Roland-Garros cambriol\u00e9, des bijoux et de l\u2019argent d\u00e9rob\u00e9s<\/a><br \/><a data-i13n=\"cpos:6;pos:1\" href=\"https:\/\/www.20minutes.fr\/faits_divers\/4154115-20250518-lyon-joueur-ol-cambriole-pendant-dernier-match-domicile?at_medium=RSS%20feed&amp;at_campaign=ynews&amp;utm_source=yahoo&amp;utm_medium=rss&amp;utm_campaign=news_feed&amp;utm_content=related_content_link\" rel=\"nofollow noopener\" target=\"_blank\" data-ylk=\"slk:Lyon : Un joueur de l\u2019OL cambriol\u00e9 pendant son dernier match \u00e0 domicile;cpos:6;pos:1;elm:context_link;itc:0;sec:content-canvas\" class=\"link \">Lyon : Un joueur de l\u2019OL cambriol\u00e9 pendant son dernier match \u00e0 domicile<\/a><\/p>\n","protected":false},"excerpt":{"rendered":"C\u2019est une soci\u00e9t\u00e9 de t\u00e9l\u00e9surveillance qui a donn\u00e9 l\u2019alerte. D\u2019apr\u00e8s nos confr\u00e8res du Parisien, les forces de l\u2019ordre&hellip;\n","protected":false},"author":2,"featured_media":276629,"comment_status":"","ping_status":"","sticky":false,"template":"","format":"standard","meta":{"footnotes":""},"categories":[8],"tags":[58,59,3160,1011,27,41601,41599,41600],"class_list":{"0":"post-276628","1":"post","2":"type-post","3":"status-publish","4":"format-standard","5":"has-post-thumbnail","7":"category-divertissement","8":"tag-divertissement","9":"tag-entertainment","10":"tag-forces-de-lordre","11":"tag-fr","12":"tag-france","13":"tag-quotidien-parisien","14":"tag-societe-de-telesurveillance","15":"tag-stade-de-roland-garros"},"share_on_mastodon":{"url":"https:\/\/pubeurope.com\/@fr\/114923278804808199","error":""},"_links":{"self":[{"href":"https:\/\/www.europesays.com\/fr\/wp-json\/wp\/v2\/posts\/276628","targetHints":{"allow":["GET"]}}],"collection":[{"href":"https:\/\/www.europesays.com\/fr\/wp-json\/wp\/v2\/posts"}],"about":[{"href":"https:\/\/www.europesays.com\/fr\/wp-json\/wp\/v2\/types\/post"}],"author":[{"embeddable":true,"href":"https:\/\/www.europesays.com\/fr\/wp-json\/wp\/v2\/users\/2"}],"replies":[{"embeddable":true,"href":"https:\/\/www.europesays.com\/fr\/wp-json\/wp\/v2\/comments?post=276628"}],"version-history":[{"count":0,"href":"https:\/\/www.europesays.com\/fr\/wp-json\/wp\/v2\/posts\/276628\/revisions"}],"wp:featuredmedia":[{"embeddable":true,"href":"https:\/\/www.europesays.com\/fr\/wp-json\/wp\/v2\/media\/276629"}],"wp:attachment":[{"href":"https:\/\/www.europesays.com\/fr\/wp-json\/wp\/v2\/media?parent=276628"}],"wp:term":[{"taxonomy":"category","embeddable":true,"href":"https:\/\/www.europesays.com\/fr\/wp-json\/wp\/v2\/categories?post=276628"},{"taxonomy":"post_tag","embeddable":true,"href":"https:\/\/www.europesays.com\/fr\/wp-json\/wp\/v2\/tags?post=276628"}],"curies":[{"name":"wp","href":"https:\/\/api.w.org\/{rel}","templated":true}]}}