{"id":276632,"date":"2025-07-27T04:21:18","date_gmt":"2025-07-27T04:21:18","guid":{"rendered":"https:\/\/www.europesays.com\/fr\/276632\/"},"modified":"2025-07-27T04:21:18","modified_gmt":"2025-07-27T04:21:18","slug":"meme-le-pdg-dopenai-dit-de-faire-attention-a-ce-que-vous-partagez-avec-chatgpt","status":"publish","type":"post","link":"https:\/\/www.europesays.com\/fr\/276632\/","title":{"rendered":"M\u00eame le PDG d&rsquo;OpenAI dit de faire attention \u00e0 ce que vous partagez avec ChatGPT"},"content":{"rendered":"<p>Ne d\u00e9voilez peut-\u00eatre pas vos secrets les plus profonds et les plus sombres \u00e0 un chatbot IA. Vous n&rsquo;avez pas \u00e0 nous croire sur parole. Croyez-en l&rsquo;homme qui est \u00e0 l&rsquo;origine du mod\u00e8le d&rsquo;IA g\u00e9n\u00e9rative le plus populaire du march\u00e9.<\/p>\n<p>Sam Altman, PDG du fabricant de <a href=\"https:\/\/www.cnetfrance.fr\/produits\/chatgpt-comment-utiliser-401878.htm\" target=\"_blank\" rel=\"noopener\">ChatGPT<\/a>, OpenAI, a soulev\u00e9 la question cette semaine lors <a href=\"https:\/\/www.youtube.com\/watch?v=aYn8VKW6vXA\" target=\"_blank\" rel=\"noopener\">d&rsquo;une interview<\/a> avec l&rsquo;animateur Theo Von sur le podcast This Past Weekend. Il a sugg\u00e9r\u00e9 que vos conversations avec l&rsquo;IA devraient b\u00e9n\u00e9ficier de protections similaires \u00e0 celles que vous avez avec votre m\u00e9decin ou votre avocat. \u00c0 un moment donn\u00e9, M. Von a d\u00e9clar\u00e9 que l&rsquo;une des raisons pour lesquelles il h\u00e9sitait \u00e0 utiliser certains outils d&rsquo;IA \u00e9tait qu&rsquo;il \u00ab\u00a0ne savait pas qui allait avoir\u00a0\u00bb ses informations personnelles.<\/p>\n<p>\u00ab\u00a0Je pense que c&rsquo;est logique\u00a0\u00bb, a d\u00e9clar\u00e9 M. Altman, \u00ab\u00a0il faut vraiment clarifier la question de la protection de la vie priv\u00e9e avant de l&rsquo;utiliser \u00e0 grande \u00e9chelle, et clarifier la question juridique\u00a0\u00bb.<\/p>\n<p>De plus en plus d&rsquo;utilisateurs d&rsquo;IA traitent les chatbots comme leurs th\u00e9rapeutes, leurs m\u00e9decins ou leurs avocats, ce qui pose un s\u00e9rieux probl\u00e8me de protection de la vie priv\u00e9e. Il n&rsquo;y a pas de r\u00e8gles de confidentialit\u00e9 et les m\u00e9canismes r\u00e9els de ces conversations sont \u00e9tonnamment peu clairs. Bien entendu, l&rsquo;utilisation de l&rsquo;IA comme th\u00e9rapeute ou confident pose d&rsquo;autres probl\u00e8mes, comme le fait que les robots peuvent donner de mauvais conseils ou <a href=\"https:\/\/www.massgeneralbrigham.org\/en\/about\/newsroom\/press-releases\/llms-stigmatizing-language-alcohol-substance-use-disorder\" target=\"_blank\" rel=\"noopener\">renforcer les st\u00e9r\u00e9otypes ou la stigmatisation<\/a>.<\/p>\n<p>M. Altman est manifestement conscient des probl\u00e8mes qui se posent et semble au moins un peu troubl\u00e9 par la situation. \u00ab\u00a0Les gens l&rsquo;utilisent, surtout les jeunes, comme un th\u00e9rapeute, un coach de vie, j&rsquo;ai des probl\u00e8mes relationnels, que dois-je faire ? \u00ab\u00a0\u00c0 l&rsquo;heure actuelle, si vous parlez de ces probl\u00e8mes \u00e0 un th\u00e9rapeute, \u00e0 un avocat ou \u00e0 un m\u00e9decin, vous b\u00e9n\u00e9ficiez d&rsquo;un privil\u00e8ge l\u00e9gal.<\/p>\n<p>La question a \u00e9t\u00e9 soulev\u00e9e au cours d&rsquo;une partie de la conversation sur la n\u00e9cessit\u00e9 d&rsquo;\u00e9tablir davantage de r\u00e8gles ou de r\u00e9glementations en mati\u00e8re d&rsquo;IA. Les r\u00e8gles qui \u00e9touffent les entreprises d&rsquo;IA et le d\u00e9veloppement de la technologie ont peu de chances de gagner la faveur de Washington ces jours-ci, puisque le plan d&rsquo;action sur l&rsquo;IA du pr\u00e9sident Donald Trump, publi\u00e9 cette semaine, a exprim\u00e9 le souhait de moins r\u00e9glementer cette technologie, et non de la r\u00e9glementer davantage. En revanche, les r\u00e8gles visant \u00e0 les prot\u00e9ger pourraient trouver un \u00e9cho favorable.<\/p>\n<p>M. Altman semblait surtout pr\u00e9occup\u00e9 par l&rsquo;absence de protections juridiques pour les entreprises comme la sienne, afin d&rsquo;\u00e9viter qu&rsquo;elles ne soient contraintes de divulguer des conversations priv\u00e9es dans le cadre de poursuites judiciaires. OpenAI <a href=\"https:\/\/openai.com\/index\/response-to-nyt-data-demands\/\" target=\"_blank\" rel=\"noopener\">s&rsquo;est oppos\u00e9e<\/a> aux demandes de conservation des conversations des utilisateurs dans le cadre d&rsquo;un proc\u00e8s avec le New York Times sur des questions de violation des droits d&rsquo;auteur et de propri\u00e9t\u00e9 intellectuelle. (Disclaimer: Ziff Davis, la soci\u00e9t\u00e9 m\u00e8re de CNET, a intent\u00e9 en avril une action en justice contre OpenAI, all\u00e9guant qu&rsquo;elle avait viol\u00e9 les droits d&rsquo;auteur de Ziff Davis lors de l&rsquo;entra\u00eenement et de l&rsquo;exploitation de ses syst\u00e8mes d&rsquo;intelligence artificielle).<\/p>\n<p>\u00ab\u00a0Si vous parlez \u00e0 ChatGPT des choses les plus sensibles et qu&rsquo;il y a un proc\u00e8s ou autre, nous pourrions \u00eatre oblig\u00e9s de produire ces informations\u00a0\u00bb, a d\u00e9clar\u00e9 M. Altman. \u00ab\u00a0Je pense que c&rsquo;est une erreur. Je pense que nous devrions avoir le m\u00eame concept de confidentialit\u00e9 pour vos conversations avec l&rsquo;IA que pour celles que vous avez avec votre th\u00e9rapeute ou autre.<\/p>\n<p>Faites attention \u00e0 ce que vous dites \u00e0 l&rsquo;IA \u00e0 votre sujet<\/p>\n<p>Pour vous, le probl\u00e8me n&rsquo;est pas tant qu&rsquo;OpenAI puisse \u00eatre amen\u00e9e \u00e0 divulguer vos conversations dans le cadre d&rsquo;un proc\u00e8s. Il s&rsquo;agit de savoir \u00e0 qui vous confiez vos secrets.<\/p>\n<p>William Agnew, chercheur \u00e0 l&rsquo;universit\u00e9 Carnegie Mellon, qui faisait partie d&rsquo;une \u00e9quipe charg\u00e9e d&rsquo;\u00e9valuer <a href=\"https:\/\/cse.umn.edu\/college\/news\/new-research-shows-ai-chatbots-should-not-replace-your-therapist\" target=\"_blank\" rel=\"noopener\">les performances des chatbots<\/a> face \u00e0 des questions de type th\u00e9rapeutique, nous a r\u00e9cemment confi\u00e9 que la protection de la vie priv\u00e9e \u00e9tait une question primordiale lorsqu&rsquo;on se confiait \u00e0 des outils d&rsquo;IA. L&rsquo;incertitude qui entoure le fonctionnement des mod\u00e8les &#8211; et la mani\u00e8re dont vos conversations ne sont pas diffus\u00e9es dans les chats des autres &#8211; est une raison suffisante pour h\u00e9siter.<\/p>\n<p>\u00ab\u00a0M\u00eame si ces entreprises essaient d&rsquo;\u00eatre prudentes avec vos donn\u00e9es, il est bien connu que ces mod\u00e8les r\u00e9gurgitent des informations\u00a0\u00bb, a d\u00e9clar\u00e9 M. Agnew.<\/p>\n<p>Si ChatGPT ou un autre outil r\u00e9gurgite des informations issues de votre s\u00e9ance de th\u00e9rapie ou des questions m\u00e9dicales que vous avez pos\u00e9es, ces informations pourraient appara\u00eetre si votre compagnie d&rsquo;assurance ou quelqu&rsquo;un d&rsquo;autre s&rsquo;int\u00e9ressant \u00e0 votre vie personnelle interroge le m\u00eame outil \u00e0 votre sujet.<\/p>\n<p>\u00ab\u00a0Les gens devraient vraiment penser davantage \u00e0 la protection de la vie priv\u00e9e et savoir que presque tout ce qu&rsquo;ils disent \u00e0 ces robots de conversation n&rsquo;est pas priv\u00e9\u00a0\u00bb, a d\u00e9clar\u00e9 Mme Agnew. \u00ab\u00a0Ces informations seront utilis\u00e9es de toutes sortes de mani\u00e8res.<\/p>\n","protected":false},"excerpt":{"rendered":"Ne d\u00e9voilez peut-\u00eatre pas vos secrets les plus profonds et les plus sombres \u00e0 un chatbot IA. Vous&hellip;\n","protected":false},"author":2,"featured_media":276633,"comment_status":"","ping_status":"","sticky":false,"template":"","format":"standard","meta":{"footnotes":""},"categories":[6],"tags":[35,8089,141,33,34,1011,27,3995],"class_list":{"0":"post-276632","1":"post","2":"type-post","3":"status-publish","4":"format-standard","5":"has-post-thumbnail","7":"category-economie","8":"tag-business","9":"tag-chatbot","10":"tag-chatgpt","11":"tag-economie","12":"tag-economy","13":"tag-fr","14":"tag-france","15":"tag-intelligence-artificielle-ia"},"share_on_mastodon":{"url":"https:\/\/pubeurope.com\/@fr\/114923286230505366","error":""},"_links":{"self":[{"href":"https:\/\/www.europesays.com\/fr\/wp-json\/wp\/v2\/posts\/276632","targetHints":{"allow":["GET"]}}],"collection":[{"href":"https:\/\/www.europesays.com\/fr\/wp-json\/wp\/v2\/posts"}],"about":[{"href":"https:\/\/www.europesays.com\/fr\/wp-json\/wp\/v2\/types\/post"}],"author":[{"embeddable":true,"href":"https:\/\/www.europesays.com\/fr\/wp-json\/wp\/v2\/users\/2"}],"replies":[{"embeddable":true,"href":"https:\/\/www.europesays.com\/fr\/wp-json\/wp\/v2\/comments?post=276632"}],"version-history":[{"count":0,"href":"https:\/\/www.europesays.com\/fr\/wp-json\/wp\/v2\/posts\/276632\/revisions"}],"wp:featuredmedia":[{"embeddable":true,"href":"https:\/\/www.europesays.com\/fr\/wp-json\/wp\/v2\/media\/276633"}],"wp:attachment":[{"href":"https:\/\/www.europesays.com\/fr\/wp-json\/wp\/v2\/media?parent=276632"}],"wp:term":[{"taxonomy":"category","embeddable":true,"href":"https:\/\/www.europesays.com\/fr\/wp-json\/wp\/v2\/categories?post=276632"},{"taxonomy":"post_tag","embeddable":true,"href":"https:\/\/www.europesays.com\/fr\/wp-json\/wp\/v2\/tags?post=276632"}],"curies":[{"name":"wp","href":"https:\/\/api.w.org\/{rel}","templated":true}]}}