{"id":276637,"date":"2025-07-27T04:24:32","date_gmt":"2025-07-27T04:24:32","guid":{"rendered":"https:\/\/www.europesays.com\/fr\/276637\/"},"modified":"2025-07-27T04:24:32","modified_gmt":"2025-07-27T04:24:32","slug":"disparition-de-delphine-jubillar-coup-de-massue-sur-le-temoignage-retentissant-de-la-derniere-compagne-de-cedric","status":"publish","type":"post","link":"https:\/\/www.europesays.com\/fr\/276637\/","title":{"rendered":"Disparition de Delphine Jubillar : coup de massue sur le t\u00e9moignage retentissant de la derni\u00e8re compagne de C\u00e9dric"},"content":{"rendered":"<p>Depuis plus de 3 ans, la <a href=\"https:\/\/www.closermag.fr\/vecu\/disparition-de-delphine-jubillar-sulfureux-coup-de-semonce-pour-lex-compagne-de-cedric-jubillar-3567004\" target=\"_blank\" rel=\"noopener\"><br \/>\ndisparition de Delphine Jubillar<\/a> dans la nuit du 15 au 16<br \/>\nd\u00e9cembre 2020 continue de captiver. <a href=\"https:\/\/www.closermag.fr\/vecu\/disparition-de-delphine-jubillar-ce-lieu-loufoque-ou-cedric-aurait-enterre-son-corps-3566825\" target=\"_blank\" rel=\"noopener\"><br \/>\nC\u00e9dric Jubillar<\/a>, son mari, principal <strong>suspect<\/strong><br \/>\ndans cette affaire, attend toujours son <strong>proc\u00e8s<\/strong>. Il<br \/>\nest pr\u00e9vu pour le <strong>22 septembre<\/strong> prochain. Mais un<br \/>\nnouveau <strong>rebondissement<\/strong> est venu bouleverser le<br \/>\ndossier. La <a href=\"https:\/\/www.closermag.fr\/vecu\/disparition-de-delphine-jubillar-la-derniere-compagne-de-cedric-lache-un-detail-de-taille-3566466\" target=\"_blank\" rel=\"noopener\"><br \/>\nderni\u00e8re compagne de C\u00e9dric Jubillar<\/a>, rencontr\u00e9e alors qu\u2019il<br \/>\n\u00e9tait d\u00e9j\u00e0 en d\u00e9tention, affirme qu\u2019il lui aurait <strong>avou\u00e9 le<br \/>\nmeurtre<\/strong>. Un t\u00e9moignage explosif\u2026 que l\u2019accus\u00e9 r\u00e9fute<br \/>\ncat\u00e9goriquement.<\/p>\n<p>Justine (pr\u00e9nom d\u2019emprunt), 31 ans, a \u00e9t\u00e9 entendue pendant pr\u00e8s<br \/>\nde quatre heures mercredi 23 juillet par les enqu\u00eateurs de la<br \/>\nsection de recherches de Toulouse. Elle a r\u00e9p\u00e9t\u00e9 les<br \/>\n\u201c<strong>aveux<\/strong>\u201d que C\u00e9dric Jubillar lui aurait<br \/>\nconfi\u00e9s entre f\u00e9vrier et mai. Des r\u00e9v\u00e9lations qu\u2019elle avait d\u00e9j\u00e0<br \/>\nlivr\u00e9es au <a href=\"https:\/\/www.leparisien.fr\/faits-divers\/cedric-jubillar-nie-avoir-avoue-le-meurtre-de-sa-femme-a-sa-nouvelle-petite-amie-25-07-2025-AJMRRXIDSBFMXMUZIRBO553SVA.php?ts=1753451134562\" target=\"_blank\" rel=\"noopener\"><br \/>\nParisien<\/a> dans un r\u00e9cit gla\u00e7ant. Mais d\u00e8s le lendemain,<br \/>\nl\u2019avocat du principal int\u00e9ress\u00e9, Me Alexandre Martin, a d\u00e9menti.<br \/>\n\u201c<strong>C\u00e9dric Jubillar conteste avoir fait le moindre aveu \u00e0<br \/>\ncette femme (\u2026) Il n\u2019a jamais dit \u00e7a.<\/strong>\u2019\u2019 a-t-il assur\u00e9<br \/>\n\u00e0 l\u2019AFP.<\/p>\n<p>Coup de massue sur le t\u00e9moignage de la derni\u00e8re compagne de<br \/>\nC\u00e9dric Jubillar<\/p>\n<p>Pour <a href=\"https:\/\/www.closermag.fr\/vecu\/disparitions\/un-aveu-implicite-de-culpabilite-l-avocat-de-cedric-jubillar-sans-tabou-sur-les-intentions-de-son-client-1588713#item=1\" target=\"_blank\" rel=\"noopener\"><br \/>\nl\u2019avocat de C\u00e9dric Jubillar<\/a>, il ne s\u2019agirait ni plus ni moins<br \/>\nque d\u2019un <strong>coup d\u2019\u00e9clat m\u00e9diatique.<\/strong> \u201cCe type de<br \/>\ndossier extr\u00eamement m\u00e9diatique suscite (\u2026) un <strong>attrait chez<br \/>\ndes gens<\/strong> qui, \u00e0 un moment donn\u00e9, vont essayer de prendre<br \/>\nla <strong>lumi\u00e8re<\/strong>.\u2019\u2019 a-t-il lanc\u00e9, laissant entendre<br \/>\nque Justine aurait pu \u00eatre motiv\u00e9e par la<br \/>\n<strong>notori\u00e9t\u00e9<\/strong> ou <strong>l\u2019envie d\u2019exister<\/strong><br \/>\ndans l\u2019affaire. Une mani\u00e8re de d\u00e9cr\u00e9dibiliser un t\u00e9moignage qui<br \/>\npourrait peser lourd \u00e0 l\u2019approche du proc\u00e8s.<\/p>\n<p>Me Martin a aussi rappel\u00e9 qu\u2019un\u00a0<a href=\"https:\/\/www.closermag.fr\/vecu\/faits_divers\/disparition-de-delphine-jubillar-ce-grand-regret-de-lancien-codetenu-de-cedric-jubillar-en-prison-3281836\" target=\"_blank\" rel=\"noopener\">ancien<br \/>\ncod\u00e9tenu de C\u00e9dric Jubillar<\/a> a d\u00e9j\u00e0 \u00e9voqu\u00e9 des aveux suppos\u00e9s. \u00c0<br \/>\nl\u2019\u00e9poque, l\u2019avocat avait d\u00e9j\u00e0 tent\u00e9 de relativiser. \u201cIl avait<br \/>\ndit qu\u2019il <strong>l\u2019exasp\u00e9rait. \u00c0 force d\u2019\u00eatre emmerd\u00e9 par les uns<br \/>\net les autres, il avait pu dire ce qu\u2019il a dit \u00e0<br \/>\nl\u2019\u00e9poque<\/strong>.\u2019\u2019 Aujourd\u2019hui, m\u00eame combat face \u00e0 cette<br \/>\nnouvelle \u201c<strong>confession<\/strong>\u201d que l\u2019accus\u00e9 nie<br \/>\nfermement. \u201c<strong>Il conteste absolument avoir fait quelque<br \/>\naveu que ce soit<\/strong>.\u2019\u2019 a r\u00e9affirm\u00e9 son conseil.<\/p>\n<p>Une affaire toujours sans corps de<br \/>\nDelphine Jubillar\u2026 mais pas sans soup\u00e7ons<\/p>\n<p>Le dossier reste <strong>fragile<\/strong>. <strong>Sans corps,<br \/>\nsans aveu<\/strong> formel enregistr\u00e9, l\u2019enqu\u00eate Jubillar repose sur<br \/>\ndes <strong>indices<\/strong>, des <strong>comportements<\/strong>,<br \/>\ndes <strong>incoh\u00e9rences<\/strong> et d\u00e9sormais\u2026 des<br \/>\n<strong>t\u00e9moignages difficilement v\u00e9rifiables<\/strong>. L\u2019avocat<br \/>\nappelle \u00e0 \u201crevenir \u00e0 une certaine <strong>rigueur<br \/>\nintellectuelle<\/strong>.\u2019\u2019 Il souligne l\u2019importance de se<br \/>\nconcentrer sur des \u00e9l\u00e9ments concrets. \u201cAu-del\u00e0 des<br \/>\n\u00e9lucubrations des uns et des autres, <strong>quels sont les<br \/>\n\u00e9l\u00e9ments de preuve ?<\/strong>\u2019\u2019 s\u2019interroge Me Martin, \u00e0 moins<br \/>\nde deux mois d\u2019un proc\u00e8s tr\u00e8s attendu.<\/p>\n<p>C\u00e9dric Jubillar, ouvrier peintre de 37 ans, est en<br \/>\n<strong>d\u00e9tention provisoire depuis juin 2021<\/strong>. Il continue<br \/>\nde clamer son <strong>innocence<\/strong>. Quant \u00e0 Justine, son<br \/>\nt\u00e9moignage relance le d\u00e9bat : <strong>simple r\u00e9cit d\u2019une<br \/>\nex-compagne bless\u00e9e ou v\u00e9ritable pi\u00e8ce du puzzle judiciaire<br \/>\n?<\/strong> R\u00e9ponse peut-\u00eatre d\u00e8s le 22 septembre \u00e0 l\u2019ouverture des<br \/>\naudiences devant la cour d\u2019assises du Tarn.<\/p>\n","protected":false},"excerpt":{"rendered":"Depuis plus de 3 ans, la disparition de Delphine Jubillar dans la nuit du 15 au 16 d\u00e9cembre&hellip;\n","protected":false},"author":2,"featured_media":276638,"comment_status":"","ping_status":"","sticky":false,"template":"","format":"standard","meta":{"footnotes":""},"categories":[2],"tags":[11,548,33030,33031,41602,1011,27,12],"class_list":{"0":"post-276637","1":"post","2":"type-post","3":"status-publish","4":"format-standard","5":"has-post-thumbnail","7":"category-actualites","8":"tag-actualites","9":"tag-article-simple","10":"tag-cedric-jubillar","11":"tag-delphine-jubillar","12":"tag-disparition-de-delphine-jubillar","13":"tag-fr","14":"tag-france","15":"tag-news"},"share_on_mastodon":{"url":"https:\/\/pubeurope.com\/@fr\/114923298044653835","error":""},"_links":{"self":[{"href":"https:\/\/www.europesays.com\/fr\/wp-json\/wp\/v2\/posts\/276637","targetHints":{"allow":["GET"]}}],"collection":[{"href":"https:\/\/www.europesays.com\/fr\/wp-json\/wp\/v2\/posts"}],"about":[{"href":"https:\/\/www.europesays.com\/fr\/wp-json\/wp\/v2\/types\/post"}],"author":[{"embeddable":true,"href":"https:\/\/www.europesays.com\/fr\/wp-json\/wp\/v2\/users\/2"}],"replies":[{"embeddable":true,"href":"https:\/\/www.europesays.com\/fr\/wp-json\/wp\/v2\/comments?post=276637"}],"version-history":[{"count":0,"href":"https:\/\/www.europesays.com\/fr\/wp-json\/wp\/v2\/posts\/276637\/revisions"}],"wp:featuredmedia":[{"embeddable":true,"href":"https:\/\/www.europesays.com\/fr\/wp-json\/wp\/v2\/media\/276638"}],"wp:attachment":[{"href":"https:\/\/www.europesays.com\/fr\/wp-json\/wp\/v2\/media?parent=276637"}],"wp:term":[{"taxonomy":"category","embeddable":true,"href":"https:\/\/www.europesays.com\/fr\/wp-json\/wp\/v2\/categories?post=276637"},{"taxonomy":"post_tag","embeddable":true,"href":"https:\/\/www.europesays.com\/fr\/wp-json\/wp\/v2\/tags?post=276637"}],"curies":[{"name":"wp","href":"https:\/\/api.w.org\/{rel}","templated":true}]}}