{"id":276639,"date":"2025-07-27T04:25:12","date_gmt":"2025-07-27T04:25:12","guid":{"rendered":"https:\/\/www.europesays.com\/fr\/276639\/"},"modified":"2025-07-27T04:25:12","modified_gmt":"2025-07-27T04:25:12","slug":"la-bergere-enlevee-par-le-baron-de-grangent-puni-par-le-diable","status":"publish","type":"post","link":"https:\/\/www.europesays.com\/fr\/276639\/","title":{"rendered":"la berg\u00e8re enlev\u00e9e par le baron de Grangent, puni par le Diable"},"content":{"rendered":"<p>Parmi les histoires qu\u2019on se racontait le soir, au coin du feu, depuis des g\u00e9n\u00e9rations dans le Forez, celles autour du ch\u00e2teau de Grangent devaient sans doute emp\u00eacher ceux qui l\u2019\u00e9coutaient de dormir.<\/p>\n<p>Notre l\u00e9gende du jour met en sc\u00e8ne une jeune berg\u00e8re aux cheveux couleur d\u2019or du plateau des Condamines, qui \u00e9tait, disait-on, l\u2019une des plus belles filles du pays. Sa beaut\u00e9 lui avait valu de nombreuses demandes en mariage, qu\u2019elle avait toutes refus\u00e9es. Ayant perdu sa m\u00e8re, la jeune femme pr\u00e9f\u00e9rait se tenir au chevet de son p\u00e8re, malade.<\/p>\n<p>C\u2019est d\u2019ailleurs&#8230;<\/p>\n","protected":false},"excerpt":{"rendered":"Parmi les histoires qu\u2019on se racontait le soir, au coin du feu, depuis des g\u00e9n\u00e9rations dans le Forez,&hellip;\n","protected":false},"author":2,"featured_media":276640,"comment_status":"","ping_status":"","sticky":false,"template":"","format":"standard","meta":{"footnotes":""},"categories":[9653],"tags":[1111,11,2430,1687,7359,1777,674,1011,27,1757,3367,12,2661,25,4001,20524,20525],"class_list":{"0":"post-276639","1":"post","2":"type-post","3":"status-publish","4":"format-standard","5":"has-post-thumbnail","7":"category-saint-etienne","8":"tag-actu","9":"tag-actualites","10":"tag-auvergne-rhone-alpes","11":"tag-culture-loisirs","12":"tag-edition-loire-centre","13":"tag-eu","14":"tag-europe","15":"tag-fr","16":"tag-france","17":"tag-insolite","18":"tag-loire","19":"tag-news","20":"tag-patrimoine-culturel","21":"tag-republique-francaise","22":"tag-saint-etienne","23":"tag-saint-just-saint-rambert","24":"tag-saint-just-saint-rambert-ville"},"share_on_mastodon":{"url":"https:\/\/pubeurope.com\/@fr\/114923302032537654","error":""},"_links":{"self":[{"href":"https:\/\/www.europesays.com\/fr\/wp-json\/wp\/v2\/posts\/276639","targetHints":{"allow":["GET"]}}],"collection":[{"href":"https:\/\/www.europesays.com\/fr\/wp-json\/wp\/v2\/posts"}],"about":[{"href":"https:\/\/www.europesays.com\/fr\/wp-json\/wp\/v2\/types\/post"}],"author":[{"embeddable":true,"href":"https:\/\/www.europesays.com\/fr\/wp-json\/wp\/v2\/users\/2"}],"replies":[{"embeddable":true,"href":"https:\/\/www.europesays.com\/fr\/wp-json\/wp\/v2\/comments?post=276639"}],"version-history":[{"count":0,"href":"https:\/\/www.europesays.com\/fr\/wp-json\/wp\/v2\/posts\/276639\/revisions"}],"wp:featuredmedia":[{"embeddable":true,"href":"https:\/\/www.europesays.com\/fr\/wp-json\/wp\/v2\/media\/276640"}],"wp:attachment":[{"href":"https:\/\/www.europesays.com\/fr\/wp-json\/wp\/v2\/media?parent=276639"}],"wp:term":[{"taxonomy":"category","embeddable":true,"href":"https:\/\/www.europesays.com\/fr\/wp-json\/wp\/v2\/categories?post=276639"},{"taxonomy":"post_tag","embeddable":true,"href":"https:\/\/www.europesays.com\/fr\/wp-json\/wp\/v2\/tags?post=276639"}],"curies":[{"name":"wp","href":"https:\/\/api.w.org\/{rel}","templated":true}]}}