{"id":276645,"date":"2025-07-27T04:29:21","date_gmt":"2025-07-27T04:29:21","guid":{"rendered":"https:\/\/www.europesays.com\/fr\/276645\/"},"modified":"2025-07-27T04:29:21","modified_gmt":"2025-07-27T04:29:21","slug":"mon-renaud-prefere-concert-classique-a-nancy","status":"publish","type":"post","link":"https:\/\/www.europesays.com\/fr\/276645\/","title":{"rendered":"Mon Renaud prefere : Concert Classique a Nancy"},"content":{"rendered":"<p>\t\t\t\t\t\t\t\t\t<a href=\"https:\/\/www.estrepublicain.fr\/pour-sortir\/loisirs\/Concert-musique\/Classique\/Lorraine\/Meurthe-et-moselle\/Nancy\/2025\/11\/13\/javascript:history.back();\" rel=\"nofollow noopener\" class=\"backToSearch\" target=\"_blank\">Retour \u00e0 la recherche<\/a><\/p>\n<p class=\"media-desc\" itemprop=\"description\">&#13;<br \/>\n\t\t\t\t\tUn spectacle musical de et avec Julien Sigalas &amp; Etienne Champollion. De \u00ab\u00a0Manu\u00a0\u00bb \u00e0 \u00ab\u00a0Mistral gagnant\u00a0\u00bb, d'\u00a0\u00bbHexagon\u00a0\u00bb \u00e0 \u00ab\u00a0La M\u00e9daille\u00a0\u00bb, venez (re)d\u00e9couvrir le fabuleux r\u00e9pertoire de cet artiste.&#13;<br \/>\n\t\t\t\t\t\t\t\t\t\t\t&#13;<br \/>\n\t\t\t\t\t\t\t\t\t\tAuteur, compositeur, interpr\u00e8te, Julien Sigalas a sorti son premier album, les amours imparfaites, en novembre 2011.<\/p>\n<p>Il poursuit depuis son bonhomme de chemin avec ses propres cr\u00e9ations, et en 2012 il entreprend de s&rsquo;attaquer au r\u00e9pertoire de Renaud S\u00e9chan, un des plus grands chanteurs fran\u00e7ais de ces trente derni\u00e8res ann\u00e9es.<\/p>\n<p>Accompagn\u00e9 de \u00c9tienne Champollion, multi-instrumentiste, ils construisent ensemble un spectacle \u00e0 la fois po\u00e9tique et rebelle, retra\u00e7ant le parcours de Renaud avec subtilit\u00e9 et tendresse.&#13;\n\t\t\t\t  <\/p>\n","protected":false},"excerpt":{"rendered":"Retour \u00e0 la recherche &#13; Un spectacle musical de et avec Julien Sigalas &amp; Etienne Champollion. De \u00ab\u00a0Manu\u00a0\u00bb&hellip;\n","protected":false},"author":2,"featured_media":276646,"comment_status":"","ping_status":"","sticky":false,"template":"","format":"standard","meta":{"footnotes":""},"categories":[9635],"tags":[1111,11,1777,674,1011,27,775,1702,12,25],"class_list":{"0":"post-276645","1":"post","2":"type-post","3":"status-publish","4":"format-standard","5":"has-post-thumbnail","7":"category-nancy","8":"tag-actu","9":"tag-actualites","10":"tag-eu","11":"tag-europe","12":"tag-fr","13":"tag-france","14":"tag-grand-est","15":"tag-nancy","16":"tag-news","17":"tag-republique-francaise"},"share_on_mastodon":{"url":"https:\/\/pubeurope.com\/@fr\/114923317828802803","error":""},"_links":{"self":[{"href":"https:\/\/www.europesays.com\/fr\/wp-json\/wp\/v2\/posts\/276645","targetHints":{"allow":["GET"]}}],"collection":[{"href":"https:\/\/www.europesays.com\/fr\/wp-json\/wp\/v2\/posts"}],"about":[{"href":"https:\/\/www.europesays.com\/fr\/wp-json\/wp\/v2\/types\/post"}],"author":[{"embeddable":true,"href":"https:\/\/www.europesays.com\/fr\/wp-json\/wp\/v2\/users\/2"}],"replies":[{"embeddable":true,"href":"https:\/\/www.europesays.com\/fr\/wp-json\/wp\/v2\/comments?post=276645"}],"version-history":[{"count":0,"href":"https:\/\/www.europesays.com\/fr\/wp-json\/wp\/v2\/posts\/276645\/revisions"}],"wp:featuredmedia":[{"embeddable":true,"href":"https:\/\/www.europesays.com\/fr\/wp-json\/wp\/v2\/media\/276646"}],"wp:attachment":[{"href":"https:\/\/www.europesays.com\/fr\/wp-json\/wp\/v2\/media?parent=276645"}],"wp:term":[{"taxonomy":"category","embeddable":true,"href":"https:\/\/www.europesays.com\/fr\/wp-json\/wp\/v2\/categories?post=276645"},{"taxonomy":"post_tag","embeddable":true,"href":"https:\/\/www.europesays.com\/fr\/wp-json\/wp\/v2\/tags?post=276645"}],"curies":[{"name":"wp","href":"https:\/\/api.w.org\/{rel}","templated":true}]}}