{"id":276658,"date":"2025-07-27T04:44:22","date_gmt":"2025-07-27T04:44:22","guid":{"rendered":"https:\/\/www.europesays.com\/fr\/276658\/"},"modified":"2025-07-27T04:44:22","modified_gmt":"2025-07-27T04:44:22","slug":"un-ex-agent-de-la-dgse-ecroue-soupconne-davoir-commandite-des-viols-denfants-en-afrique","status":"publish","type":"post","link":"https:\/\/www.europesays.com\/fr\/276658\/","title":{"rendered":"un ex-agent de la DGSE \u00e9crou\u00e9, soup\u00e7onn\u00e9 d&rsquo;avoir commandit\u00e9 des viols d&rsquo;enfants en Afrique"},"content":{"rendered":"<p>Actuellement retrait\u00e9 de l\u2019arm\u00e9e, l\u2019homme est soup\u00e7onn\u00e9 \u00abd\u2019avoir pay\u00e9 et orchestr\u00e9 \u00e0 distance des abus sexuels, des sc\u00e8nes film\u00e9es qu\u2019il consommait ensuite pour assouvir ses pulsions criminelles\u00bb.<\/p>\n<p class=\"fig-paragraph\">Un ex-agent de la Direction g\u00e9n\u00e9rale de la S\u00e9curit\u00e9 ext\u00e9rieure (DGSE) a \u00e9t\u00e9 mis en examen et \u00e9crou\u00e9 vendredi \u00e0 Strasbourg,\u00a0<a href=\"http:\/\/www.lefigaro.fr\/actualite-france\/un-homme-soupconne-d-avoir-orchestre-des-viols-d-enfants-en-afrique-20250725\" target=\"_blank\" data-fig-type=\"Article\" rel=\"noopener nofollow\" data-gtm-custom-categorie=\"navigation\" data-gtm-custom-action=\"crossclick\" data-gtm-custom-label=\"Contextuel\" data-gtm-event=\"customEventSPE\" data-fig-domain=\"LEFIGARO\">soup\u00e7onn\u00e9 d&rsquo;avoir commandit\u00e9 des viols d&rsquo;enfants en Afrique<\/a>, selon l\u2019AFP qui cite une source proche du dossier et aupr\u00e8s du parquet de Strasbourg, confirmant une information du\u00a0<a href=\"https:\/\/www.leparisien.fr\/faits-divers\/un-ancien-agent-de-la-dgse-soupconne-de-commanditer-des-viols-denfants-en-afrique-25-07-2025-V6H3EJXFUNF5DCSURBOP7LNMB4.php\" target=\"_blank\" rel=\"noopener nofollow\" data-gtm-custom-categorie=\"navigation\" data-gtm-custom-action=\"crossclick\" data-gtm-custom-label=\"Contextuel\" data-gtm-event=\"customEventSPE\">Parisien<\/a> . L&rsquo;homme avait \u00e9t\u00e9 interpell\u00e9 \u00e0 Strasbourg lundi, et a \u00e9t\u00e9 plac\u00e9 en d\u00e9tention provisoire vendredi, a confirm\u00e9 \u00e0 l&rsquo;AFP la procureure de la R\u00e9publique de Strasbourg, Clarisse Taron.<\/p>\n<p class=\"fig-paragraph\">Selon Le Parisien, cet homme, \u00e2g\u00e9 de 58 ans, a \u00e9t\u00e9 mis en examen des chefs de \u00abtraite des \u00eatres humains aggrav\u00e9e\u00bb, \u00abviols et agressions sexuelles sur mineurs\u00bb et \u00abcaptation, importation et diffusion de l&rsquo;image d&rsquo;un mineur pr\u00e9sentant un caract\u00e8re pornographique et utilisant un r\u00e9seau de communications \u00e9lectroniques\u00bb. Actuellement retrait\u00e9 de l&rsquo;arm\u00e9e, il est soup\u00e7onn\u00e9 d&rsquo;avoir commandit\u00e9 des viols sur des enfants en Afrique, et notamment au Kenya, o\u00f9 il se rendait pour des missions professionnelles, et \u00abd&rsquo;avoir pay\u00e9 et orchestr\u00e9 \u00e0 distance des abus sexuels, des sc\u00e8nes film\u00e9es qu&rsquo;il consommait ensuite pour assouvir ses pulsions criminelles\u00bb, selon le journal.<\/p>\n<p>                                    <a class=\"fig-a11y-skip a11y-hidden\" href=\"#fig-a11y-skip-main-inarticle\"><br \/>\n        Passer la publicit\u00e9<br \/>\n    <\/a><\/p>\n<p class=\"fig-paragraph\">Ces vid\u00e9os ont \u00e9t\u00e9 rep\u00e9r\u00e9es sur Internet par une fondation am\u00e9ricaine de lutte contre la p\u00e9docriminalit\u00e9, qui a ensuite alert\u00e9 la police fran\u00e7aise et notamment l&rsquo;Office mineurs (Ofmin), qui a men\u00e9 l&rsquo;enqu\u00eate, selon Le Parisien. D&rsquo;autres affaires relatives au \u00ablive-streaming\u00bb, une pratique qui consiste en l&rsquo;exploitation sexuelle d&rsquo;un enfant, lequel subit des abus sexuels command\u00e9s \u00e0 distance par des ressortissants occidentaux, ont \u00e9t\u00e9 mises au jour ces derni\u00e8res ann\u00e9es.<\/p>\n","protected":false},"excerpt":{"rendered":"Actuellement retrait\u00e9 de l\u2019arm\u00e9e, l\u2019homme est soup\u00e7onn\u00e9 \u00abd\u2019avoir pay\u00e9 et orchestr\u00e9 \u00e0 distance des abus sexuels, des sc\u00e8nes&hellip;\n","protected":false},"author":2,"featured_media":276659,"comment_status":"","ping_status":"","sticky":false,"template":"","format":"standard","meta":{"footnotes":""},"categories":[2820],"tags":[1111,11,879,37587,1777,674,1011,27,775,12,25,640,1265],"class_list":{"0":"post-276658","1":"post","2":"type-post","3":"status-publish","4":"format-standard","5":"has-post-thumbnail","7":"category-strasbourg","8":"tag-actu","9":"tag-actualites","10":"tag-afrique","11":"tag-dgse","12":"tag-eu","13":"tag-europe","14":"tag-fr","15":"tag-france","16":"tag-grand-est","17":"tag-news","18":"tag-republique-francaise","19":"tag-strasbourg","20":"tag-viol"},"share_on_mastodon":{"url":"https:\/\/pubeurope.com\/@fr\/114923376700057081","error":""},"_links":{"self":[{"href":"https:\/\/www.europesays.com\/fr\/wp-json\/wp\/v2\/posts\/276658","targetHints":{"allow":["GET"]}}],"collection":[{"href":"https:\/\/www.europesays.com\/fr\/wp-json\/wp\/v2\/posts"}],"about":[{"href":"https:\/\/www.europesays.com\/fr\/wp-json\/wp\/v2\/types\/post"}],"author":[{"embeddable":true,"href":"https:\/\/www.europesays.com\/fr\/wp-json\/wp\/v2\/users\/2"}],"replies":[{"embeddable":true,"href":"https:\/\/www.europesays.com\/fr\/wp-json\/wp\/v2\/comments?post=276658"}],"version-history":[{"count":0,"href":"https:\/\/www.europesays.com\/fr\/wp-json\/wp\/v2\/posts\/276658\/revisions"}],"wp:featuredmedia":[{"embeddable":true,"href":"https:\/\/www.europesays.com\/fr\/wp-json\/wp\/v2\/media\/276659"}],"wp:attachment":[{"href":"https:\/\/www.europesays.com\/fr\/wp-json\/wp\/v2\/media?parent=276658"}],"wp:term":[{"taxonomy":"category","embeddable":true,"href":"https:\/\/www.europesays.com\/fr\/wp-json\/wp\/v2\/categories?post=276658"},{"taxonomy":"post_tag","embeddable":true,"href":"https:\/\/www.europesays.com\/fr\/wp-json\/wp\/v2\/tags?post=276658"}],"curies":[{"name":"wp","href":"https:\/\/api.w.org\/{rel}","templated":true}]}}