{"id":276663,"date":"2025-07-27T04:47:31","date_gmt":"2025-07-27T04:47:31","guid":{"rendered":"https:\/\/www.europesays.com\/fr\/276663\/"},"modified":"2025-07-27T04:47:31","modified_gmt":"2025-07-27T04:47:31","slug":"quest-ce-quon-attend-pour-agir-500-personnes-mobilisees-a-nantes-contre-la","status":"publish","type":"post","link":"https:\/\/www.europesays.com\/fr\/276663\/","title":{"rendered":"\u00ab\u00a0Qu\u2019est-ce qu\u2019on attend pour agir\u00a0?\u00a0\u00bb\u00a0: 500\u00a0personnes mobilis\u00e9es \u00e0 Nantes contre la"},"content":{"rendered":"<p>Mohamed, 37\u00a0ans, est rentr\u00e9 de la bande de Gaza il y a deux semaines. <strong>\u00ab\u00a0Les gens meurent de faim l\u00e0-bas<\/strong>, soupire-t-il.<strong> C\u2019est d\u00e9gueulasse ce qui se passe. Comment peut-on accepter \u00e7a et continuer tranquillement nos vies\u00a0? Qu\u2019est-ce qu\u2019on attend pour agir\u00a0?\u00a0\u00bb<\/strong>. Ce cri du c\u0153ur, il n\u2019est pas le seul \u00e0 le scander.<\/p>\n<p>Environ 500\u00a0personnes se sont r\u00e9unies ce jeudi 24\u00a0juillet, aux alentours de 18\u00a0h\u00a030, au miroir d\u2019eau, dans le centre-ville de Nantes (Loire-Atlantique), pour <a href=\"https:\/\/rennes.maville.com\/actu\/actudet_--la-famine-frappe-a-toutes-les-portes-la-faim-tue-desormais-dans-la-bande-de-gaza-_54135-6909870_actu.Htm\" rel=\"nofollow noopener\" target=\"_blank\">d\u00e9noncer la famine qui s\u00e9vit \u00e0 Gaza<\/a>.<\/p>\n<p><strong> <strong>\u00ab\u00a0Il n\u2019y a plus aucune justification aux op\u00e9rations militaires de l\u2019arm\u00e9e isra\u00e9lienne \u00e0 Gaza\u00a0\u00bb<\/strong> <\/strong>, a demand\u00e9 Jean-No\u00ebl Barrot, ministre de l\u2019Europe et des Affaires \u00e9trang\u00e8res sur France inter ce mardi 22\u00a0juillet. Dans un communiqu\u00e9, M\u00e9decins sans fronti\u00e8res (MSF) alertait le 11\u00a0juillet sur l\u2019explosion des cas de malnutrition aigu\u00eb dans ses deux cliniques, \u00e0 Al-Mawasi (sud) et Gaza-ville (nord)\u00a0: plus 700\u00a0femmes enceintes ou allaitantes et 500\u00a0enfants. <strong>\u00ab\u00a0Le r\u00e9sultat de choix d\u00e9lib\u00e9r\u00e9s des autorit\u00e9s isra\u00e9liennes\u00a0\u00bb<\/strong>, d\u00e9non\u00e7ait MSF.<\/p>\n<p>\u00ab\u00a0La famine est irr\u00e9versible\u00a0\u00bb<\/p>\n<p>Un message \u00e9galement port\u00e9 par Mona, membre du collectif Urgence Palestine. <strong>\u00ab\u00a0Ce n\u2019est pas compliqu\u00e9 de nourrir les personnes \u00e0 Gaza<\/strong>, lance-t-elle au micro, devant les manifestants. <strong>Il suffit d\u2019ouvrir une porte pour que des milliers de camions humanitaires puissent rentrer\u00a0\u00bb. \u00ab\u00a0Pendant que certains prennent leurs vacances, d\u2019autres cr\u00e8vent de\u00a0faim\u00a0\u00bb<\/strong>, gronde un autre militant.<\/p>\n<p>Le d\u00e9put\u00e9 nantais LFI (La France Insoumise) Andy Kerbrat, qui a \u00e9galement pris la parole, assure que <strong>\u00ab\u00a0ce qui se passe \u00e0 Gaza, c\u2019est la mort de l\u2019humanit\u00e9 universelle\u00a0\u00bb.<\/strong> <strong>\u00ab\u00a0La famine est irr\u00e9versible<\/strong>, ajoute-t-il.<strong> Et il faudra tout le soutien des forces de volont\u00e9 pour aider les Gazaouis\u00a0\u00bb.<\/strong><\/p>\n<p>\t<img decoding=\"async\" src=\"https:\/\/www.europesays.com\/fr\/wp-content\/uploads\/2025\/07\/P35373194D6912681G_px_640_.jpg\" alt=\"photo l\u2019h\u00f4tel de ville de nantes, le 24\u00a0juillet 2025.  \u00a9  ouest-france\" width=\"640\" title=\" L\u2019H\u00f4tel de Ville de Nantes, le 24\u00a0juillet 2025.   Ouest-France \"\/><\/p>\n<p class=\"elmt-legende\"> L\u2019H\u00f4tel de Ville de Nantes, le 24\u00a0juillet 2025.   Ouest-France <\/p>\n<p>Le cort\u00e8ge s\u2019est \u00e9lanc\u00e9 aux alentours de 19\u00a0h\u00a030, en empruntant la rue de Strasbourg, \u00e9quip\u00e9 de casseroles et de cuill\u00e8res. Quelques m\u00e8tres plus loin, les manifestants se sont arr\u00eat\u00e9s devant la mairie de Nantes, pour <strong>\u00ab\u00a0exprimer leur col\u00e8re\u00a0\u00bb <\/strong>et<strong> \u00ab\u00a0faire le maximum de bruit\u00a0\u00bb<\/strong>.<strong> \u00ab\u00a0Stop stop g\u00e9nocide\u00a0\u00bb<\/strong>, ont notamment scand\u00e9 les marcheurs, esp\u00e9rant \u00eatre entendus de l\u2019autre c\u00f4t\u00e9 des murs de l\u2019H\u00f4tel de Ville.<\/p>\n<p>\u00a0<\/p>\n","protected":false},"excerpt":{"rendered":"Mohamed, 37\u00a0ans, est rentr\u00e9 de la bande de Gaza il y a deux semaines. \u00ab\u00a0Les gens meurent de&hellip;\n","protected":false},"author":2,"featured_media":276664,"comment_status":"","ping_status":"","sticky":false,"template":"","format":"standard","meta":{"footnotes":""},"categories":[2818],"tags":[14971,1111,11,41603,20639,27167,1777,674,12980,1011,27,665,30415,766,12,2636,3744,9576,25],"class_list":{"0":"post-276663","1":"post","2":"type-post","3":"status-publish","4":"format-standard","5":"has-post-thumbnail","7":"category-nantes","8":"tag-14971","9":"tag-actu","10":"tag-actualites","11":"tag-agir","12":"tag-attend","13":"tag-est-ce","14":"tag-eu","15":"tag-europe","16":"tag-famine","17":"tag-fr","18":"tag-france","19":"tag-gaza","20":"tag-mobilisees","21":"tag-nantes","22":"tag-news","23":"tag-pays-de-la-loire","24":"tag-personnes","25":"tag-qu","26":"tag-republique-francaise"},"share_on_mastodon":{"url":"https:\/\/pubeurope.com\/@fr\/114923388575863681","error":""},"_links":{"self":[{"href":"https:\/\/www.europesays.com\/fr\/wp-json\/wp\/v2\/posts\/276663","targetHints":{"allow":["GET"]}}],"collection":[{"href":"https:\/\/www.europesays.com\/fr\/wp-json\/wp\/v2\/posts"}],"about":[{"href":"https:\/\/www.europesays.com\/fr\/wp-json\/wp\/v2\/types\/post"}],"author":[{"embeddable":true,"href":"https:\/\/www.europesays.com\/fr\/wp-json\/wp\/v2\/users\/2"}],"replies":[{"embeddable":true,"href":"https:\/\/www.europesays.com\/fr\/wp-json\/wp\/v2\/comments?post=276663"}],"version-history":[{"count":0,"href":"https:\/\/www.europesays.com\/fr\/wp-json\/wp\/v2\/posts\/276663\/revisions"}],"wp:featuredmedia":[{"embeddable":true,"href":"https:\/\/www.europesays.com\/fr\/wp-json\/wp\/v2\/media\/276664"}],"wp:attachment":[{"href":"https:\/\/www.europesays.com\/fr\/wp-json\/wp\/v2\/media?parent=276663"}],"wp:term":[{"taxonomy":"category","embeddable":true,"href":"https:\/\/www.europesays.com\/fr\/wp-json\/wp\/v2\/categories?post=276663"},{"taxonomy":"post_tag","embeddable":true,"href":"https:\/\/www.europesays.com\/fr\/wp-json\/wp\/v2\/tags?post=276663"}],"curies":[{"name":"wp","href":"https:\/\/api.w.org\/{rel}","templated":true}]}}