{"id":276665,"date":"2025-07-27T04:48:27","date_gmt":"2025-07-27T04:48:27","guid":{"rendered":"https:\/\/www.europesays.com\/fr\/276665\/"},"modified":"2025-07-27T04:48:27","modified_gmt":"2025-07-27T04:48:27","slug":"fc-nantes-premieres-pour-awaziem-et-rongier-sport","status":"publish","type":"post","link":"https:\/\/www.europesays.com\/fr\/276665\/","title":{"rendered":"FC Nantes. Premi\u00e8res pour Awaziem\u2026 et Rongier . Sport"},"content":{"rendered":"<p>Sur le papier, <a href=\"https:\/\/nantes.maville.com\/sport\/detail_-fc-nantes.-un-drole-de-derby-ce-samedi-a-la-joneliere-_8-6913938_actu.Htm\" target=\"_blank\" rel=\"noopener\">ce FC Nantes-Rennes n\u2019est qu\u2019un match d\u2019entra\u00eenement<\/a>. Mais les <a href=\"https:\/\/nantes.maville.com\/sport\/detail_-les-ex-joueurs-du-fc-nantes-merlin-et-rongier-proches-de-rennes...-les-vieux-dossiers-ressortent-_8-6907500_actu.Htm\" target=\"_blank\" rel=\"noopener\">transferts en d\u00e9but de semaine des ex-Nantais Valentin Rongier et Quentin Merlin, chez les Rouge et Noir<\/a>, ont ajout\u00e9 de la tension dans l\u2019air. R\u00e9sultat, la route de la Joneli\u00e8re est ferm\u00e9e \u00e0 la circulation de 12h \u00e0 22h, apr\u00e8s un arr\u00eat\u00e9 municipal de la mairie de La Chapelle-sur-Erdre, pour le match d\u2019entra\u00eenement entre les deux voisins qui d\u00e9bute \u00e0 17h.<\/p>\n<p>Z\u00e9z\u00e9 en instance de d\u00e9part absent du groupe<\/p>\n<p>Sur le terrain, les deux \u00e9quipes vont s\u2019affronter dans un match jou\u00e9 en 3&#215;45\u00a0minutes. L\u2019occasion pour les deux managers de faire une bonne revue d\u2019effectif. C\u00f4t\u00e9 nantais, Luis Castro devra faire sans Anthony Lopes, touch\u00e9 l\u00e9g\u00e8rement \u00e0 l\u2019entra\u00eenement, ainsi que Francis Coquelin et <a href=\"https:\/\/nantes.maville.com\/sport\/detail_-fc-nantes.-mercato-finalement-nathan-zeze-devrait-etre-transfere-en-arabie-saoudite-au-neom-sc-_8-6914028_actu.Htm\" target=\"_blank\" rel=\"noopener\">surtout Nathan Zeze, qui devrait s\u2019engager rapidement avec le club saoudien de Neom SC. <\/a>Les Espoirs Matthis Abline et Johan Lepennant sont, eux, de retour dans le groupe.<\/p>\n<p>Hyeok-kyu Kwon, recrue nantaise officialis\u00e9e hier, est bien dans le groupe, mais pas dans le onze de d\u00e9part.<\/p>\n<p>Les Onze de d\u00e9part\u00a0:<\/p>\n<p><strong>FC Nantes<\/strong>\u00a0:<\/p>\n<p>Calgren &#8211; Amian (C), Tati, Awaziem, Cozza &#8211; Deuff, Leroux, Tabibou &#8211; Benhattab, Guirassy, Mohamed<\/p>\n<p>Stade Rennais\u00a0:<\/p>\n<p>Samba (C) &#8211; Hateboer, Jacquet, Rouault &#8211; Al-Tamari, Rongier, Fofana, Nagida &#8211; Blas &#8211; Me\u00eft\u00e9, Kalimuendo.<\/p>\n<p>\u00a0<\/p>\n","protected":false},"excerpt":{"rendered":"Sur le papier, ce FC Nantes-Rennes n\u2019est qu\u2019un match d\u2019entra\u00eenement. Mais les transferts en d\u00e9but de semaine des&hellip;\n","protected":false},"author":2,"featured_media":276666,"comment_status":"","ping_status":"","sticky":false,"template":"","format":"standard","meta":{"footnotes":""},"categories":[2818],"tags":[1111,11,3809,1465,1777,674,63,1011,27,1792,1922,766,12,2636,25,479,517,1470],"class_list":{"0":"post-276665","1":"post","2":"type-post","3":"status-publish","4":"format-standard","5":"has-post-thumbnail","7":"category-nantes","8":"tag-actu","9":"tag-actualites","10":"tag-ball","11":"tag-basket","12":"tag-eu","13":"tag-europe","14":"tag-football","15":"tag-fr","16":"tag-france","17":"tag-handball","18":"tag-info","19":"tag-nantes","20":"tag-news","21":"tag-pays-de-la-loire","22":"tag-republique-francaise","23":"tag-rugby","24":"tag-sport","25":"tag-volley"},"share_on_mastodon":{"url":"https:\/\/pubeurope.com\/@fr\/114923392451390949","error":""},"_links":{"self":[{"href":"https:\/\/www.europesays.com\/fr\/wp-json\/wp\/v2\/posts\/276665","targetHints":{"allow":["GET"]}}],"collection":[{"href":"https:\/\/www.europesays.com\/fr\/wp-json\/wp\/v2\/posts"}],"about":[{"href":"https:\/\/www.europesays.com\/fr\/wp-json\/wp\/v2\/types\/post"}],"author":[{"embeddable":true,"href":"https:\/\/www.europesays.com\/fr\/wp-json\/wp\/v2\/users\/2"}],"replies":[{"embeddable":true,"href":"https:\/\/www.europesays.com\/fr\/wp-json\/wp\/v2\/comments?post=276665"}],"version-history":[{"count":0,"href":"https:\/\/www.europesays.com\/fr\/wp-json\/wp\/v2\/posts\/276665\/revisions"}],"wp:featuredmedia":[{"embeddable":true,"href":"https:\/\/www.europesays.com\/fr\/wp-json\/wp\/v2\/media\/276666"}],"wp:attachment":[{"href":"https:\/\/www.europesays.com\/fr\/wp-json\/wp\/v2\/media?parent=276665"}],"wp:term":[{"taxonomy":"category","embeddable":true,"href":"https:\/\/www.europesays.com\/fr\/wp-json\/wp\/v2\/categories?post=276665"},{"taxonomy":"post_tag","embeddable":true,"href":"https:\/\/www.europesays.com\/fr\/wp-json\/wp\/v2\/tags?post=276665"}],"curies":[{"name":"wp","href":"https:\/\/api.w.org\/{rel}","templated":true}]}}