{"id":276675,"date":"2025-07-27T04:54:11","date_gmt":"2025-07-27T04:54:11","guid":{"rendered":"https:\/\/www.europesays.com\/fr\/276675\/"},"modified":"2025-07-27T04:54:11","modified_gmt":"2025-07-27T04:54:11","slug":"belgique-simulateur-de-decollage-immersion-sur-la-lune-visite-de-lextraordinaire-euro-space-center","status":"publish","type":"post","link":"https:\/\/www.europesays.com\/fr\/276675\/","title":{"rendered":"Belgique. Simulateur de d\u00e9collage, immersion sur la Lune&#8230; Visite de l&rsquo;extraordinaire Euro Space Center"},"content":{"rendered":"<p>            Par<br \/>\n        <strong><br \/>\n            <a href=\"https:\/\/actu.fr\/auteur\/redaction-lille\" title=\"Consulter tous les articles de R\u00e9daction Lille\" rel=\"nofollow noopener\" target=\"_blank\">R\u00e9daction Lille<\/a><br \/>\n        <\/strong><\/p>\n<p>        Publi\u00e9 le<\/p>\n<p>            27 juil. 2025 \u00e0 6h36        <\/p>\n<p>Avec <b>ses 11 activit\u00e9s<\/b> et <b>ses 7000 m\u00b2 de surface,<\/b> l\u2019<b>Euro Space Center<\/b>, <a href=\"https:\/\/actu.fr\/tag\/belgique\" rel=\"nofollow noopener\" target=\"_blank\">en Belgique<\/a>, est un parc \u00e0 th\u00e8me \u00e9ducatif consacr\u00e9 \u00e0 l\u2019espace. Toutes ses attractions et exp\u00e9riences sont pens\u00e9es pour permettre aux plus jeunes, comme aux adultes, d\u2019en apprendre davantage sur l\u2019univers de mani\u00e8re ludique. \u00ab\u00a0On a remarqu\u00e9 que pour apprendre des choses,<b> il fallait s\u2019amuser<\/b>. C\u2019est la meilleure mani\u00e8re de retenir !\u00a0\u00bb, glisse B\u00e9n\u00e9dicte Joquet, directrice communication et marketing des lieux. \u00c0 seulement 2 heures de Lille, l\u2019escapade vaut le d\u00e9tour\u2026 On vous y emm\u00e8ne.<\/p>\n<p>Simulateur de d\u00e9collage de fus\u00e9e, casque de r\u00e9alit\u00e9 virtuelle plongeant sur la Lune\u2026<\/p>\n<p class=\" wall-content\">Situ\u00e9 \u00e0 Libin, le parc a \u00e9t\u00e9 cr\u00e9\u00e9 il y a 34 ans, apr\u00e8s l\u2019installation d\u2019une station de contr\u00f4le de l\u2019ESA, l\u2019Agence spatiale europ\u00e9enne. S\u2019il s\u2019agissait au d\u00e9part d\u2019un mus\u00e9e, destin\u00e9 au grand public, la pand\u00e9mie de Covid a chang\u00e9 la donne. Le lieu, ferm\u00e9 pendant 1 an et demi, a \u00e9t\u00e9 int\u00e9gralement repens\u00e9 pour devenir un parc \u00e0 th\u00e8me \u00e9ducatif. \u00ab\u00a0On voulait que le grand public en connaisse un maximum sur l\u2019espace\u00a0\u00bb, dit B\u00e9n\u00e9dicte Joquet.<\/p>\n<p>    <img   decoding=\"async\" loading=\"lazy\" class=\"size-large\" src=\"https:\/\/www.europesays.com\/fr\/wp-content\/uploads\/2025\/07\/8a919301d48869e919301d48862a19v-960x640.jpg\" alt=\"Les lieux allient distraction et acquisition de connaissances. Parfait pour les plus jeunes et les adultes !\" width=\"960\" height=\"640\"\/><br \/>\n    Les lieux allient distraction et acquisition de connaissances. Parfait pour les plus jeunes et les adultes ! \u00a9LM\/Lille actu<\/p>\n<p class=\" wall-content\">Un moniteur-guide explique aux visiteurs la raison d\u2019\u00eatre de chaque activit\u00e9. Par exemple, le Moonwalk est une attraction o\u00f9, dot\u00e9 d\u2019un casque \u00e0 r\u00e9alit\u00e9 virtuelle, <b>le visiteur est plong\u00e9 dans le paysage lunaire<\/b>. Le tout install\u00e9 sur un si\u00e8ge sp\u00e9cial, le rendant six fois plus l\u00e9ger. \u00ab\u00a0Gr\u00e2ce \u00e0 \u00e7a, vous avez retenu qu\u2019on \u00e9tait combien de fois plus l\u00e9ger sur la Lune ? Six fois. Tout simplement, c\u2019est en exp\u00e9rimentant les choses qu\u2019on retient les aspects de l\u2019espace.\u00a0\u00bb<\/p>\n<p class=\" wall-content\">Venez \u00e9valuer votre <b>capacit\u00e9 \u00e0 devenir astronaute au test d\u2019aptitude<\/b>, renforcer vos connaissances g\u00e9n\u00e9rales au Space tour, ou encore tester le simulateur de d\u00e9collage de fus\u00e9e, le Rotor. Le pass \u00ab\u00a0Journ\u00e9e du spationaute\u00a0\u00bb donne acc\u00e8s aux 11 activit\u00e9s du site et co\u00fbte environ 30 euros par personne.<\/p>\n<p class=\" wall-content\">Les visiteurs peuvent \u00e9galement se ravitailler au Voyager caf\u00e9, restaurant proposant des sp\u00e9cialit\u00e9s belges, des boissons en tous genres, et m\u00eame une bi\u00e8re qui lui est propre, brass\u00e9e en Wallonie : la Capsule.<\/p>\n<p>    <img   decoding=\"async\" loading=\"lazy\" class=\"size-large\" src=\"https:\/\/www.europesays.com\/fr\/wp-content\/uploads\/2025\/07\/b54a6301d4886d94a6301d488bd4a6v-960x640.jpg\" alt=\"L'Euro Space Center n'est qu'\u00e0 2h de Lille (Nord).\" width=\"960\" height=\"640\"\/><br \/>\n    L\u2019Euro Space Center n\u2019est qu\u2019\u00e0 2h de Lille (Nord). \u00a9LM\/Lille actu<\/p>\n<p class=\" wall-content\">Au vu du grand nombre de visites, une r\u00e9servation en avance de sa venue offre une r\u00e9duction de 2 euros. L\u2019Euro Space Center met en place une jauge de 650 visiteurs par jour, pour le confort de tous. \u00ab\u00a0On ne veut pas que nos clients ne fassent finalement que 4 activit\u00e9s sur la journ\u00e9e, parce qu\u2019ils ont fait 3 heures de fil d\u2019attente.\u00a0\u00bb<\/p>\n<p>LunarX : la nouvelle attraction phare de cet \u00e9t\u00e9 !<\/p>\n<p class=\" wall-content\">D\u00e9but juillet, l\u2019Euro Space Center a accueilli sa toute nouvelle exp\u00e9rience : le LunarX. Montez dans un vaisseau spatial direction la Lune ! Preuve que le parc ne cesse de se renouveler, il accueille une innovation par an.<\/p>\n<blockquote class=\"ac-article-quote wall-content\">\n<p>L\u2019ann\u00e9e prochaine, on va construire le plus grand plan\u00e9tarium de Wallonie, d\u2019une capacit\u00e9 de 150 places, avec une technologie 8K. Et il n\u2019aura pas uniquement comme finalit\u00e9 d\u2019\u00eatre utilis\u00e9 pour le grand public, mais aussi dans le cadre des stages.<\/p>\n<p>B\u00e9n\u00e9dicte Joquet, directrice de la communication de l\u2019Euro Space Center<\/p><\/blockquote>\n<p>    <img   decoding=\"async\" loading=\"lazy\" class=\"size-large\" src=\"https:\/\/www.europesays.com\/fr\/wp-content\/uploads\/2025\/07\/6ad14301d48868ed14301d48872e14v-768x640.jpg\" alt=\"Casque de r\u00e9alit\u00e9 virtuelle qui vous plonge dans le paysage lunaire... Les attractions sont au nombre de 11.\" width=\"768\" height=\"640\"\/><br \/>\n    Casque de r\u00e9alit\u00e9 virtuelle qui vous plonge dans le paysage lunaire\u2026 Les attractions sont au nombre de 11. \u00a9LM\/Lille actu<\/p>\n<p class=\" wall-content\">En parall\u00e8le, le site organise tous les ans un temps fort autour de la Nuit des \u00e9toiles filantes, accessible gratuitement. DJ set, navette gonflable, ateliers, restauration\u2026 le tout sans aucune pollution lumineuse ! L\u2019Euro Space Park a en effet un accord avec la municipalit\u00e9, permettant l\u2019extinction des lumi\u00e8res de toutes les autoroutes alentour pour une visibilit\u00e9 du ciel des plus optimales. En 2025, <b>la Nuit des \u00e9toiles a lieu le 14 ao\u00fbt, d\u00e8s 16h30<\/b>.<\/p>\n<p class=\" wall-content\">Le parc est ouvert au grand public tous les week-ends et durant toutes les vacances scolaires. Le reste de l\u2019ann\u00e9e, il est accessible aux \u00e9coliers. \u00ab\u00a0Au lieu de partir en classe de neige, classe de mer, classe de for\u00eat, ils viennent chez nous en classe de l\u2019espace !\u00a0\u00bb Des stages sont aussi possibles lors des cong\u00e9s d\u2019\u00e9t\u00e9 : une v\u00e9ritable colonie de vacances de futurs astronautes ! Les stagiaires b\u00e9n\u00e9ficient d\u2019un programme plus large que celui des visiteurs journaliers, notamment de v\u00e9ritables entra\u00eenements en condition (bassin de microgravit\u00e9), d\u2019ateliers (construction de fus\u00e9e), de cours (initiations \u00e0 la robotique)\u2026<\/p>\n<p class=\" wall-content\">Enfin, les familles peuvent s\u2019inscrire aux \u00ab\u00a0minitrips\u00a0\u00bb, v\u00e9ritables s\u00e9jours spatiaux, donnant aussi acc\u00e8s \u00e0 d\u2019avantage d\u2019attractions, comme les dortoirs, le \u00ab\u00a0Galactic Inn\u00a0\u00bb, d\u2019une capacit\u00e9 de plus de 200 lits, pour une immersion totale dans l\u2019espace.<\/p>\n<p class=\" wall-content\"><b>Par Lina Melhem<\/b><\/p>\n<p class=\" wall-content\">Suivez toute l\u2019actualit\u00e9 de vos villes et m\u00e9dias favoris en vous inscrivant \u00e0 <a href=\"https:\/\/moncompte.actu.fr\" title=\"D\u00e9couvez Mon Actu\" rel=\"nofollow noopener\" data-trk=\"{&quot;cta&quot;:{&quot;action&quot;:&quot;https:\\\/\\\/moncompte.actu.fr&quot;,&quot;category&quot;:&quot;mon compte&quot;,&quot;from&quot;:&quot;article footer&quot;,&quot;name&quot;:&quot;Mon actu&quot;,&quot;type&quot;:&quot;cta&quot;}}\" target=\"_blank\">Mon Actu<\/a>.<\/p>\n","protected":false},"excerpt":{"rendered":"Par R\u00e9daction Lille Publi\u00e9 le 27 juil. 2025 \u00e0 6h36 Avec ses 11 activit\u00e9s et ses 7000 m\u00b2&hellip;\n","protected":false},"author":2,"featured_media":276676,"comment_status":"","ping_status":"","sticky":false,"template":"","format":"standard","meta":{"footnotes":""},"categories":[2815],"tags":[1111,11,828,386,1777,674,1011,27,811,1757,1307,1652,12,25],"class_list":{"0":"post-276675","1":"post","2":"type-post","3":"status-publish","4":"format-standard","5":"has-post-thumbnail","7":"category-lille","8":"tag-actu","9":"tag-actualites","10":"tag-belgique","11":"tag-espace","12":"tag-eu","13":"tag-europe","14":"tag-fr","15":"tag-france","16":"tag-hauts-de-france","17":"tag-insolite","18":"tag-lille","19":"tag-loisirs-culture","20":"tag-news","21":"tag-republique-francaise"},"share_on_mastodon":{"url":"https:\/\/pubeurope.com\/@fr\/114923416179272766","error":""},"_links":{"self":[{"href":"https:\/\/www.europesays.com\/fr\/wp-json\/wp\/v2\/posts\/276675","targetHints":{"allow":["GET"]}}],"collection":[{"href":"https:\/\/www.europesays.com\/fr\/wp-json\/wp\/v2\/posts"}],"about":[{"href":"https:\/\/www.europesays.com\/fr\/wp-json\/wp\/v2\/types\/post"}],"author":[{"embeddable":true,"href":"https:\/\/www.europesays.com\/fr\/wp-json\/wp\/v2\/users\/2"}],"replies":[{"embeddable":true,"href":"https:\/\/www.europesays.com\/fr\/wp-json\/wp\/v2\/comments?post=276675"}],"version-history":[{"count":0,"href":"https:\/\/www.europesays.com\/fr\/wp-json\/wp\/v2\/posts\/276675\/revisions"}],"wp:featuredmedia":[{"embeddable":true,"href":"https:\/\/www.europesays.com\/fr\/wp-json\/wp\/v2\/media\/276676"}],"wp:attachment":[{"href":"https:\/\/www.europesays.com\/fr\/wp-json\/wp\/v2\/media?parent=276675"}],"wp:term":[{"taxonomy":"category","embeddable":true,"href":"https:\/\/www.europesays.com\/fr\/wp-json\/wp\/v2\/categories?post=276675"},{"taxonomy":"post_tag","embeddable":true,"href":"https:\/\/www.europesays.com\/fr\/wp-json\/wp\/v2\/tags?post=276675"}],"curies":[{"name":"wp","href":"https:\/\/api.w.org\/{rel}","templated":true}]}}