{"id":276677,"date":"2025-07-27T04:55:34","date_gmt":"2025-07-27T04:55:34","guid":{"rendered":"https:\/\/www.europesays.com\/fr\/276677\/"},"modified":"2025-07-27T04:55:34","modified_gmt":"2025-07-27T04:55:34","slug":"marseille-reconnue-par-des-habitants-une-eleve-policiere-agressee-en-pleine-rue","status":"publish","type":"post","link":"https:\/\/www.europesays.com\/fr\/276677\/","title":{"rendered":"Marseille. Reconnue par des habitants, une \u00e9l\u00e8ve polici\u00e8re agress\u00e9e en pleine rue"},"content":{"rendered":"<p>Une jeune femme de 29\u00a0ans a \u00e9t\u00e9 prise \u00e0 partie, ce dimanche 20\u00a0juillet 2025, dans les quartiers nord de <a href=\"https:\/\/.maville.com\/\/\" target=\"_self\" rel=\"nofollow noopener\">Marseille<\/a> (Bouches-du-Rh\u00f4ne).<\/p>\n<p>Cette apprentie gardienne de la paix a \u00e9t\u00e9 reconnue par des habitants et, d\u2019apr\u00e8s les r\u00e9v\u00e9lations de nos confr\u00e8res du <a href=\"https:\/\/www.lefigaro.fr\/marseille\/marseille-une-eleve-policiere-agressee-devant-chez-elle-par-des-individus-qui-l-avaient-reconnue-20250721\" target=\"_blank\" rel=\"nofollow noopener\"> Figaro <\/a>, aurait \u00e9t\u00e9 cibl\u00e9e en raison de son statut de fonctionnaire de police. Elle a alors \u00e9t\u00e9 violemment agress\u00e9e, en d\u00e9but de soir\u00e9e, alors qu\u2019elle attendait son compagnon \u00e0 l\u2019ext\u00e9rieur de son domicile.<\/p>\n<p><strong>Lire aussi\u00a0:<\/strong> <a href=\"https:\/\/menton.maville.com\/actu\/actudet_-confinement-conditions-plus-favorables...-ce-que-l-on-sait-de-l-incendie-en-cours-a-martigues-_12357-6904889_actu.Htm\" target=\"_self\" rel=\"nofollow noopener\">240\u00a0hectares br\u00fbl\u00e9s, conditions plus favorables\u2026 Ce que l\u2019on sait de l\u2019incendie \u00e0 Martigues<\/a><\/p>\n<p>Des projectiles sur la voiture<\/p>\n<p>Selon une source proche du dossier interrog\u00e9e par <a href=\"https:\/\/france3-regions.franceinfo.fr\/provence-alpes-cote-d-azur\/bouches-du-rhone\/marseille\/insultes-crachats-menaces-des-habitants-decouvrent-qu-elle-est-policiere-une-jeune-femme-agressee-dans-sa-cite-3191358.html\" target=\"_blank\" rel=\"nofollow noopener\"> France 3\u00a0PACA <\/a>, la jeune femme aurait essuy\u00e9 des crachats, des insultes, des menaces et aurait \u00e9t\u00e9 gifl\u00e9e.\u00a0Son conjoint, \u00e9galement policier, s\u2019est interpos\u00e9 \u00e0 son arriv\u00e9e sur les lieux. Le couple a pris la fuite en voiture, sous les jets de projectiles.<\/p>\n<p><strong>Lire aussi\u00a0:<\/strong> <a href=\"https:\/\/rennes.maville.com\/actu\/actudet_-effondrements-rue-d-aubagne-a-marseille-le-parquet-fait-appel-un-nouveau-proces-attendu-_53546-6909516_actu.Htm\" target=\"_self\" rel=\"nofollow noopener\">Effondrements rue d\u2019Aubagne \u00e0 Marseille\u00a0: le parquet fait appel, un nouveau proc\u00e8s attendu<\/a><\/p>\n<p>Transf\u00e9r\u00e9e \u00e0 l\u2019h\u00f4pital apr\u00e8s un malaise<\/p>\n<p>Les deux jeunes gens se sont r\u00e9fugi\u00e9s chez le fonctionnaire, <a href=\"https:\/\/marseille.maville.com\/actu\/actudet_-un-narcotrafiquant-surnomme-dsk-mis-en-examen-dans-deux-affaires-d-assassinat-a-marseille-_53546-6376177_actu.Htm\" target=\"_self\" rel=\"nofollow noopener\">dans le 14e\u00a0arrondissement de la cit\u00e9 phoc\u00e9enne<\/a>. Une fois \u00e0 l\u2019abri, le couple a alert\u00e9 les secours.<\/p>\n<p>La jeune femme a \u00e9t\u00e9 transf\u00e9r\u00e9e\u00a0\u00e0 l\u2019h\u00f4pital des Arm\u00e9es de Laveran apr\u00e8s avoir fait un malaise, mais elle n\u2019a pas \u00e9t\u00e9 bless\u00e9e au cours de l\u2019agression.\u00a0Une plainte devrait \u00eatre d\u00e9pos\u00e9e et une enqu\u00eate a \u00e9t\u00e9 ouverte.\u00a0<\/p>\n<p>\u00a0<\/p>\n","protected":false},"excerpt":{"rendered":"Une jeune femme de 29\u00a0ans a \u00e9t\u00e9 prise \u00e0 partie, ce dimanche 20\u00a0juillet 2025, dans les quartiers nord&hellip;\n","protected":false},"author":2,"featured_media":276678,"comment_status":"","ping_status":"","sticky":false,"template":"","format":"standard","meta":{"footnotes":""},"categories":[2814],"tags":[1111,11,35831,17226,1777,674,1011,27,10623,4021,884,12,19940,17416,882,41604,25,3640,3213,10624],"class_list":{"0":"post-276677","1":"post","2":"type-post","3":"status-publish","4":"format-standard","5":"has-post-thumbnail","7":"category-marseille","8":"tag-actu","9":"tag-actualites","10":"tag-agressee","11":"tag-eleve","12":"tag-eu","13":"tag-europe","14":"tag-fr","15":"tag-france","16":"tag-golfe","17":"tag-habitants","18":"tag-marseille","19":"tag-news","20":"tag-pleine","21":"tag-policiere","22":"tag-provence-alpes-cote-dazur","23":"tag-reconnue","24":"tag-republique-francaise","25":"tag-rue","26":"tag-saint","27":"tag-tropez"},"share_on_mastodon":{"url":"https:\/\/pubeurope.com\/@fr\/114923419961041665","error":""},"_links":{"self":[{"href":"https:\/\/www.europesays.com\/fr\/wp-json\/wp\/v2\/posts\/276677","targetHints":{"allow":["GET"]}}],"collection":[{"href":"https:\/\/www.europesays.com\/fr\/wp-json\/wp\/v2\/posts"}],"about":[{"href":"https:\/\/www.europesays.com\/fr\/wp-json\/wp\/v2\/types\/post"}],"author":[{"embeddable":true,"href":"https:\/\/www.europesays.com\/fr\/wp-json\/wp\/v2\/users\/2"}],"replies":[{"embeddable":true,"href":"https:\/\/www.europesays.com\/fr\/wp-json\/wp\/v2\/comments?post=276677"}],"version-history":[{"count":0,"href":"https:\/\/www.europesays.com\/fr\/wp-json\/wp\/v2\/posts\/276677\/revisions"}],"wp:featuredmedia":[{"embeddable":true,"href":"https:\/\/www.europesays.com\/fr\/wp-json\/wp\/v2\/media\/276678"}],"wp:attachment":[{"href":"https:\/\/www.europesays.com\/fr\/wp-json\/wp\/v2\/media?parent=276677"}],"wp:term":[{"taxonomy":"category","embeddable":true,"href":"https:\/\/www.europesays.com\/fr\/wp-json\/wp\/v2\/categories?post=276677"},{"taxonomy":"post_tag","embeddable":true,"href":"https:\/\/www.europesays.com\/fr\/wp-json\/wp\/v2\/tags?post=276677"}],"curies":[{"name":"wp","href":"https:\/\/api.w.org\/{rel}","templated":true}]}}