{"id":276681,"date":"2025-07-27T04:57:11","date_gmt":"2025-07-27T04:57:11","guid":{"rendered":"https:\/\/www.europesays.com\/fr\/276681\/"},"modified":"2025-07-27T04:57:11","modified_gmt":"2025-07-27T04:57:11","slug":"ce-nouveau-service-pour-tout-comprendre","status":"publish","type":"post","link":"https:\/\/www.europesays.com\/fr\/276681\/","title":{"rendered":"ce nouveau service pour tout comprendre"},"content":{"rendered":"<p>            Par<br \/>\n        <strong><br \/>\n            <a href=\"https:\/\/actu.fr\/auteur\/theo-zuili\" title=\"Consulter tous les articles de Th\u00e9o Zuili\" rel=\"nofollow noopener\" target=\"_blank\">Th\u00e9o Zuili<\/a><br \/>\n        <\/strong><\/p>\n<p>        Publi\u00e9 le<\/p>\n<p>            27 juil. 2025 \u00e0 6h08        <\/p>\n<p>\u00c0 <a href=\"https:\/\/actu.fr\/auvergne-rhone-alpes\/lyon_69123\" rel=\"nofollow noopener\" target=\"_blank\">Lyon<\/a>, les changements pr\u00e9vus au 1\u1d49\u02b3 septembre pour les transports en commun s\u2019annoncent<strong> tr\u00e8s importants<\/strong> : <a href=\"https:\/\/actu.fr\/auvergne-rhone-alpes\/lyon_69123\/lyon-on-a-teste-cette-nouvelle-ligne-de-bus-majeure-des-tcl-un-trajet-plus-laborieux-que-prevu_62916283.html\" rel=\"nofollow noopener\" target=\"_blank\">nouvelles lignes TCL<\/a>, <a href=\"https:\/\/actu.fr\/auvergne-rhone-alpes\/lyon_69123\/lyon-ces-lignes-tcl-changent-de-nom-et-de-numeros-voici-comment-ne-pas-s-y-perdre_62688543.html\" rel=\"nofollow noopener\" target=\"_blank\">nouvelles couleurs et num\u00e9ros<\/a>, <a href=\"https:\/\/actu.fr\/auvergne-rhone-alpes\/lyon_69123\/lyon-nouveau-reseau-tcl-unifie-voici-les-zones-et-les-tarifs-en-vigueur-en-2025_61894422.html\" rel=\"nofollow noopener\" target=\"_blank\">nouvelles zones tarifaires<\/a>\u2026 Jusqu\u2019ici, difficile de s\u2019y retrouver sans \u00eatre un expert des transports en communs lyonnais.<\/p>\n<p class=\" wall-content\">Pour accompagner cette m\u00e9tamorphose du r\u00e9seau et aider ses usagers dans ce casse-t\u00eate, les <a href=\"https:\/\/actu.fr\/tag\/transports-en-commun-lyonnais-tcl\" rel=\"nofollow noopener\" target=\"_blank\">TCL<\/a> ont droit \u00e0 une nouvelle<strong> carte interactive<\/strong> pens\u00e9e pour cette p\u00e9riode de transition et cens\u00e9e faciliter la vie. C\u2019est plut\u00f4t bien pens\u00e9.<\/p>\n<p>Un outil simple pour une refonte massive<\/p>\n<p class=\" wall-content\">En quelques clics, l\u2019utilisateur peut retrouver une ligne, une adresse ou un lieu, et voir imm\u00e9diatement <strong>ce qui change \u00e0 la rentr\u00e9e<\/strong> : ligne conserv\u00e9e, modifi\u00e9e ou supprim\u00e9e, nouvelles zones tarifaires travers\u00e9es, correspondances\u2026 Le tout avec une vue avant\/apr\u00e8s.<\/p>\n<p class=\" wall-content\">Pas besoin de se creuser la t\u00eate \u00e0 \u00e9plucher des montagnes de notes de changements : il est possible de trouver directement, par exemple, la mention \u00ab\u00a0La ligne conserve son parcours et ses horaires habituels. Seulement sa couleur et son num\u00e9ro sont modifi\u00e9s\u00a0\u00bb en cherchant la ligne 111, devenue BUS 211.<\/p>\n<p class=\" wall-content\">Accessible gratuitement <a href=\"https:\/\/www.tcl.fr\/carte-avant-apres-du-reseau-unifie-tcl\" rel=\"nofollow noopener\" target=\"_blank\"><strong>ici<\/strong>, sur tcl.fr<\/a>, cette carte sert surtout \u00e0 naviguer dans le <strong>futur r\u00e9seau unifi\u00e9<\/strong>, qui regroupera d\u00e8s la rentr\u00e9e TCL, Libellule et Cars du Rh\u00f4ne sous une seule banni\u00e8re.<\/p>\n<p>Une carte utile pour la Presqu\u2019\u00eele et Navig\u00f4ne<\/p>\n<p class=\" wall-content\">Ce nouvel outil prend aussi tout son sens dans des secteurs en transformation, comme la Presqu\u2019\u00eele, o\u00f9 <a href=\"https:\/\/actu.fr\/auvergne-rhone-alpes\/lyon_69123\/ztl-a-lyon-commercants-habitants-et-usagers-des-tcl-agaces-on-ne-tiendra-pas_62869137.html\" rel=\"nofollow noopener\" target=\"_blank\">une nouvelle offre de bus qui change tout est d\u00e9j\u00e0 en place depuis le 23 juin<\/a>. Sur la carte, on peut rep\u00e9rer les itin\u00e9raires modifi\u00e9s et les arr\u00eats d\u00e9plac\u00e9s autour de Bellecour ou Cordeliers.<\/p>\n<p>    <img   decoding=\"async\" loading=\"lazy\" src=\"https:\/\/www.europesays.com\/fr\/wp-content\/uploads\/2025\/07\/cordeliers-lyon-960x640.jpeg\" alt=\"La place des Cordeliers am\u00e9nag\u00e9e de mani\u00e8re provisoire.\" width=\"960\" height=\"640\"\/><br \/>\n    La place des Cordeliers am\u00e9nag\u00e9e de mani\u00e8re provisoire. (\u00a9@ArchitecteALyon)<\/p>\n<p class=\" wall-content\">Autre nouveaut\u00e9 visible sur l\u2019outil : le trac\u00e9 de <a href=\"https:\/\/actu.fr\/auvergne-rhone-alpes\/lyon_69123\/lyon-le-premier-bateau-tcl-mis-a-l-eau-ce-que-vaut-ce-nouveau-service-sur-la-saone_62790853.html\" rel=\"nofollow noopener\" target=\"_blank\">Navig\u00f4ne, la navette fluviale lanc\u00e9e en juin<\/a>, qui relie Vaise \u00e0 Confluence en passant par la Sa\u00f4ne. Une alternative originale aux trajets classiques, d\u00e9sormais int\u00e9gr\u00e9e au r\u00e9seau.<\/p>\n<p class=\" wall-content\">De quoi anticiper les changements, choisir le bon abonnement avec la nouvelle grille \u00e0 six zones et \u00e9viter la panique en septembre.<\/p>\n<p class=\" wall-content\">Suivez toute l\u2019actualit\u00e9 de vos villes et m\u00e9dias favoris en vous inscrivant \u00e0 <a href=\"https:\/\/moncompte.actu.fr\" title=\"D\u00e9couvez Mon Actu\" rel=\"nofollow noopener\" data-trk=\"{&quot;cta&quot;:{&quot;action&quot;:&quot;https:\\\/\\\/moncompte.actu.fr&quot;,&quot;category&quot;:&quot;mon compte&quot;,&quot;from&quot;:&quot;article footer&quot;,&quot;name&quot;:&quot;Mon actu&quot;,&quot;type&quot;:&quot;cta&quot;}}\" target=\"_blank\">Mon Actu<\/a>.<\/p>\n<ul class=\"ac-article-tag wall-content\">\n<li><a href=\"https:\/\/actu.fr\/tag\/transports-en-commun-lyonnais-tcl\" data-trk=\"{&quot;cta&quot;:{&quot;action&quot;:&quot;Transports en commun lyonnais (TCL)&quot;,&quot;category&quot;:&quot;tag&quot;,&quot;from&quot;:&quot;article footer&quot;,&quot;name&quot;:&quot;Transports en commun lyonnais (TCL)&quot;,&quot;type&quot;:&quot;cta&quot;}}\" rel=\"nofollow noopener\" target=\"_blank\">#Transports en commun lyonnais (TCL)<\/a><\/li>\n<\/ul>\n","protected":false},"excerpt":{"rendered":"Par Th\u00e9o Zuili Publi\u00e9 le 27 juil. 2025 \u00e0 6h08 \u00c0 Lyon, les changements pr\u00e9vus au 1\u1d49\u02b3 septembre&hellip;\n","protected":false},"author":2,"featured_media":276682,"comment_status":"","ping_status":"","sticky":false,"template":"","format":"standard","meta":{"footnotes":""},"categories":[1889],"tags":[1111,11,2430,1777,674,1011,27,2428,12,25,104,5787],"class_list":{"0":"post-276681","1":"post","2":"type-post","3":"status-publish","4":"format-standard","5":"has-post-thumbnail","7":"category-lyon","8":"tag-actu","9":"tag-actualites","10":"tag-auvergne-rhone-alpes","11":"tag-eu","12":"tag-europe","13":"tag-fr","14":"tag-france","15":"tag-lyon","16":"tag-news","17":"tag-republique-francaise","18":"tag-societe","19":"tag-transports-en-commun-lyonnais-tcl"},"share_on_mastodon":{"url":"https:\/\/pubeurope.com\/@fr\/114923427864156429","error":""},"_links":{"self":[{"href":"https:\/\/www.europesays.com\/fr\/wp-json\/wp\/v2\/posts\/276681","targetHints":{"allow":["GET"]}}],"collection":[{"href":"https:\/\/www.europesays.com\/fr\/wp-json\/wp\/v2\/posts"}],"about":[{"href":"https:\/\/www.europesays.com\/fr\/wp-json\/wp\/v2\/types\/post"}],"author":[{"embeddable":true,"href":"https:\/\/www.europesays.com\/fr\/wp-json\/wp\/v2\/users\/2"}],"replies":[{"embeddable":true,"href":"https:\/\/www.europesays.com\/fr\/wp-json\/wp\/v2\/comments?post=276681"}],"version-history":[{"count":0,"href":"https:\/\/www.europesays.com\/fr\/wp-json\/wp\/v2\/posts\/276681\/revisions"}],"wp:featuredmedia":[{"embeddable":true,"href":"https:\/\/www.europesays.com\/fr\/wp-json\/wp\/v2\/media\/276682"}],"wp:attachment":[{"href":"https:\/\/www.europesays.com\/fr\/wp-json\/wp\/v2\/media?parent=276681"}],"wp:term":[{"taxonomy":"category","embeddable":true,"href":"https:\/\/www.europesays.com\/fr\/wp-json\/wp\/v2\/categories?post=276681"},{"taxonomy":"post_tag","embeddable":true,"href":"https:\/\/www.europesays.com\/fr\/wp-json\/wp\/v2\/tags?post=276681"}],"curies":[{"name":"wp","href":"https:\/\/api.w.org\/{rel}","templated":true}]}}