{"id":276683,"date":"2025-07-27T04:58:17","date_gmt":"2025-07-27T04:58:17","guid":{"rendered":"https:\/\/www.europesays.com\/fr\/276683\/"},"modified":"2025-07-27T04:58:17","modified_gmt":"2025-07-27T04:58:17","slug":"lyon-quand-les-croix-roussiens-percaient-des-galeries-souterraines-pour-trouver-de-leau","status":"publish","type":"post","link":"https:\/\/www.europesays.com\/fr\/276683\/","title":{"rendered":"Lyon. Quand les Croix-Roussiens per\u00e7aient des galeries souterraines pour trouver de l\u2019eau"},"content":{"rendered":"<p>Les Romains avaient b\u00e2ti quatre aqueducs pour alimenter en eau la ville de Lugdunum. Les fouilles arch\u00e9ologiques n\u2019ont pas trouv\u00e9 de vestiges sur la colline de la Croix-Rousse, pourtant urbanis\u00e9e. On ignore si l\u2019un d\u2019eux venait jusque-l\u00e0.<\/p>\n<p>On sait n\u00e9anmoins qu\u2019apr\u00e8s la p\u00e9riode gallo-romaine, les pentes et le plateau sont d\u00e9sert\u00e9s. Peut-\u00eatre justement \u00e0 cause de la difficult\u00e9 \u00e0 se fournir en eau. Ce n\u2019est qu\u2019au Moyen-\u00c2ge, que la vie revient peu \u00e0 peu sur la colline. La m\u00e9thode la plus r\u00e9pandue pour trouver de l\u2019eau \u00e9tait de creuser des puits, de fa\u00e7on souvent anarchique.<\/p>\n<p>Un seul puits pour les religieuses de la mont\u00e9e Saint-S\u00e9bastien<\/p>\n<p>Au XVIIIe si\u00e8cle, les puits sont toujours la principale solution pour se fournir en eau. Comme tous les Lyonnais, les religieuses du <a href=\"https:\/\/www.leprogres.fr\/edition-lyon-villeurbanne\/2020\/02\/08\/un-peu-d-histoire\" target=\"_blank\" rel=\"nofollow noopener\"> couvent des Colinettes<\/a>, mont\u00e9e Saint-S\u00e9bastien, ont manqu\u00e9 d\u2019eau durant la&#8230;<\/p>\n","protected":false},"excerpt":{"rendered":"Les Romains avaient b\u00e2ti quatre aqueducs pour alimenter en eau la ville de Lugdunum. Les fouilles arch\u00e9ologiques n\u2019ont&hellip;\n","protected":false},"author":2,"featured_media":276684,"comment_status":"","ping_status":"","sticky":false,"template":"","format":"standard","meta":{"footnotes":""},"categories":[1889],"tags":[1111,11,2430,2757,1777,674,1011,27,937,2428,2756,12,25,2429],"class_list":{"0":"post-276683","1":"post","2":"type-post","3":"status-publish","4":"format-standard","5":"has-post-thumbnail","7":"category-lyon","8":"tag-actu","9":"tag-actualites","10":"tag-auvergne-rhone-alpes","11":"tag-edition-lyon-villeurbanne","12":"tag-eu","13":"tag-europe","14":"tag-fr","15":"tag-france","16":"tag-histoire","17":"tag-lyon","18":"tag-lyon-bassin","19":"tag-news","20":"tag-republique-francaise","21":"tag-rhone"},"share_on_mastodon":{"url":"https:\/\/pubeurope.com\/@fr\/114923431712990689","error":""},"_links":{"self":[{"href":"https:\/\/www.europesays.com\/fr\/wp-json\/wp\/v2\/posts\/276683","targetHints":{"allow":["GET"]}}],"collection":[{"href":"https:\/\/www.europesays.com\/fr\/wp-json\/wp\/v2\/posts"}],"about":[{"href":"https:\/\/www.europesays.com\/fr\/wp-json\/wp\/v2\/types\/post"}],"author":[{"embeddable":true,"href":"https:\/\/www.europesays.com\/fr\/wp-json\/wp\/v2\/users\/2"}],"replies":[{"embeddable":true,"href":"https:\/\/www.europesays.com\/fr\/wp-json\/wp\/v2\/comments?post=276683"}],"version-history":[{"count":0,"href":"https:\/\/www.europesays.com\/fr\/wp-json\/wp\/v2\/posts\/276683\/revisions"}],"wp:featuredmedia":[{"embeddable":true,"href":"https:\/\/www.europesays.com\/fr\/wp-json\/wp\/v2\/media\/276684"}],"wp:attachment":[{"href":"https:\/\/www.europesays.com\/fr\/wp-json\/wp\/v2\/media?parent=276683"}],"wp:term":[{"taxonomy":"category","embeddable":true,"href":"https:\/\/www.europesays.com\/fr\/wp-json\/wp\/v2\/categories?post=276683"},{"taxonomy":"post_tag","embeddable":true,"href":"https:\/\/www.europesays.com\/fr\/wp-json\/wp\/v2\/tags?post=276683"}],"curies":[{"name":"wp","href":"https:\/\/api.w.org\/{rel}","templated":true}]}}