{"id":276693,"date":"2025-07-27T05:06:13","date_gmt":"2025-07-27T05:06:13","guid":{"rendered":"https:\/\/www.europesays.com\/fr\/276693\/"},"modified":"2025-07-27T05:06:13","modified_gmt":"2025-07-27T05:06:13","slug":"en-direct-guerre-en-ukraine-la-russie-continue-de-grignoter-du-terrain","status":"publish","type":"post","link":"https:\/\/www.europesays.com\/fr\/276693\/","title":{"rendered":"EN DIRECT &#8211; Guerre en Ukraine : la Russie continue de grignoter du terrain"},"content":{"rendered":"<ul class=\"jsx-862013697 ArticleChapo__List\">\n<li class=\"jsx-862013697 ArticleChapo__List_Item flex\">L&rsquo;arm\u00e9e russe a revendiqu\u00e9 samedi la prise d&rsquo;un nouveau village dans la r\u00e9gion de Dnipropetrovsk, le deuxi\u00e8me dans cette partie du centre-est.<\/li>\n<li class=\"jsx-862013697 ArticleChapo__List_Item flex\">La prise de Malievka, si elle \u00e9tait confirm\u00e9e, constituerait un nouveau revers symbolique pour les militaires ukrainiens.<\/li>\n<li class=\"jsx-862013697 ArticleChapo__List_Item flex\">Suivez les derni\u00e8res informations.<\/li>\n<\/ul>\n<p data-module=\"article-paragraph\" class=\"jsx-3046738180 Paragraph Paragraph__End\">L&rsquo;arm\u00e9e russe a revendiqu\u00e9 samedi la prise d&rsquo;un nouveau village dans la r\u00e9gion de Dnipropetrovsk, le deuxi\u00e8me dans cette partie du centre-est de l&rsquo;Ukraine depuis le d\u00e9but de son offensive en f\u00e9vrier 2022. La Russie continue de grignoter le terrain en Ukraine, apr\u00e8s que la troisi\u00e8me session de pourparlers de paix entre Russes et Ukrainiens s&rsquo;est achev\u00e9e mercredi \u00e0 Istanbul sans progr\u00e8s tangibles.<\/p>\n<p data-module=\"article-paragraph\" class=\"jsx-3046738180 Paragraph Paragraph__End\">Les forces russes \u00ab\u00a0ont lib\u00e9r\u00e9 la localit\u00e9 de Malievka\u00a0\u00bb, dans la r\u00e9gion de Dnipropetrovsk, a affirm\u00e9 l&rsquo;arm\u00e9e dans un communiqu\u00e9 sur Telegram. D\u00e9but juillet, la Russie avait revendiqu\u00e9 la conqu\u00eate d&rsquo;une premi\u00e8re localit\u00e9 &#8211; celle de Datchno\u00efe &#8211; dans cette r\u00e9gion. La prise de Malievka, si elle \u00e9tait confirm\u00e9e, constituerait un nouveau revers symbolique pour les militaires ukrainiens.<\/p>\n<p><a href=\"https:\/\/www.tf1info.fr\/international\/guerre-en-ukraine-1-100-milliards-de-dollars-l-investissement-massif-de-la-russie-pour-sa-defense-2385290.html\" rel=\"noopener\" class=\"jsx-3308031228 Link flex\" target=\"_blank\"><img decoding=\"async\" src=\"https:\/\/www.europesays.com\/fr\/wp-content\/uploads\/2025\/07\/campagne-recrutement-militaire-russie-avril-2023-662f6d-0@1x.jpeg\" alt=\"KIRILL KUDRYAVTSEV \/ AFP\" loading=\"lazy\" importance=\"low\" fetchpriority=\"low\" class=\"\" aria-hidden=\"true\"\/><\/p>\n<p class=\"jsx-3657663356 ReadMoreArticle__Title\">Lire aussi<\/p>\n<p class=\"jsx-3657663356\">Guerre en Ukraine : 1.100 milliards de dollars, l&rsquo;investissement massif de la Russie pour sa d\u00e9fense<\/p>\n<p><\/a><\/p>\n<p data-module=\"article-paragraph\" class=\"jsx-3046738180 Paragraph Paragraph__End\">Une progression russe dans la r\u00e9gion de Dnipropetrovsk aurait une valeur strat\u00e9gique importante, dans les discussions diplomatiques en vue d&rsquo;un r\u00e8glement du conflit. L&rsquo;arm\u00e9e russe a \u00e9galement affirm\u00e9 samedi s&rsquo;\u00eatre empar\u00e9e du village de Zeleny\u00ef Ha\u00ef dans la r\u00e9gion ukrainienne orientale de Donetsk, se f\u00e9licitant dans un communiqu\u00e9 de la conqu\u00eate d&rsquo;un \u00ab\u00a0nouveau poste d&rsquo;appui important des forces ukrainiennes\u00a0\u00bb.<\/p>\n<p>La r\u00e9daction de TF1info<\/p>\n","protected":false},"excerpt":{"rendered":"L&rsquo;arm\u00e9e russe a revendiqu\u00e9 samedi la prise d&rsquo;un nouveau village dans la r\u00e9gion de Dnipropetrovsk, le deuxi\u00e8me dans&hellip;\n","protected":false},"author":2,"featured_media":73527,"comment_status":"","ping_status":"","sticky":false,"template":"","format":"standard","meta":{"footnotes":""},"categories":[1591],"tags":[1111,11,1921,1887,28083,1922,12,1885,1886,132,220,1917,133,1920,135,134],"class_list":{"0":"post-276693","1":"post","2":"type-post","3":"status-publish","4":"format-standard","5":"has-post-thumbnail","7":"category-russie","8":"tag-actu","9":"tag-actualites","10":"tag-article-video","11":"tag-federation-de-russie","12":"tag-guerre-en-ukraine-une-treve-sera-t-elle-possible","13":"tag-info","14":"tag-news","15":"tag-russia","16":"tag-russian-federation","17":"tag-russie","18":"tag-ukraine","19":"tag-ukraine-4-annee-de-guerre","20":"tag-video","21":"tag-video-international","22":"tag-vladimir-poutine","23":"tag-volodymyr-zelensky"},"share_on_mastodon":{"url":"https:\/\/pubeurope.com\/@fr\/114923463314061633","error":""},"_links":{"self":[{"href":"https:\/\/www.europesays.com\/fr\/wp-json\/wp\/v2\/posts\/276693","targetHints":{"allow":["GET"]}}],"collection":[{"href":"https:\/\/www.europesays.com\/fr\/wp-json\/wp\/v2\/posts"}],"about":[{"href":"https:\/\/www.europesays.com\/fr\/wp-json\/wp\/v2\/types\/post"}],"author":[{"embeddable":true,"href":"https:\/\/www.europesays.com\/fr\/wp-json\/wp\/v2\/users\/2"}],"replies":[{"embeddable":true,"href":"https:\/\/www.europesays.com\/fr\/wp-json\/wp\/v2\/comments?post=276693"}],"version-history":[{"count":0,"href":"https:\/\/www.europesays.com\/fr\/wp-json\/wp\/v2\/posts\/276693\/revisions"}],"wp:featuredmedia":[{"embeddable":true,"href":"https:\/\/www.europesays.com\/fr\/wp-json\/wp\/v2\/media\/73527"}],"wp:attachment":[{"href":"https:\/\/www.europesays.com\/fr\/wp-json\/wp\/v2\/media?parent=276693"}],"wp:term":[{"taxonomy":"category","embeddable":true,"href":"https:\/\/www.europesays.com\/fr\/wp-json\/wp\/v2\/categories?post=276693"},{"taxonomy":"post_tag","embeddable":true,"href":"https:\/\/www.europesays.com\/fr\/wp-json\/wp\/v2\/tags?post=276693"}],"curies":[{"name":"wp","href":"https:\/\/api.w.org\/{rel}","templated":true}]}}