{"id":276694,"date":"2025-07-27T05:07:15","date_gmt":"2025-07-27T05:07:15","guid":{"rendered":"https:\/\/www.europesays.com\/fr\/276694\/"},"modified":"2025-07-27T05:07:15","modified_gmt":"2025-07-27T05:07:15","slug":"comment-la-guerre-en-ukraine-a-precipite-le-recul-geopolitique-de-poutine","status":"publish","type":"post","link":"https:\/\/www.europesays.com\/fr\/276694\/","title":{"rendered":"Comment la guerre en Ukraine a pr\u00e9cipit\u00e9 le recul g\u00e9opolitique de Poutine"},"content":{"rendered":"\n<p>D\u00e9sormais, les citoyens russes ne s\u2019entendent plus r\u00e9p\u00e9ter que \u201cles objectifs fix\u00e9s \u00e0 l\u2019<a href=\"https:\/\/www.courrierinternational.com\/article\/histoire-l-operation-militaire-speciale-entre-dans-les-manuels-scolaires-russes\" target=\"_blank\" rel=\"noopener\">\u2018op\u00e9ration militaire sp\u00e9ciale\u2019<\/a> [expression officielle russe pour d\u00e9signer l\u2019invasion de l\u2019Ukraine] seront atteints\u201d\u00a0: tout le patriotisme contenu dans ce message a c\u00e9d\u00e9 la place au sarcasme. D\u2019autant qu\u2019en plus de trois ann\u00e9es de guerre personne n\u2019a vraiment expliqu\u00e9 aux Russes en quoi consistaient pr\u00e9cis\u00e9ment ces objectifs bien vagues.<\/p>\n<p>Un jour, il s\u2019agit de prot\u00e9ger les habitants du <a href=\"https:\/\/www.courrierinternational.com\/sujet\/donbass\" target=\"_blank\" rel=\"noopener\">Donbass<\/a>, un autre d\u2019\u00e9radiquer le n\u00e9onazisme, puis de d\u00e9fendre la souverainet\u00e9 russe, ensuite de faire barrage \u00e0 l\u2019expansion de <a href=\"https:\/\/www.courrierinternational.com\/sujet\/otan\" target=\"_blank\" rel=\"noopener\">l\u2019Otan<\/a> vers l\u2019est. Tous les six mois, au gr\u00e9 de l\u2019amn\u00e9sie politique, des objectifs nouveaux viennent remplacer les anciens. Aujourd\u2019hui, la mode est aux fameuses \u201ccauses profondes\u201d, et le pr\u00e9sident Vladimir Poutine ne manque jamais de les rappeler.<\/p>\n<p>Pour moi, les \u201ccauses profondes\u201d sont plut\u00f4t simples\u00a0: cette guerre \u00e9tait pens\u00e9e comme un moyen radical de restaurer l\u2019influence g\u00e9opolitique de la Russie. En for\u00e7ant l\u2019Ukraine \u00e0 rester dans l\u2019orbite de la Russie et en voulant afficher aux yeux du monde entier toute la puissance d\u2019un r\u00e9gime despotique moderne, le r\u00e9gime poutinien a voulu tirer une double cartouche.<\/p>\n<p>Mais c\u2019est l\u2019inverse qui s\u2019est produit. En plus d\u2019agir \u00e0 son propre d\u00e9triment su<\/p>\n<p>                                     <strong class=\"paywall-title\">Cet article est r\u00e9serv\u00e9 aux\u00a0abonn\u00e9s.<\/strong>   <\/p>\n<p class=\"paywall-text\">Profitez de\u00a0l\u2019offre sp\u00e9ciale num\u00e9rique pour acc\u00e9der \u00e0\u00a0l\u2019int\u00e9gralit\u00e9 de\u00a0nos contenus en\u00a0illimit\u00e9.<\/p>\n<p class=\"article-authors\">                         <a href=\"https:\/\/www.courrierinternational.com\/auteur\/andrei-okun\" target=\"_blank\" rel=\"noopener\">Andre\u00ef Okun<\/a>    <\/p>\n<p class=\"article-vo\"><a href=\"https:\/\/republic.ru\/posts\/116045\" rel=\"noopener\" target=\"_blank\">Lire l\u2019article original<\/a><\/p>\n<p>Nos lecteurs ont lu\u00a0aussi<\/p>\n<p>Source de l\u2019article<\/p>\n<p>   <img decoding=\"async\" class=\"source-logo\" src=\"https:\/\/www.europesays.com\/fr\/wp-content\/uploads\/2025\/07\/221def8_1643652945782-republic-0.jpg\"  alt=\"Logo\" loading=\"lazy\" width=\"32\" height=\"32\"\/>  Republic  (Moscou)       <\/p>\n<p>Fond\u00e9 en 2009, <strong>Republic<\/strong> \u2013 Slon jusqu\u2019en 2016\u00a0\u2013 est un site ind\u00e9pendant publiant analyses et \u00e9ditoriaux sur l\u2019actualit\u00e9 russe et internationale. Ce m\u00e9dia lu par la classe intellectuelle d\u2019orientation lib\u00e9rale publie aussi des articles sur le cin\u00e9ma, la litt\u00e9rature, l\u2019histoire ou la science.  La majorit\u00e9 de ses contenus sont accessibles uniquement sur abonnement. En mai 2024, Republic a \u00e9t\u00e9 ajout\u00e9 au registre des \u00ab\u00a0agents de l\u2019\u00e9tranger\u00a0\u00bb par les autorit\u00e9s russes.<\/p>\n<p>        <a href=\"https:\/\/www.courrierinternational.com\/notule-source\/republic-moscou\" class=\"source-link\" target=\"_blank\" rel=\"noopener\">Lire la suite<\/a>                 <\/p>\n<p>Nos services<\/p>\n","protected":false},"excerpt":{"rendered":"D\u00e9sormais, les citoyens russes ne s\u2019entendent plus r\u00e9p\u00e9ter que \u201cles objectifs fix\u00e9s \u00e0 l\u2019\u2018op\u00e9ration militaire sp\u00e9ciale\u2019 [expression officielle&hellip;\n","protected":false},"author":2,"featured_media":276695,"comment_status":"","ping_status":"","sticky":false,"template":"","format":"standard","meta":{"footnotes":""},"categories":[1590],"tags":[11,1777,674,1892,131,12,132,220,135],"class_list":{"0":"post-276694","1":"post","2":"type-post","3":"status-publish","4":"format-standard","5":"has-post-thumbnail","7":"category-ukraine","8":"tag-actualites","9":"tag-eu","10":"tag-europe","11":"tag-gu00e9opolitique","12":"tag-guerre-en-ukraine","13":"tag-news","14":"tag-russie","15":"tag-ukraine","16":"tag-vladimir-poutine"},"share_on_mastodon":{"url":"https:\/\/pubeurope.com\/@fr\/114923467220015525","error":""},"_links":{"self":[{"href":"https:\/\/www.europesays.com\/fr\/wp-json\/wp\/v2\/posts\/276694","targetHints":{"allow":["GET"]}}],"collection":[{"href":"https:\/\/www.europesays.com\/fr\/wp-json\/wp\/v2\/posts"}],"about":[{"href":"https:\/\/www.europesays.com\/fr\/wp-json\/wp\/v2\/types\/post"}],"author":[{"embeddable":true,"href":"https:\/\/www.europesays.com\/fr\/wp-json\/wp\/v2\/users\/2"}],"replies":[{"embeddable":true,"href":"https:\/\/www.europesays.com\/fr\/wp-json\/wp\/v2\/comments?post=276694"}],"version-history":[{"count":0,"href":"https:\/\/www.europesays.com\/fr\/wp-json\/wp\/v2\/posts\/276694\/revisions"}],"wp:featuredmedia":[{"embeddable":true,"href":"https:\/\/www.europesays.com\/fr\/wp-json\/wp\/v2\/media\/276695"}],"wp:attachment":[{"href":"https:\/\/www.europesays.com\/fr\/wp-json\/wp\/v2\/media?parent=276694"}],"wp:term":[{"taxonomy":"category","embeddable":true,"href":"https:\/\/www.europesays.com\/fr\/wp-json\/wp\/v2\/categories?post=276694"},{"taxonomy":"post_tag","embeddable":true,"href":"https:\/\/www.europesays.com\/fr\/wp-json\/wp\/v2\/tags?post=276694"}],"curies":[{"name":"wp","href":"https:\/\/api.w.org\/{rel}","templated":true}]}}