{"id":276696,"date":"2025-07-27T05:08:11","date_gmt":"2025-07-27T05:08:11","guid":{"rendered":"https:\/\/www.europesays.com\/fr\/276696\/"},"modified":"2025-07-27T05:08:11","modified_gmt":"2025-07-27T05:08:11","slug":"au-moins-11-personnes-poignardees-dans-un-supermarche-walmart","status":"publish","type":"post","link":"https:\/\/www.europesays.com\/fr\/276696\/","title":{"rendered":"au moins 11 personnes poignard\u00e9es dans un supermarch\u00e9 Walmart"},"content":{"rendered":"<p class=\"article-p mdl\">Un incident s&rsquo;est produit dans un supermarch\u00e9 Walmart \u00e0 Traverse City, dans le Michigan, ce samedi 26 juillet. Un homme <strong>a bless\u00e9 \u00e0 coups de couteau 11 personnes<\/strong> dans une attaque apparemment al\u00e9atoire. Les autorit\u00e9s locales ont confirm\u00e9 que le suspect, \u00e2g\u00e9 de 42 ans, a \u00e9t\u00e9 arr\u00eat\u00e9 apr\u00e8s les faits.<\/p>\n<p class=\"article-p mdl\">Selon les d\u00e9clarations de Michael Shea, sh\u00e9rif du comt\u00e9 de Grand Traverse, l&rsquo;incident semble avoir \u00e9t\u00e9 commis au hasard. \u00ab\u00a0Les victimes n&rsquo;avaient pas \u00e9t\u00e9 d\u00e9termin\u00e9es d&rsquo;avance\u00a0\u00bb, a pr\u00e9cis\u00e9 le sh\u00e9rif lors d&rsquo;une conf\u00e9rence de presse. Le suspect, r\u00e9sident du Michigan, a apparemment agi seul, en utilisant un <strong>\u00ab\u00a0couteau pliant\u00a0\u00bb<\/strong> pour commettre ses actes.\n<\/p>\n<p class=\"article-p mdl\">Les autorit\u00e9s ont rapidement confirm\u00e9 qu\u2019un total de 11 victimes \u00e9taient prises en charge par les services m\u00e9dicaux. Selon un communiqu\u00e9 du Munson Medical Center, l\u2019h\u00f4pital de la r\u00e9gion, <strong>six victimes \u00e9taient dans un \u00e9tat critique<\/strong>, tandis que cinq autres \u00e9taient gravement bless\u00e9es. Plusieurs d&rsquo;entre elles ont d\u00fb subir des interventions chirurgicales en urgence. Parmi les bless\u00e9s, on compte six hommes et cinq femmes.<\/p>\n<p>            Des sc\u00e8nes de panique au supermarch\u00e9<\/p>\n<p class=\"article-p mdl\">Les t\u00e9moins de la sc\u00e8ne d\u00e9crivent une situation de panique totale. Julia Martell, une femme pr\u00e9sente\u00a0<a class=\"link\" href=\"https:\/\/www.rtl.fr\/actu\/international\/etats-unis-ces-armes-a-feu-qui-s-achetent-au-supermarche-7900458629\" target=\"_blank\" rel=\"nofollow noopener\">dans le magasin<\/a>\u00a0au moment de l&rsquo;attaque, a racont\u00e9 au New York Times qu&rsquo;elle avait entendu des cris et vu un homme courir dans les all\u00e9es, un couteau \u00e0 la main. \u00ab\u00a0Il a bouscul\u00e9 et poig<strong>nard\u00e9 des gens en se d\u00e9pla\u00e7ant \u00e0 travers le magasin<\/strong>\u00ab\u00a0, a-t-elle pr\u00e9cis\u00e9. La t\u00e9moin, \u00e2g\u00e9e de 30 ans, a ajout\u00e9 avoir vu trois personnes gravement bless\u00e9es, avec du sang partout autour d&rsquo;elles.<\/p>\n<p class=\"article-p mdl\">Les premiers coups de couteau ont \u00e9t\u00e9 port\u00e9s pr\u00e8s des caisses, ce qui a cr\u00e9\u00e9 une atmosph\u00e8re de chaos parmi les clients du supermarch\u00e9. Heureusement, <strong>des t\u00e9moins pr\u00e9sents ont r\u00e9ussi \u00e0 intervenir<\/strong> et \u00e0 aider \u00e0 l&rsquo;arrestation du suspect avant que la situation n&#8217;empire davantage.\n<\/p>\n<p class=\"article-p mdl\">La gouverneure du Michigan, Gretchen Whitmer, a exprim\u00e9 son inqui\u00e9tude en d\u00e9clarant qu\u2019elle \u00e9tait en contact avec les autorit\u00e9s locales pour <strong>suivre l\u2019\u00e9volution de l\u2019enqu\u00eate<\/strong>. Le FBI a \u00e9galement exprim\u00e9 son soutien aux autorit\u00e9s locales. Dan Bongino, directeur-adjoint du FBI, a assur\u00e9 que ses agents fourniront toute l\u2019aide n\u00e9cessaire pour faire la lumi\u00e8re sur cette attaque.\n<\/p>\n<p class=\"article-p mdl\">Traverse City, une station touristique pris\u00e9e sur les rives du lac Michigan, est g\u00e9n\u00e9ralement <strong>connue pour sa tranquillit\u00e9<\/strong>.\u00a0<a class=\"link\" href=\"https:\/\/www.rtl.fr\/actu\/international\/fusillade-au-texas-ce-que-l-on-sait-du-tireur-7798146235\" target=\"_blank\" rel=\"nofollow noopener\">Ce type de violence<\/a>\u00a0est extr\u00eamement inhabituel dans la r\u00e9gion, ce qui a d\u2019autant plus choqu\u00e9 la population locale. Les autorit\u00e9s continuent d\u2019enqu\u00eater pour comprendre les motivations derri\u00e8re ce geste brutal.\n<\/p>\n<p>    La r\u00e9daction vous recommande<\/p>\n<p class=\"s-newsletter__title\">\n                L\u2019actualit\u00e9 par la r\u00e9daction de RTL dans votre bo\u00eete mail.\n            <\/p>\n<p class=\"s-newsletter__subtitle\">\n                Gr\u00e2ce \u00e0 votre compte RTL abonnez-vous \u00e0 la newsletter RTL info pour suivre toute l&rsquo;actualit\u00e9 au quotidien\n            <\/p>\n<p>\n                                    Lire la suite\n                                <\/p>\n","protected":false},"excerpt":{"rendered":"Un incident s&rsquo;est produit dans un supermarch\u00e9 Walmart \u00e0 Traverse City, dans le Michigan, ce samedi 26 juillet.&hellip;\n","protected":false},"author":2,"featured_media":276697,"comment_status":"","ping_status":"","sticky":false,"template":"","format":"standard","meta":{"footnotes":""},"categories":[1589],"tags":[11,73,1866,107,12,1864,1865,1863,308],"class_list":{"0":"post-276696","1":"post","2":"type-post","3":"status-publish","4":"format-standard","5":"has-post-thumbnail","7":"category-etats-unis","8":"tag-actualites","9":"tag-etats-unis","10":"tag-etats-unis-damerique","11":"tag-fil-info","12":"tag-news","13":"tag-united-states","14":"tag-united-states-of-america","15":"tag-us","16":"tag-usa"},"share_on_mastodon":{"url":"https:\/\/pubeurope.com\/@fr\/114923471081269080","error":""},"_links":{"self":[{"href":"https:\/\/www.europesays.com\/fr\/wp-json\/wp\/v2\/posts\/276696","targetHints":{"allow":["GET"]}}],"collection":[{"href":"https:\/\/www.europesays.com\/fr\/wp-json\/wp\/v2\/posts"}],"about":[{"href":"https:\/\/www.europesays.com\/fr\/wp-json\/wp\/v2\/types\/post"}],"author":[{"embeddable":true,"href":"https:\/\/www.europesays.com\/fr\/wp-json\/wp\/v2\/users\/2"}],"replies":[{"embeddable":true,"href":"https:\/\/www.europesays.com\/fr\/wp-json\/wp\/v2\/comments?post=276696"}],"version-history":[{"count":0,"href":"https:\/\/www.europesays.com\/fr\/wp-json\/wp\/v2\/posts\/276696\/revisions"}],"wp:featuredmedia":[{"embeddable":true,"href":"https:\/\/www.europesays.com\/fr\/wp-json\/wp\/v2\/media\/276697"}],"wp:attachment":[{"href":"https:\/\/www.europesays.com\/fr\/wp-json\/wp\/v2\/media?parent=276696"}],"wp:term":[{"taxonomy":"category","embeddable":true,"href":"https:\/\/www.europesays.com\/fr\/wp-json\/wp\/v2\/categories?post=276696"},{"taxonomy":"post_tag","embeddable":true,"href":"https:\/\/www.europesays.com\/fr\/wp-json\/wp\/v2\/tags?post=276696"}],"curies":[{"name":"wp","href":"https:\/\/api.w.org\/{rel}","templated":true}]}}