{"id":276700,"date":"2025-07-27T05:10:27","date_gmt":"2025-07-27T05:10:27","guid":{"rendered":"https:\/\/www.europesays.com\/fr\/276700\/"},"modified":"2025-07-27T05:10:27","modified_gmt":"2025-07-27T05:10:27","slug":"devons-nous-etre-vitrifies-pour-berlin","status":"publish","type":"post","link":"https:\/\/www.europesays.com\/fr\/276700\/","title":{"rendered":"Devons-nous \u00eatre vitrifi\u00e9s pour Berlin ?\u00a0"},"content":{"rendered":"<p>De Mexico o\u00f9 je me trouve, ma pens\u00e9e inqui\u00e8te est tourn\u00e9e vers les \u00e9lections en Allemagne.<\/p>\n<p><strong>Le premier fruit de la d\u00e9b\u00e2cle allemande actuelle<\/strong> est sur le terrain de la politique internationale. Merz, le prochain Chancelier nous dit-on, demanderait la protection du parapluie nucl\u00e9aire fran\u00e7ais et anglais. Je pr\u00e9vois certains enthousiasmes de principe. J\u2019assume ma froideur de principe et celle des insoumis. L\u2019id\u00e9e d\u2019accepter d\u2019\u00eatre vitrifi\u00e9 pour l\u2019Allemagne m\u00e9rite r\u00e9flexion approfondie. Et avant de se prononcer, il y a besoin de conna\u00eetre le fond de la demande. La bombe fran\u00e7aise ou anglaise, ou les deux en m\u00eame temps ? Qui tient le bouton ? Peut-on avoir une d\u00e9fense de cette nature sans avoir une politique \u00e9trang\u00e8re commune ? Qu\u2019a-t-on de commun \u00e0 d\u00e9fendre dans une r\u00e9plique pareille. Si l\u2019arme fran\u00e7aise \u00e9tait d\u00e9ploy\u00e9e pour l\u2019Allemagne, les vecteurs nucl\u00e9aires am\u00e9ricains qui sont une cible repartiraient-ils aux \u00c9tats-Unis ? Je demande qu\u2019en toute hypoth\u00e8se on prenne le temps de la r\u00e9flexion et du s\u00e9rieux du traitement des questions pos\u00e9es. Les r\u00e9pondeurs automatiques sont pri\u00e9s de nous laisser tranquille pendant ce temps-l\u00e0.<\/p>\n<p><strong>Le vote des Allemands v\u00e9rifie la terrifiante r\u00e8gle<\/strong> o\u00f9 le bilan d\u2019un gouvernement de centre gauche s\u2019ach\u00e8ve par une perc\u00e9e extraordinaire de l\u2019extr\u00eame droite. Elle s\u2019est observ\u00e9e partout dans le monde. Notamment en Am\u00e9rique du Sud. La d\u00e9cennie de \u00ab\u00a0gauche raisonnable\u00a0\u00bb, succ\u00e9dant \u00e0 la tumultueuse \u00e9poque populaire des r\u00e9volutions de la vague Chavez, s\u2019est traduite par une s\u00e9rie de d\u00e9sastres politiques qui culmine aujourd\u2019hui avec Milei en Argentine. Mais en Europe ce n\u2019est gu\u00e8re mieux et parfois m\u00eame pire, si c\u2019est possible.<\/p>\n<p>Voici le tour de l\u2019Allemagne. Souhaitons que les sondeurs de ce pays soient aussi nuls que les n\u00f4tres qui annonc\u00e8rent 27 fois sur 27 la victoire du RN et la d\u00e9route du NFP. Pour l\u2019instant ils annoncent les fascistes d\u2019AFD en position n\u00b0\u00a02 derri\u00e8re la droite et Die Linke en queue de cort\u00e8ge. La gauche au pouvoir se tra\u00eene \u00e0 la suite. Ils sont loin derri\u00e8re\u00a0! Le PS (l\u00e0-bas \u00e7a s\u2019appelle SPD) et les Verts, donn\u00e9s en mod\u00e8le de r\u00e9alisme pour toute l\u2019Europe \u00e9colo (les \u00ab\u00a0r\u00e9alos\u00a0\u00bb). Je ne suis pas assez connaisseur de l\u2019Allemagne pour avoir un sentiment personnel. Restent les outils de la pens\u00e9e et du raisonnement. Deux ans de r\u00e9cession, un bourrage de cr\u00e2ne lib\u00e9ral non-stop pendant une g\u00e9n\u00e9ration, un vieillissement et une d\u00e9natalit\u00e9 spectaculaire\u00a0: autant de tr\u00e8s mauvais signes.\u00a0<\/p>\n<p><strong>L\u2019AFD n\u2019est pas le fruit du hasard,<\/strong> mais le signal de l\u2019\u00e9chec des politiques de d\u00e9nazification en Allemagne. Mais j\u2019en dirais autant pour la France. Car je vois bien aussi le renouveau de l\u2019admiration pour le nazisme et le personnage d\u2019Adolf Hitler dans notre pays. Ici aussi, la racine est profonde si l\u2019on tient compte du niveau absolument inou\u00ef de la collaboration en France pendant et avant l\u2019occupation. Et surtout la participation active aux politiques antis\u00e9mites du r\u00e9gime de Vichy de toutes les professions \u00ab\u00a0r\u00e9galiennes\u00a0\u00bb fran\u00e7aises. Rien n\u2019est plus m\u00e9prisable\u00a0: comment peut-on avoir la moindre consid\u00e9ration pour la p\u00e9riode o\u00f9 ce pays a \u00e9t\u00e9 gouvern\u00e9 par un ancien clochard autrichien, peintre rat\u00e9 et agent provocateur de la police allemande \u00e0 la fin de son service militaire, assassin revendiqu\u00e9 de millions de ses compatriotes par racisme, antis\u00e9mitisme, anti-gauche et ainsi de suite. Il a vaincu par hasard, entour\u00e9 du soutien actif des milliardaires am\u00e9ricains, avec des soldats drogu\u00e9s, des pays dirig\u00e9s par des tra\u00eetres et des imb\u00e9ciles. Ceux-l\u00e0 semblent avoir retrouv\u00e9 le chemin des congr\u00e8s nazis que fr\u00e9quentait Henry Ford, comme l\u2019a fait Vance apr\u00e8s Musk, insultant sans vergogne les gouvernants et les d\u00e9mocrates allemands. Le rem\u00e8de fut administr\u00e9 autrefois\u00a0: l\u2019invincible r\u00e9sistance acharn\u00e9e des Anglais, d\u2019abord totalement seuls, qui sauv\u00e8rent notre civilisation. Puis l\u2019Arm\u00e9e rouge du peuple russe qui a \u00e9crabouill\u00e9 l\u2019arm\u00e9e nazie. De nos jours, \u00e0 notre \u00e9chelle, un devoir antifasciste est tout trac\u00e9.\u00a0<\/p>\n<p>La riposte populaire est en route, comme on l\u2019a vu en Allemagne avec plus d\u2019un million de personnes dans les rues contre l\u2019AFD, et elle s\u2019est donn\u00e9 un rendez-vous partout en France\u00a0: le <a href=\"https:\/\/linsoumission.fr\/2025\/02\/21\/22-mars-appel-contre-racisme-fascisme\/\" target=\"_blank\" rel=\"noopener nofollow\">22 mars<\/a>. Partout les moyens de la propagande de la formation et de la riposte nos amis doivent \u00eatre pr\u00eats et actifs. Le meeting d\u2019Echirolles du r\u00e9seau antifasciste insoumis est un magnifique signal de d\u00e9part.<\/p>\n<p><strong>Le mod\u00e8le \u00e9conomique allemand \u00e9tait une tr\u00e8s mauvaise blague<\/strong>. Mais il \u00e9tait interdit d\u2019en faire la critique. Ou bien il fallait accepter de subir les foudres de toute la bonne soci\u00e9t\u00e9 m\u00e9diatico-politique fran\u00e7aise se gargarisant avec des tr\u00e9molos sur nos \u00ab\u00a0amis allemands\u00a0\u00bb. N\u2019importe quoi\u00a0! Partenaires d\u00e9loyaux, les gouvernements allemands successifs se sont moqu\u00e9s des dirigeants fran\u00e7ais. Leurs politiques ont largement contribu\u00e9 \u00e0 la ruine de notre pays. L\u2019annexion de l\u2019Allemagne de l\u2019Est et son corollaire mon\u00e9taire ruineux pour la France ont \u00e9t\u00e9 engloutis sous les roucoulements \u00e0 propos du \u00ab\u00a0couple franco-allemand\u00a0\u00bb. Pourtant la psychologisation de la politique, nouveau bromure de la pens\u00e9e des \u00ab\u00a0politologues\u00a0\u00bb fran\u00e7ais, a battu son plein. Les tr\u00e8s bonnes ventes de mon livre \u00ab\u00a0Le Hareng de Bismarck\u00a0\u00bb montraient le d\u00e9calage entre les ravissements des \u00ab\u00a0\u00e9lites\u00a0\u00bb et le sentiment de bien des gens qui lisent et pensent. Le meilleur moment fut l\u2019emportement public de cet aboyeur de Cohn-Bendit, \u00e9ructant contre ma mise en cause des \u00ab\u00a0boches\u00a0\u00bb, terme ne figurant pourtant pas dans mon livre\u2026 Une fois de plus \u00e7a puait la distribution des \u00e9l\u00e9ments de langage. Je ne doute pas de le revoir bient\u00f4t \u00e0 la t\u00e9l\u00e9 fran\u00e7aise venir nous r\u00e9citer ses nouvelles convictions x\u00e9nophobes comme rem\u00e8des \u00e0 la mont\u00e9e de l\u2019AfD. Nous avons d\u00e9j\u00e0 cette vari\u00e9t\u00e9 \u00e0 port\u00e9e de main dans nos murs\u00a0: \u00ab\u00a0ne laissons pas \u00e0 l\u2019extr\u00eame droite le monopole de la x\u00e9nophobie\u00a0\u00bb. Nous avons aussi les h\u00e9ritiers de ceux qui susurraient \u00ab\u00a0plut\u00f4t Hitler que le Front populaire\u00a0\u00bb ou qui glapissaient contre les \u00ab\u00a0jud\u00e9o-bolcheviques\u00a0\u00bb, aujourd\u2019hui repeints en \u00ab\u00a0islamo-gauchistes\u00a0\u00bb. Le tableau est sans surprise. Notre r\u00e9action et nos choix de m\u00eame. Demain ils l\u00e8cheront les pieds de Trump, de Banon, et de tous les proconsuls nord-am\u00e9ricains qui appliqueront en Europe les m\u00e9thodes qu\u2019ils ont forg\u00e9es en Am\u00e9rique du Sud. Mais ce n\u2019est pas le sujet de ce post, aujourd\u2019hui.<\/p>\n<p><strong>La droite allemande va gesticuler<\/strong>. Va-t-elle s\u2019allier comme son homologue autrichienne \u00e0 l\u2019extr\u00eame droite AfD ? Ou bien va-t-elle reprendre la m\u00e9thode de la grande coalition avec le PS et les Verts ? La com\u00e9die de la \u00ab\u00a0goche\u00a0\u00bb va recommencer. D\u2019ores et d\u00e9j\u00e0 ses leadeurs font une campagne \u00e0 peine audible, dans l\u2019espoir de retrouver des si\u00e8ges dans un gouvernement de grande coalition. Cette strat\u00e9gie de la \u00ab\u00a0stabilit\u00e9\u00a0\u00bb et de \u00ab\u00a0la responsabilit\u00e9\u00a0\u00bb, produit \u00e9videmment d\u00e9j\u00e0 son effet pr\u00e9visible. Si la trouille des nazis n\u2019effraie pas tous ceux qui ont \u00e0 y perdre, la \u00ab\u00a0goche\u00a0\u00bb va produire son gros quota de d\u00e9motivation ou de d\u00e9go\u00fbt pour des millions de travailleurs menac\u00e9s dans leur emploi, de retrait\u00e9s devenus mis\u00e9reux et de jeunes sans perspectives. Die Linke, qui si\u00e8ge au Parlement europ\u00e9en dans notre groupe, marque un foss\u00e9 absolu avec toutes ces capitulations et se montre intraitable face \u00e0 l\u2019AfD. Avoir confiance ou bien supposer que le \u00ab\u00a0pass\u00e9 est d\u00e9pass\u00e9\u00a0\u00bb c\u2019est oublier que le PS autrichien a d\u00e9j\u00e0 gouvern\u00e9 avec l\u2019extr\u00eame\u00a0droite autrichienne au Burgenland pendant cinq ans.<\/p>\n<p>Et c\u2019est toujours la m\u00eame histoire. Dans les ann\u00e9es trente, le PS allemand aida les centristes et vota Hindenburg pour \u00ab\u00a0faire barrage \u00e0 Hitler\u00a0\u00bb. Puis, bien s\u00fbr, les centristes et Hindenburg appel\u00e8rent Hitler \u00e0 la chancellerie, pensant le dominer apr\u00e8s son recul \u00e9lectoral\u2026 Tout le monde finit dans les m\u00eames camps de concentration\u00a0! On ne traite pas avec ce genre de personnages. Il faut les neutraliser \u00e0 temps.<\/p>\n","protected":false},"excerpt":{"rendered":"De Mexico o\u00f9 je me trouve, ma pens\u00e9e inqui\u00e8te est tourn\u00e9e vers les \u00e9lections en Allemagne. Le premier&hellip;\n","protected":false},"author":2,"featured_media":276701,"comment_status":"","ping_status":"","sticky":false,"template":"","format":"standard","meta":{"footnotes":""},"categories":[1587],"tags":[11,672,1804,1805,1803,1777,674,1801,12,1802],"class_list":{"0":"post-276700","1":"post","2":"type-post","3":"status-publish","4":"format-standard","5":"has-post-thumbnail","7":"category-allemagne","8":"tag-actualites","9":"tag-allemagne","10":"tag-bundesrepublik-deutschland","11":"tag-de","12":"tag-deutschland","13":"tag-eu","14":"tag-europe","15":"tag-germany","16":"tag-news","17":"tag-republique-federale-dallemagne"},"share_on_mastodon":{"url":"https:\/\/pubeurope.com\/@fr\/114923478903857511","error":""},"_links":{"self":[{"href":"https:\/\/www.europesays.com\/fr\/wp-json\/wp\/v2\/posts\/276700","targetHints":{"allow":["GET"]}}],"collection":[{"href":"https:\/\/www.europesays.com\/fr\/wp-json\/wp\/v2\/posts"}],"about":[{"href":"https:\/\/www.europesays.com\/fr\/wp-json\/wp\/v2\/types\/post"}],"author":[{"embeddable":true,"href":"https:\/\/www.europesays.com\/fr\/wp-json\/wp\/v2\/users\/2"}],"replies":[{"embeddable":true,"href":"https:\/\/www.europesays.com\/fr\/wp-json\/wp\/v2\/comments?post=276700"}],"version-history":[{"count":0,"href":"https:\/\/www.europesays.com\/fr\/wp-json\/wp\/v2\/posts\/276700\/revisions"}],"wp:featuredmedia":[{"embeddable":true,"href":"https:\/\/www.europesays.com\/fr\/wp-json\/wp\/v2\/media\/276701"}],"wp:attachment":[{"href":"https:\/\/www.europesays.com\/fr\/wp-json\/wp\/v2\/media?parent=276700"}],"wp:term":[{"taxonomy":"category","embeddable":true,"href":"https:\/\/www.europesays.com\/fr\/wp-json\/wp\/v2\/categories?post=276700"},{"taxonomy":"post_tag","embeddable":true,"href":"https:\/\/www.europesays.com\/fr\/wp-json\/wp\/v2\/tags?post=276700"}],"curies":[{"name":"wp","href":"https:\/\/api.w.org\/{rel}","templated":true}]}}