{"id":276710,"date":"2025-07-27T05:16:14","date_gmt":"2025-07-27T05:16:14","guid":{"rendered":"https:\/\/www.europesays.com\/fr\/276710\/"},"modified":"2025-07-27T05:16:14","modified_gmt":"2025-07-27T05:16:14","slug":"european-young-masters-la-france-sort-du-podium","status":"publish","type":"post","link":"https:\/\/www.europesays.com\/fr\/276710\/","title":{"rendered":"European Young Masters : La France sort du podium"},"content":{"rendered":"<p>Apr\u00e8s un tr\u00e8s bon premier tour qui l&rsquo;avait plac\u00e9e deuxi\u00e8me, \u00e0 un coup des leaders tch\u00e8ques, l&rsquo;\u00e9quipe de France a c\u00e9d\u00e9 du terrain ce vendredi \u00e0 <strong>La Boulie<\/strong>. Dans des conditions d\u00e9licates, les joueurs et joueuses emmen\u00e9s par <strong>Jean-Fran\u00e7ois Lucquin<\/strong> et <strong>Nicolas Subrin<\/strong> ont eu des difficult\u00e9s \u00e0 ma\u00eetriser le parcours de <strong>La Vall\u00e9e<\/strong>, que seul <strong>Paul Martin<\/strong> est parvenu \u00e0 battre. Celui-ci, auteur d&rsquo;un bon 69 (-3), est remont\u00e9 \u00e0 la 6e place du classement Boys, mais dans le m\u00eame temps son comp\u00e8re<strong> Louis Le Sager<\/strong> a conc\u00e9d\u00e9 un deuxi\u00e8me 75 (+3) qui l&rsquo;a fait reculer au 30e rang.<\/p>\n<p>Du c\u00f4t\u00e9 des Girls, <strong>Salom\u00e9 Lumbaca<\/strong> et <strong>Axelle Guillemard<\/strong> ne sont plus co-leaders comme hier. Apr\u00e8s une journ\u00e9e en 74 (+2), la premi\u00e8re est descendue en 4e position \u00e0 -1, alors que la seconde a chut\u00e9 au 9e rang \u00e0 +1 suite \u00e0 sa carte de 76 (+4).<\/p>\n<p>Au classement des Nations, les cartes de Martin, Lumbaca et Le Sager ayant \u00e9t\u00e9 retenues, l&rsquo;<strong>\u00e9quipe de France<\/strong> a donc r\u00e9alis\u00e9 un deuxi\u00e8me tour en +2 et se retrouve 4e \u00e0 -3 total, \u00e0 cinq coups de l&rsquo;Allemagne.<\/p>\n","protected":false},"excerpt":{"rendered":"Apr\u00e8s un tr\u00e8s bon premier tour qui l&rsquo;avait plac\u00e9e deuxi\u00e8me, \u00e0 un coup des leaders tch\u00e8ques, l&rsquo;\u00e9quipe de&hellip;\n","protected":false},"author":2,"featured_media":276711,"comment_status":"","ping_status":"","sticky":false,"template":"","format":"standard","meta":{"footnotes":""},"categories":[1418],"tags":[1011,27,1472,60],"class_list":{"0":"post-276710","1":"post","2":"type-post","3":"status-publish","4":"format-standard","5":"has-post-thumbnail","7":"category-golf","8":"tag-fr","9":"tag-france","10":"tag-golf","11":"tag-sports"},"share_on_mastodon":{"url":"https:\/\/pubeurope.com\/@fr\/114923502496045759","error":""},"_links":{"self":[{"href":"https:\/\/www.europesays.com\/fr\/wp-json\/wp\/v2\/posts\/276710","targetHints":{"allow":["GET"]}}],"collection":[{"href":"https:\/\/www.europesays.com\/fr\/wp-json\/wp\/v2\/posts"}],"about":[{"href":"https:\/\/www.europesays.com\/fr\/wp-json\/wp\/v2\/types\/post"}],"author":[{"embeddable":true,"href":"https:\/\/www.europesays.com\/fr\/wp-json\/wp\/v2\/users\/2"}],"replies":[{"embeddable":true,"href":"https:\/\/www.europesays.com\/fr\/wp-json\/wp\/v2\/comments?post=276710"}],"version-history":[{"count":0,"href":"https:\/\/www.europesays.com\/fr\/wp-json\/wp\/v2\/posts\/276710\/revisions"}],"wp:featuredmedia":[{"embeddable":true,"href":"https:\/\/www.europesays.com\/fr\/wp-json\/wp\/v2\/media\/276711"}],"wp:attachment":[{"href":"https:\/\/www.europesays.com\/fr\/wp-json\/wp\/v2\/media?parent=276710"}],"wp:term":[{"taxonomy":"category","embeddable":true,"href":"https:\/\/www.europesays.com\/fr\/wp-json\/wp\/v2\/categories?post=276710"},{"taxonomy":"post_tag","embeddable":true,"href":"https:\/\/www.europesays.com\/fr\/wp-json\/wp\/v2\/tags?post=276710"}],"curies":[{"name":"wp","href":"https:\/\/api.w.org\/{rel}","templated":true}]}}