{"id":276712,"date":"2025-07-27T05:18:18","date_gmt":"2025-07-27T05:18:18","guid":{"rendered":"https:\/\/www.europesays.com\/fr\/276712\/"},"modified":"2025-07-27T05:18:18","modified_gmt":"2025-07-27T05:18:18","slug":"des-garcons-se-sont-reveles-william-servat-fait-le-bilan-de-lete-des-bleus-rugbyrama","status":"publish","type":"post","link":"https:\/\/www.europesays.com\/fr\/276712\/","title":{"rendered":"&quot;Des gar\u00e7ons se sont r\u00e9v\u00e9l\u00e9s&quot; : William Servat fait le bilan de l&#039;\u00e9t\u00e9 des Bleus &#8211; Rugbyrama"},"content":{"rendered":"<ol>\n<li><a href=\"https:\/\/news.google.com\/rss\/articles\/CBMi-wFBVV95cUxOTHA4RzJSMUktQk1KcGw5RXpuUnJFOEZENkVwYXlVeG1HUVhmQ2o0dWlQN3NWWFNJYkx2eFpHRnV0c0JSSDlDUTQyVTdVSlltTHBJTmJRXzRYdlhiczZYUC1CMVZaUUtwb2JNQmxMa2JrNkFMMnRtY1VzelpsWnNaX01vNVpvTl82OUZhNVVUR0NzRzdmaWo1bnNJSDl5aDBKZlJNcUdrM21wR1JVREx6SmM2MDRfbzlhUHl0dFh2RzlfM041UVhIQlFoS2pFTkk3dm9yNWY5TnlIdGdHLUpyMFVVd1pmcTlTeDlBdEpfdXUtODMzNlZIS0FzUQ?oc=5\" target=\"_blank\" rel=\"nofollow noopener\">\u00ab\u00a0Des gar\u00e7ons se sont r\u00e9v\u00e9l\u00e9s\u00a0\u00bb : William Servat fait le bilan de l&rsquo;\u00e9t\u00e9 des Bleus<\/a>&nbsp;&nbsp;Rugbyrama<\/li>\n<li><a href=\"https:\/\/news.google.com\/rss\/articles\/CBMi3AFBVV95cUxPcjBoUHBLOVR3eE9IUFBTbFcyX0s4aXRIcWF3NDJGQUNYdUxBUEJmVE9sWlBkZXBqRGFMbF9NQTczZHdqYkJ6cE1nYzEtdjhGVnA5RkZLdFFKZDlsVnJRUVM5Z1pvcVFudno0WGhoNXN6QmZfN3BldkRNVjY2ZkVCMTBidVBEeXcxRnp5VlFwU0VCMnZCd195NzVYUkJfeEwyNmJ5RV9ta0lrbWFVbmhBTnJJN0xZQzF4WGZaOGpYSGZBaWVBTmZwcHJfUmV5WkItNmh0cnpOYUZseEw1?oc=5\" target=\"_blank\" rel=\"nofollow noopener\">William Servat : \u00ab\u00a0Je pense que le fait de travailler avec Patrice Collazo au Racing a d\u00fb beaucoup l\u2019aider\u00a0\u00bb<\/a>&nbsp;&nbsp;Rugby Scapulaire<\/li>\n<li><a href=\"https:\/\/news.google.com\/rss\/articles\/CBMi4gFBVV95cUxOMHRjaWYxOG5CTHloLVMxdENDVjFEYkJTcmxtLXdPOWo5T3RmdVNRTzY1V0RvbzdMMDhTZVVydEFBNjllaURFWndjOENmc0dwLWU3SllkeTMxMkRGWXdlaWFYTjdrVTkydlozem9NNGdHNGN2eTZhcG5sQ1RIN0RyRnpCSVpXLWJrSnNmazdkTFhPQW5FWVJDQ2ZVcndFNFBnOUVwSWxQbWdKNzdRMGt6QnBHclFySGxjcEFNOE92Y3Y1S1ZmUzUwTzBQN0ljdWdZNVlJMlJUcVdFejl1NHFCLXJB?oc=5\" target=\"_blank\" rel=\"nofollow noopener\">VIDEO. \u00ab\u00a0Juste merci \u00e0 la famille fran\u00e7aise\u00a0\u00bb : Ardie Savea rend hommage aux Bleus apr\u00e8s la tourn\u00e9e<\/a>&nbsp;&nbsp;Actu.fr<\/li>\n<li><a href=\"https:\/\/news.google.com\/rss\/articles\/CBMi3AFBVV95cUxOVTBHNzl3WUY3TlZGSWtZMEJyNFhwOGRSeGQ0dGpOdzhacXFBYjYza3k5OXJEZzhLaG1hY3czdldMRnRtYzdGWDNsY2hUR0V4N0hVUXdnSjB4VFV1RDI4YnVWUGl2OXBRRjQ4WERkWDYzTWtMSlVPR1NYNVVBTXhsWkQzSWZVZFNJYmc2QldSeXYxMFNSbmU4SE5ZeG45dXlZSUs5Y1l3NHduNXNFUTZaNkUxWlVoV2RVckNQV2tjS080OW5Td0NZTWg1YkVwUl9zNERCU2FIZ2V4WHFV?oc=5\" target=\"_blank\" rel=\"nofollow noopener\">XV de France : Servat encense une recrue de l\u2019UBB, qui a impressionn\u00e9 le staff en Nouvelle-Z\u00e9lande<\/a>&nbsp;&nbsp;Quinze Mondial<\/li>\n<li><a href=\"https:\/\/news.google.com\/rss\/articles\/CBMi8gFBVV95cUxOWkRXdTdySUQ1bHFNa25OZk0weXM0enpyNW90SERlZkdqMHp3R3RydjViRWVqMkFrUnQzTVBvX2JKUUY1c0lFclJaTlR2TjduQ2RDbmtaeC14ZE1hMFZteTA2bTVUSC0tTkh0d0FicVhqVTc0eFBNSnVqRVA4R1EzY2huRzBRZFFjSnV6S2pQNW9FRVVoR09TR3Q0TFNZelMzUmMxX191d3R5OTc1Mnh2VVU5YjUwRm9LaEpLaWEtekU2MHZrdkFtLXVjZEpGLWt6bU5VdzZrczVfaXFPMThrdHdkWmo1NWg3SWI2bDdQeEJkQQ?oc=5\" target=\"_blank\" rel=\"nofollow noopener\">William Servat d\u00e9voile les joueurs qui ont marqu\u00e9 des points et tient des propos tr\u00e8s \u00e9logieux envers certains jeunes du groupe France<\/a>&nbsp;&nbsp;Blog RCT<\/li>\n<\/ol>\n","protected":false},"excerpt":{"rendered":"\u00ab\u00a0Des gar\u00e7ons se sont r\u00e9v\u00e9l\u00e9s\u00a0\u00bb : William Servat fait le bilan de l&rsquo;\u00e9t\u00e9 des Bleus&nbsp;&nbsp;Rugbyrama William Servat :&hellip;\n","protected":false},"author":2,"featured_media":1445,"comment_status":"","ping_status":"","sticky":false,"template":"","format":"standard","meta":{"footnotes":""},"categories":[1416],"tags":[1011,27,479,1468,60],"class_list":{"0":"post-276712","1":"post","2":"type-post","3":"status-publish","4":"format-standard","5":"has-post-thumbnail","7":"category-rugby","8":"tag-fr","9":"tag-france","10":"tag-rugby","11":"tag-rugby-football","12":"tag-sports"},"share_on_mastodon":{"url":"https:\/\/pubeurope.com\/@fr\/114923510466678501","error":""},"_links":{"self":[{"href":"https:\/\/www.europesays.com\/fr\/wp-json\/wp\/v2\/posts\/276712","targetHints":{"allow":["GET"]}}],"collection":[{"href":"https:\/\/www.europesays.com\/fr\/wp-json\/wp\/v2\/posts"}],"about":[{"href":"https:\/\/www.europesays.com\/fr\/wp-json\/wp\/v2\/types\/post"}],"author":[{"embeddable":true,"href":"https:\/\/www.europesays.com\/fr\/wp-json\/wp\/v2\/users\/2"}],"replies":[{"embeddable":true,"href":"https:\/\/www.europesays.com\/fr\/wp-json\/wp\/v2\/comments?post=276712"}],"version-history":[{"count":0,"href":"https:\/\/www.europesays.com\/fr\/wp-json\/wp\/v2\/posts\/276712\/revisions"}],"wp:featuredmedia":[{"embeddable":true,"href":"https:\/\/www.europesays.com\/fr\/wp-json\/wp\/v2\/media\/1445"}],"wp:attachment":[{"href":"https:\/\/www.europesays.com\/fr\/wp-json\/wp\/v2\/media?parent=276712"}],"wp:term":[{"taxonomy":"category","embeddable":true,"href":"https:\/\/www.europesays.com\/fr\/wp-json\/wp\/v2\/categories?post=276712"},{"taxonomy":"post_tag","embeddable":true,"href":"https:\/\/www.europesays.com\/fr\/wp-json\/wp\/v2\/tags?post=276712"}],"curies":[{"name":"wp","href":"https:\/\/api.w.org\/{rel}","templated":true}]}}