{"id":276713,"date":"2025-07-27T05:19:14","date_gmt":"2025-07-27T05:19:14","guid":{"rendered":"https:\/\/www.europesays.com\/fr\/276713\/"},"modified":"2025-07-27T05:19:14","modified_gmt":"2025-07-27T05:19:14","slug":"omnium-banque-nationale-je-naurai-plus-besoin-de-souffrir-dit-eugenie-bouchard","status":"publish","type":"post","link":"https:\/\/www.europesays.com\/fr\/276713\/","title":{"rendered":"Omnium Banque Nationale | \u00ab\u00a0Je n\u2019aurai plus besoin de souffrir\u00a0\u00bb, dit Eugenie Bouchard"},"content":{"rendered":"<p class=\"lead textModule textModule--type-lead \" style=\"\">Lorsqu\u2019elle a annonc\u00e9 sur les r\u00e9seaux sociaux que l\u2019Omnium Banque Nationale serait le dernier tournoi de sa carri\u00e8re, Eugenie Bouchard est rest\u00e9e plut\u00f4t vague sur les motifs et les raisons l\u2019ayant pouss\u00e9e \u00e0 accrocher sa raquette \u00e0 31\u00a0ans. \u00c0 quelques heures de ce qui pourrait \u00eatre son dernier match, elle s\u2019est expliqu\u00e9e.<\/p>\n<p>                    Publi\u00e9 hier \u00e0 15\u00a0h\u00a006<\/p>\n<p>    <a class=\"print\" href=\"https:\/\/www.lapresse.ca\/sports\/tennis\/2025-07-26\/omnium-banque-nationale\/javascript:window.print();\" title=\"Imprimer la page\" rel=\"nofollow noopener\" target=\"_blank\"><\/p>\n<p>        <img loading=\"lazy\" decoding=\"async\" width=\"16\" height=\"18\" src=\"https:\/\/www.europesays.com\/fr\/wp-content\/uploads\/2025\/04\/share-icon.png\" alt=\"Partager\"\/><\/p>\n<p class=\"paragraph textModule textModule--type-paragraph \" style=\"\">La Qu\u00e9b\u00e9coise a \u00e9t\u00e9 la premi\u00e8re des 96\u00a0participantes \u00e0 s\u2019adresser aux membres des m\u00e9dias. Elle s\u2019est pr\u00e9sent\u00e9e avec son t\u00e9l\u00e9phone cellulaire en main, habill\u00e9e de la t\u00eate aux pieds par le fabricant New Balance, son commanditaire principal.<\/p>\n<p class=\"paragraph textModule textModule--type-paragraph \" style=\"\">\u00ab\u00a0C\u2019est un m\u00e9lange de tristesse, de joie, de soulagement et de f\u00e9brilit\u00e9\u00a0\u00bb, a indiqu\u00e9 Bouchard d\u2019entr\u00e9e de jeu, samedi, quelques instants apr\u00e8s la tenue du tirage ayant permis de conna\u00eetre les affrontements du premier tour.<\/p>\n<p class=\"paragraph textModule textModule--type-paragraph \" style=\"\">Elle se dit donc triste de mettre un terme \u00e0 la carri\u00e8re dont elle r\u00eavait d\u00e8s l\u2019\u00e2ge de 9\u00a0ans. Elle se dit aussi heureuse de pouvoir le faire dans ses propres termes, chez elle \u00e0 Montr\u00e9al, l\u00e0 o\u00f9 elle a agripp\u00e9 une raquette pour la premi\u00e8re fois.<\/p>\n<p class=\"paragraph textModule textModule--type-paragraph \" style=\"\">\u00c0 la demande d\u2019un confr\u00e8re, elle a \u00e9galement insist\u00e9 sur le sentiment de soulagement qui l\u2019habitait.<\/p>\n<p class=\"paragraph textModule textModule--type-paragraph \" style=\"\">\u00ab\u00a0Un soulagement, parce que je n\u2019aurai plus besoin de souffrir\u00a0\u00bb, a pr\u00e9cis\u00e9 sans h\u00e9siter l\u2019ancienne cinqui\u00e8me raquette mondiale.<\/p>\n<p class=\"paragraph textModule textModule--type-paragraph \" style=\"\">Le regard franc et les mains plac\u00e9es sur ses cuisses, elle a rappel\u00e9 que \u00ab\u00a0le tennis est un sport difficile. Tu dois accepter et endurer la douleur physique chaque jour. Et je le fais depuis 25\u00a0ans\u00a0\u00bb.<\/p>\n<p class=\"paragraph textModule textModule--type-paragraph \" style=\"\">Sur sa publication Instagram du 16\u00a0juillet o\u00f9 elle a annonc\u00e9 ses intentions, Bouchard a re\u00e7u pr\u00e8s de 32\u00a0000\u00a0mentions J\u2019aime, 693\u00a0personnes l\u2019ont comment\u00e9e et 1388 l\u2019ont partag\u00e9e. Malgr\u00e9 les bons r\u00e9sultats de Leylah Annie Fernandez, l\u2019ascension fulgurante de Victoria Mboko et le retour en action de Bianca Andreescu, on ne parle que de Bouchard dans les coulisses du stade IGA. Depuis une dizaine de jours, tout tourne autour de la finaliste de Wimbledon en 2014. Son histoire est presque devenue plus importante que le tournoi lui-m\u00eame.<\/p>\n<p class=\"paragraph textModule textModule--type-paragraph \" style=\"\">Bouchard affirme qu\u2019elle n\u2019avait pas r\u00e9fl\u00e9chi \u00e0 la port\u00e9e et \u00e0 l\u2019effet qu\u2019allait avoir sa d\u00e9cision dans la sph\u00e8re m\u00e9diatique. \u00ab\u00a0Je n\u2019y avais pas vraiment pens\u00e9. Je ne savais pas \u00e0 quoi m\u2019attendre. Je dois dire que j\u2019ai re\u00e7u beaucoup de messages positifs. La plupart des articles sont tr\u00e8s positifs. Je ressens beaucoup d\u2019amour et de respect. C\u2019est un bon feeling de se sentir appr\u00e9ci\u00e9e. C\u2019est ce que je ressens le plus depuis les derni\u00e8res semaines.\u00a0\u00bb<\/p>\n<p>                    Pour conserver un bon souvenir<\/p>\n<p class=\"paragraph textModule textModule--type-paragraph \" style=\"\">Bouchard affrontera la Colombienne Emiliana Arango au premier tour. Arango, 24\u00a0ans, pointe au 81e\u00a0rang du classement mondial. Dans ces circonstances, le r\u00e9sultat du tirage a donn\u00e9 une chance \u00e0 la Qu\u00e9b\u00e9coise de s\u2019en tirer. Au deuxi\u00e8me tour, elle pourrait croiser le fer avec Belinda Bencic, 17e\u00a0t\u00eate de s\u00e9rie.<\/p>\n<p class=\"paragraph textModule textModule--type-paragraph \" style=\"\">Pour l\u2019heure, cependant, Bouchard n\u2019a pas envie de penser au r\u00e9sultat. Elle se concentre davantage sur la mani\u00e8re. \u00ab\u00a0Je veux bien performer. Je n\u2019ai pas jou\u00e9 dans un tournoi de cette importance depuis le tournoi de Toronto l\u2019an pass\u00e9.\u00a0\u00bb<\/p>\n<p class=\"quoteText\" style=\"\">J\u2019ai jou\u00e9 r\u00e9cemment pour garder la forme, mais je veux juste livrer une bonne performance, peu importe le r\u00e9sultat. Je ferai de mon mieux.<\/p>\n<p class=\"quoteSource\" style=\"\">\n            Eugenie Bouchard\n        <\/p>\n<p class=\"paragraph textModule textModule--type-paragraph \" style=\"\">La Qu\u00e9b\u00e9coise veut surtout se comporter comme s\u2019il s\u2019agissait d\u2019un \u00ab\u00a0tournoi normal\u00a0\u00bb. M\u00eame si elle sait trop bien qu\u2019il n\u2019en est rien. \u00ab\u00a0Il y a des \u00e9motions, c\u2019est s\u00fbr\u00a0\u00bb, a-t-elle avou\u00e9.<\/p>\n<p>                                        <img decoding=\"async\" src=\"https:\/\/www.europesays.com\/fr\/wp-content\/uploads\/2025\/07\/564a0a2cd3283997a28e29a9f2bbd35e.jpg\" alt=\"\" class=\"photoModule__visual\" itemprop=\"contentUrl url\"\/><\/p>\n<p class=\"credit photoModule__caption photoModule__caption--credit\" style=\"\">\n                    PHOTO MARCO CAMPANOZZI, ARCHIVES LA PRESSE\n                <\/p>\n<p class=\"description photoModule__caption photoModule__caption--description\" style=\"\">\n                    Eugenie Bouchard lors de l\u2019Omnium Banque Nationale en 2023\n                <\/p>\n<p class=\"paragraph textModule textModule--type-paragraph \" style=\"\">Pour Bouchard, l\u2019essentiel sera d\u2019accumuler et de conserver le plus de souvenirs possible de cette semaine unique. Semaine qui mettra un terme \u00e0 une carri\u00e8re parsem\u00e9e de hauts et de bas, de c\u00e9l\u00e9brations et de d\u00e9ceptions, de r\u00eaves et de cauchemars.<\/p>\n<p class=\"paragraph textModule textModule--type-paragraph \" style=\"\">La Montr\u00e9alaise aurait m\u00eame pu paraphraser Andy Bernard dans The Office, qui aimerait trouver un moyen de savoir qu\u2019on est dans le bon vieux temps avant de le quitter.<\/p>\n<p class=\"paragraph textModule textModule--type-paragraph \" style=\"\">\u00ab\u00a0Quand j\u2019aurai 60\u00a0ans, je voudrai repenser \u00e0 cette semaine avec bonheur\u00a0\u00bb, s\u2019est-elle plut\u00f4t content\u00e9e de dire.<\/p>\n<p class=\"paragraph textModule textModule--type-paragraph \" style=\"\">Pour ce faire, ses crit\u00e8res se r\u00e9v\u00e8lent assez \u00e9l\u00e9mentaires. \u00ab\u00a0Ne pas si mal jouer, appr\u00e9cier chaque moment, appr\u00e9cier gagner un point, appr\u00e9cier la foule et ressentir chaque moment du match de mani\u00e8re exag\u00e9r\u00e9e. C\u2019est clich\u00e9, mais je veux \u00eatre dans chaque moment, parce que \u00e7a va passer vite et apr\u00e8s ce sera du pass\u00e9.\u00a0\u00bb<\/p>\n<p class=\"paragraph textModule textModule--type-paragraph \" style=\"\">Il s\u2019agissait peut-\u00eatre de la derni\u00e8re disponibilit\u00e9 m\u00e9diatique de Bouchard en tant que joueuse de tennis professionnel. Il a \u00e9t\u00e9 question abondamment du pass\u00e9 et un peu de l\u2019avenir. Comme s\u2019il s\u2019agissait d\u2019un message d\u2019adieu. L\u2019ambiance \u00e9tait empreinte d\u2019\u00e9motion dans la salle de conf\u00e9rence de presse.<\/p>\n<p class=\"paragraph textModule textModule--type-paragraph \" style=\"\">Bouchard a donc voulu ramener tout le monde \u00e0 l\u2019essentiel. \u00ab\u00a0Je veux que ce soit un party, pas des fun\u00e9railles. Tout va bien\u00a0!\u00a0\u00bb<\/p>\n<p>                    Suite et fin<\/p>\n<p class=\"paragraph textModule textModule--type-paragraph \" style=\"\">Sylvain Bruneau a \u00e9t\u00e9 le premier entra\u00eeneur \u00e0 croire en Bouchard. Dans une entrevue accord\u00e9e \u00e0 La\u00a0Presse le jour de l\u2019annonce de la retraite de la joueuse, Bruneau a avou\u00e9 se rappeler le moment o\u00f9 il a dit \u00e0 la m\u00e8re de Bouchard, \u00e2g\u00e9e de 9\u00a0ans, que cette joueuse attentive et curieuse avait quelque chose de sp\u00e9cial. Quelque chose que les autres joueuses de son \u00e2ge n\u2019avaient pas.<\/p>\n<p class=\"paragraph textModule textModule--type-paragraph \" style=\"\">Et le temps a donn\u00e9 raison \u00e0 Bruneau. L\u2019ancien chef du tennis f\u00e9minin chez Tennis Canada a accompagn\u00e9 Bouchard en 2014, lorsqu\u2019elle a atteint une finale et deux demi-finales en tournois du Grand Chelem. Il a aussi \u00e9t\u00e9 son entra\u00eeneur \u00e0 la Coupe Fed.<\/p>\n<p class=\"paragraph textModule textModule--type-paragraph \" style=\"\">Pour son dernier tournoi, Bouchard tenait \u00e0 ce que Bruneau l\u2019accompagne une derni\u00e8re fois. Il sera donc son entra\u00eeneur pour la dur\u00e9e du tournoi. Les deux ont entam\u00e9 leur pr\u00e9paration jeudi sur le court central du stade IGA.<\/p>\n<p>                                        <img decoding=\"async\" src=\"https:\/\/www.europesays.com\/fr\/wp-content\/uploads\/2025\/07\/86ccc1d0b365374bbd472d6d8b5bcf57.jpg\" alt=\"\" class=\"photoModule__visual\" itemprop=\"contentUrl url\"\/><\/p>\n<p class=\"credit photoModule__caption photoModule__caption--credit\" style=\"\">\n                    PHOTO PATRICK SANFA\u00c7ON, ARCHIVES LA PRESSE\n                <\/p>\n<p class=\"description photoModule__caption photoModule__caption--description\" style=\"\">\n                    Sylvain Bruneau, ancien chef du tennis f\u00e9minin chez Tennis Canada\n                <\/p>\n<p class=\"paragraph textModule textModule--type-paragraph \" style=\"\">\u00ab\u00a0J\u2019ai demand\u00e9 \u00e0 Sylvain de m\u2019aider cette semaine et je suis tr\u00e8s heureuse qu\u2019il puisse faire \u00e7a avec moi\u00a0\u00bb, a expliqu\u00e9 Bouchard avec fiert\u00e9.<\/p>\n<p class=\"paragraph textModule textModule--type-paragraph \" style=\"\">\u00ab\u00a0J\u2019appr\u00e9cie son coaching et la personne qu\u2019il est. Il a toujours \u00e9t\u00e9 dans mon coin. On boucle la boucle. J\u2019\u00e9tais ici \u00e0 9\u00a0ans, sur ces terrains, dans le programme canadien au centre national. Finir \u00e7a avec lui, c\u2019est sp\u00e9cial.\u00a0\u00bb<\/p>\n<p class=\"paragraph textModule textModule--type-paragraph \" style=\"\">D\u2019ici \u00e0 son match de premier tour, Bouchard continuera sa pr\u00e9paration sur les diff\u00e9rents courts du parc Jarry. Et entre chaque s\u00e9ance d\u2019entra\u00eenement, avant d\u2019aller aux douches, elle prendra assur\u00e9ment quelques bains de foule. \u00ab\u00a0D\u2019ici \u00e0 ce que je meure, je ne dirai jamais non \u00e0 un autographe ou \u00e0 une photo\u00a0!\u00a0\u00bb<\/p>\n","protected":false},"excerpt":{"rendered":"Lorsqu\u2019elle a annonc\u00e9 sur les r\u00e9seaux sociaux que l\u2019Omnium Banque Nationale serait le dernier tournoi de sa carri\u00e8re,&hellip;\n","protected":false},"author":2,"featured_media":276714,"comment_status":"","ping_status":"","sticky":false,"template":"","format":"standard","meta":{"footnotes":""},"categories":[1415],"tags":[1011,27,60,1467],"class_list":{"0":"post-276713","1":"post","2":"type-post","3":"status-publish","4":"format-standard","5":"has-post-thumbnail","7":"category-tennis","8":"tag-fr","9":"tag-france","10":"tag-sports","11":"tag-tennis"},"share_on_mastodon":{"url":"https:\/\/pubeurope.com\/@fr\/114923514394917468","error":""},"_links":{"self":[{"href":"https:\/\/www.europesays.com\/fr\/wp-json\/wp\/v2\/posts\/276713","targetHints":{"allow":["GET"]}}],"collection":[{"href":"https:\/\/www.europesays.com\/fr\/wp-json\/wp\/v2\/posts"}],"about":[{"href":"https:\/\/www.europesays.com\/fr\/wp-json\/wp\/v2\/types\/post"}],"author":[{"embeddable":true,"href":"https:\/\/www.europesays.com\/fr\/wp-json\/wp\/v2\/users\/2"}],"replies":[{"embeddable":true,"href":"https:\/\/www.europesays.com\/fr\/wp-json\/wp\/v2\/comments?post=276713"}],"version-history":[{"count":0,"href":"https:\/\/www.europesays.com\/fr\/wp-json\/wp\/v2\/posts\/276713\/revisions"}],"wp:featuredmedia":[{"embeddable":true,"href":"https:\/\/www.europesays.com\/fr\/wp-json\/wp\/v2\/media\/276714"}],"wp:attachment":[{"href":"https:\/\/www.europesays.com\/fr\/wp-json\/wp\/v2\/media?parent=276713"}],"wp:term":[{"taxonomy":"category","embeddable":true,"href":"https:\/\/www.europesays.com\/fr\/wp-json\/wp\/v2\/categories?post=276713"},{"taxonomy":"post_tag","embeddable":true,"href":"https:\/\/www.europesays.com\/fr\/wp-json\/wp\/v2\/tags?post=276713"}],"curies":[{"name":"wp","href":"https:\/\/api.w.org\/{rel}","templated":true}]}}