{"id":276717,"date":"2025-07-27T05:22:10","date_gmt":"2025-07-27T05:22:10","guid":{"rendered":"https:\/\/www.europesays.com\/fr\/276717\/"},"modified":"2025-07-27T05:22:10","modified_gmt":"2025-07-27T05:22:10","slug":"kimi-antonelli-jessaie-de-trouver-la-lumiere-au-bout-du-tunnel-le-plus-vite-possible","status":"publish","type":"post","link":"https:\/\/www.europesays.com\/fr\/276717\/","title":{"rendered":"Kimi Antonelli : \u00ab J&rsquo;essaie de trouver la lumi\u00e8re au bout du tunnel le plus vite possible \u00bb"},"content":{"rendered":"<p>Son podium au Canada, mi-juin, est l\u2019arbre qui cache la for\u00eat. Depuis Montr\u00e9al, et m\u00eame avant, Kimi Antonelli encha\u00eene les week-ends compliqu\u00e9s d\u2019un point de vue des r\u00e9sultats. En effet, il a fini 18e \u00e0 Monaco fin mai, \u00e0 trois tours du vainqueur, puis n\u2019a pas termin\u00e9 \u00e0 Barcelone la semaine suivante.<\/p>\n<p>Ce n\u2019est pas tout. Lors des deux week-ends pr\u00e9c\u00e9dents la Belgique, en Autriche et en Grande-Bretagne, il n\u2019a pas non plus vu le drapeau \u00e0 damier (accrochage avec <a href=\"https:\/\/www.autohebdo.fr\/pilote\/f1\/max-verstappen\" data-internallinksmanager029f6b8e52c=\"2\" title=\"Max Verstappen\" rel=\"nofollow noopener\" target=\"_blank\">Verstappen<\/a> \u00e0 Spielberg, avec Hadjar \u00e0 Silverstone). Forc\u00e9ment, le rookie italien ne d\u00e9barque pas \u00e0 Spa-Francorchamps avec un gros capital confiance.<\/p>\n<p>Malheureusement, cela ne risque pas de s\u2019arranger au c\u0153ur des Ardennes belges. En effet, le pilote de 18 ans s\u2019est qualifi\u00e9 en derni\u00e8re position des qualifications Sprint, vendredi. Puis, il a pris la 17e place de la course Sprint, ce samedi midi, avant de ne se qualifier qu\u2019en 18e place pour la course principale, dimanche. Face aux m\u00e9dias, dont AUTOhebdo, \u00e0 l\u2019issue de la s\u00e9ance de qualifications, le prot\u00e9g\u00e9 <a href=\"https:\/\/www.autohebdo.fr\/actualites\/ecurie\/mercedes\" data-internallinksmanager029f6b8e52c=\"80\" title=\"Ecurie Mercedes F1\" rel=\"nofollow noopener\" target=\"_blank\">Mercedes<\/a> semblait abattu.<\/p>\n<p>\u00ab Depuis la saison europ\u00e9enne, je gal\u00e8re \u00e0 retrouver de la confiance avec la voiture et j\u2019ai l\u2019impression d\u2019avoir fait un pas en arri\u00e8re. C\u2019est un moment difficile pour moi parce que je sens que je n\u2019ai plus aucune confiance pour attaquer. Hier (vendredi), j\u2019ai essay\u00e9 de pousser un peu trop et j\u2019ai fait un t\u00eate-\u00e0-queue. Et \u00e7a a encore plus entam\u00e9 la confiance \u00bb, assure Antonelli.<\/p>\n<p>Antonelli : \u00ab Avec ma fa\u00e7on de piloter, j\u2019aggrave le probl\u00e8me \u00bb<\/p>\n<p>L\u2019Italien poursuit : \u00ab C\u2019est une p\u00e9riode compliqu\u00e9e. Je pense qu\u2019on conna\u00eet les limites de la voiture depuis un bon moment d\u00e9j\u00e0, mais avec ma fa\u00e7on de piloter, j\u2019aggrave le probl\u00e8me et \u00e7a me donne encore moins confiance avec la voiture. \u00bb\u00a0Concernant la qualification, ce samedi, il estime que sa <a href=\"https:\/\/www.autohebdo.fr\/actualites\/monoplace\" data-internallinksmanager029f6b8e52c=\"61\" title=\"Monoplace\" rel=\"nofollow noopener\" target=\"_blank\">monoplace<\/a> \u00e9tait mieux que la veille. Mais pas de quoi le r\u00e9jouir, loin de l\u00e0.<\/p>\n<p>\u00ab J\u2019ai toujours du mal \u00e0 me mettre rapidement dans le rythme, simplement parce que la confiance me manque. Je pense qu\u2019il y a beaucoup de travail \u00e0 faire de mon c\u00f4t\u00e9, et j\u2019essaie de trouver la lumi\u00e8re au bout du tunnel le plus vite possible. \u00bb\u00a0Mais, alors, que lui faut-il pour enfin reprendre sa marche en avant et retrouver le Kimi Antonelli du d\u00e9but de saison ?<\/p>\n<p>\u00ab Clairement un peu plus de stabilit\u00e9 \u00bb, lance-t-il, avant de pr\u00e9ciser ses propos : \u00ab Avec ma fa\u00e7on de piloter, je suis globalement plus agressif, j\u2019essaie de rentrer avec beaucoup de vitesse dans les virages et avec les limites que j\u2019ai, j\u2019aggrave juste le probl\u00e8me. J\u2019essaie de changer un peu ma fa\u00e7on de piloter pour trouver un \u00e9quilibre. Bien s\u00fbr, c\u2019est impossible d\u2019avoir l\u2019\u00e9quilibre parfait. Je travaille sur ce point-l\u00e0 mais ce n\u2019est pas facile. \u00bb<\/p>\n<p>En tout cas, il admet que Mercedes fait le maximum pour l\u2019\u00e9pauler et l\u2019aider \u00e0 traverser cette p\u00e9riode difficile, mais le d\u00e9clic ne pourra venir que de lui. \u00ab Je change probablement trop ma fa\u00e7on de piloter et j\u2019ai l\u2019impression de ne pas piloter naturellement. C\u2019est tr\u00e8s forc\u00e9 la mani\u00e8re dont je conduis, et c\u2019est juste difficile \u00bb, mart\u00e8le le rookie de 18 ans.<\/p>\n<p>Enfin, \u00e0 propos de la course ce dimanche, alors qu\u2019ils annoncent de la pluie, le jeune pilote n\u2019a pas trop d\u2019esp\u00e9rances. \u00ab On va changer des choses sur la voiture donc on partira des stands. J\u2019esp\u00e8re que \u00e7a nous donnera un avantage et que la confiance reviendra \u00bb, conclut-il simplement.<\/p>\n<p><strong>\u00c0 LIRE AUSSI &gt; <a href=\"https:\/\/www.autohebdo.fr\/actualites\/f1\/andrea-kimi-antonelli-reculer-pour-mieux-sauter.html\" target=\"_blank\" rel=\"noopener nofollow\">Andrea Kimi Antonelli, reculer pour mieux sauter ?<\/a><\/strong><\/p>\n","protected":false},"excerpt":{"rendered":"Son podium au Canada, mi-juin, est l\u2019arbre qui cache la for\u00eat. Depuis Montr\u00e9al, et m\u00eame avant, Kimi Antonelli&hellip;\n","protected":false},"author":2,"featured_media":276718,"comment_status":"","ping_status":"","sticky":false,"template":"","format":"standard","meta":{"footnotes":""},"categories":[1412],"tags":[1451,1452,1453,1454,1455,1011,27,60],"class_list":{"0":"post-276717","1":"post","2":"type-post","3":"status-publish","4":"format-standard","5":"has-post-thumbnail","7":"category-f1","8":"tag-f1","9":"tag-formula-1","10":"tag-formula1","11":"tag-formule-1","12":"tag-formule1","13":"tag-fr","14":"tag-france","15":"tag-sports"},"share_on_mastodon":{"url":"https:\/\/pubeurope.com\/@fr\/114923526192494204","error":""},"_links":{"self":[{"href":"https:\/\/www.europesays.com\/fr\/wp-json\/wp\/v2\/posts\/276717","targetHints":{"allow":["GET"]}}],"collection":[{"href":"https:\/\/www.europesays.com\/fr\/wp-json\/wp\/v2\/posts"}],"about":[{"href":"https:\/\/www.europesays.com\/fr\/wp-json\/wp\/v2\/types\/post"}],"author":[{"embeddable":true,"href":"https:\/\/www.europesays.com\/fr\/wp-json\/wp\/v2\/users\/2"}],"replies":[{"embeddable":true,"href":"https:\/\/www.europesays.com\/fr\/wp-json\/wp\/v2\/comments?post=276717"}],"version-history":[{"count":0,"href":"https:\/\/www.europesays.com\/fr\/wp-json\/wp\/v2\/posts\/276717\/revisions"}],"wp:featuredmedia":[{"embeddable":true,"href":"https:\/\/www.europesays.com\/fr\/wp-json\/wp\/v2\/media\/276718"}],"wp:attachment":[{"href":"https:\/\/www.europesays.com\/fr\/wp-json\/wp\/v2\/media?parent=276717"}],"wp:term":[{"taxonomy":"category","embeddable":true,"href":"https:\/\/www.europesays.com\/fr\/wp-json\/wp\/v2\/categories?post=276717"},{"taxonomy":"post_tag","embeddable":true,"href":"https:\/\/www.europesays.com\/fr\/wp-json\/wp\/v2\/tags?post=276717"}],"curies":[{"name":"wp","href":"https:\/\/api.w.org\/{rel}","templated":true}]}}